{"id":86582,"date":"2025-03-21T08:26:41","date_gmt":"2025-03-21T11:26:41","guid":{"rendered":"https:\/\/blogdoeloiltoncajuhy.com.br\/site\/?p=86582"},"modified":"2025-03-21T08:26:43","modified_gmt":"2025-03-21T11:26:43","slug":"projeto-que-facilita-uso-de-verbas-da-saude-por-estados-e-municipios-sera-analisado-pelo-senado","status":"publish","type":"post","link":"https:\/\/blogdoeloiltoncajuhy.com.br\/site\/projeto-que-facilita-uso-de-verbas-da-saude-por-estados-e-municipios-sera-analisado-pelo-senado\/","title":{"rendered":"Projeto que facilita uso de verbas da sa\u00fade por estados e munic\u00edpios ser\u00e1 analisado pelo Senado"},"content":{"rendered":"\n<p class=\"has-medium-font-size\"><strong>Segundo o autor da proposta, deputado Mauro Benevides Filho (PDT \u2013 CE), os recursos que j\u00e1 est\u00e3o nas contas das prefeituras e dos estados totalizam R$ 2 bilh\u00f5es.<\/strong><\/p>\n\n\n\n<p><strong>Por Brasil 61<\/strong><\/p>\n\n\n\n<figure class=\"wp-block-image aligncenter size-full is-resized\"><a href=\"https:\/\/i0.wp.com\/blogdoeloiltoncajuhy.com.br\/site\/wp-content\/uploads\/2023\/08\/sus-saude_7.png\"><img data-recalc-dims=\"1\" fetchpriority=\"high\" decoding=\"async\" width=\"800\" height=\"500\" src=\"https:\/\/i0.wp.com\/blogdoeloiltoncajuhy.com.br\/site\/wp-content\/uploads\/2023\/08\/sus-saude_7.png?resize=800%2C500\" alt=\"\" class=\"wp-image-75981\" style=\"width:691px;height:auto\" srcset=\"https:\/\/i0.wp.com\/blogdoeloiltoncajuhy.com.br\/site\/wp-content\/uploads\/2023\/08\/sus-saude_7.png?w=800&amp;ssl=1 800w, https:\/\/i0.wp.com\/blogdoeloiltoncajuhy.com.br\/site\/wp-content\/uploads\/2023\/08\/sus-saude_7.png?resize=300%2C188&amp;ssl=1 300w, https:\/\/i0.wp.com\/blogdoeloiltoncajuhy.com.br\/site\/wp-content\/uploads\/2023\/08\/sus-saude_7.png?resize=768%2C480&amp;ssl=1 768w\" sizes=\"(max-width: 800px) 100vw, 800px\" \/><\/a><figcaption class=\"wp-element-caption\"><sub>Reprodu\u00e7\u00e3o<\/sub><\/figcaption><\/figure>\n\n\n\n<p>O projeto de lei complementar que permite a estados e munic\u00edpios usarem, at\u00e9 31 de dezembro de 2025, recursos represados antes destinados a procedimentos de sa\u00fade relacionados \u00e0 Covid-19, ser\u00e1 analisado pelo Senado Federal.&nbsp;<\/p>\n\n\n\n<p>A proposta j\u00e1 foi aprovada pela C\u00e2mara dos Deputados no \u00faltimo dia 18 de mar\u00e7o. Segundo o autor da proposta, deputado Mauro Benevides Filho (PDT \u2013 CE), os recursos que j\u00e1 est\u00e3o nas contas das prefeituras e dos estados totalizam R$ 2 bilh\u00f5es.<\/p>\n\n\n\n<p>Pelos termos da mat\u00e9ria, gestores do Sistema \u00danico de Sa\u00fade (SUS) tamb\u00e9m v\u00e3o poder alterar a destina\u00e7\u00e3o de outras verbas repassadas pelo Fundo Nacional de Sa\u00fade (FNS) aos fundos de sa\u00fade locais, sem a necessidade de seguir compromissos aos quais os recursos estavam vinculados.<\/p>\n\n\n\n<p><a href=\"https:\/\/whatsapp.com\/channel\/0029VaAT7tDLI8Yfj5y9Z50Z\"><strong><mark style=\"background-color:rgba(0, 0, 0, 0)\" class=\"has-inline-color has-vivid-red-color\">Siga nosso canal no WhatsApp e veja mais not\u00edcias<\/mark><\/strong><\/a><\/p>\n\n\n\n<p>A medida valer\u00e1 para repasses feitos at\u00e9 o dia 31 de dezembro de 2023, em transfer\u00eancias regulares e autom\u00e1ticas. Na avalia\u00e7\u00e3o do relator da proposta na C\u00e2mara, deputado Hildo Rocha (MDB \u2013 MA), a realoca\u00e7\u00e3o desse dinheiro contribuir\u00e1 para a melhoria dos servi\u00e7os de sa\u00fade.<\/p>\n\n\n\n<p>A primeira vez que o Congresso Nacional autorizou que gestores de sa\u00fade mudassem a destina\u00e7\u00e3o de recursos de anos anteriores &#8211; que normalmente devem voltar ao FNS&nbsp; &#8211; foi em 2020, devido \u00e0 pandemia de Covid-19.&nbsp;<\/p>\n\n\n\n<p>\u00c0 \u00e9poca, a medida foi estendida at\u00e9 2021. No ano seguinte, houve uma nova prorroga\u00e7\u00e3o at\u00e9 o fim de 2023. No ano posterior, uma Lei Complementar estendeu o prazo at\u00e9 dezembro de 2024.<\/p>\n","protected":false},"excerpt":{"rendered":"<p>Segundo o autor da proposta, deputado Mauro Benevides Filho (PDT \u2013 CE), os recursos que j\u00e1 est\u00e3o nas contas das prefeituras e dos estados totalizam R$ 2 bilh\u00f5es. Por Brasil 61 O projeto de lei complementar que permite a estados e munic\u00edpios usarem, at\u00e9 31 de dezembro de 2025, recursos represados antes destinados a procedimentos [&hellip;]<\/p>\n","protected":false},"author":2,"featured_media":75981,"comment_status":"open","ping_status":"open","sticky":false,"template":"","format":"standard","meta":{"_acf_changed":false,"_monsterinsights_skip_tracking":false,"_monsterinsights_sitenote_active":false,"_monsterinsights_sitenote_note":"","_monsterinsights_sitenote_category":0,"_jetpack_memberships_contains_paid_content":false,"footnotes":"","jetpack_publicize_message":"","jetpack_publicize_feature_enabled":true,"jetpack_social_post_already_shared":true,"jetpack_social_options":{"image_generator_settings":{"template":"highway","default_image_id":0,"font":"","enabled":false},"version":2}},"categories":[7],"tags":[],"class_list":["post-86582","post","type-post","status-publish","format-standard","has-post-thumbnail","hentry","category-saude"],"acf":[],"jetpack_publicize_connections":[],"jetpack_featured_media_url":"https:\/\/i0.wp.com\/blogdoeloiltoncajuhy.com.br\/site\/wp-content\/uploads\/2023\/08\/sus-saude_7.png?fit=800%2C500&ssl=1","jetpack_sharing_enabled":true,"publishpress_future_workflow_manual_trigger":{"enabledWorkflows":[]},"_links":{"self":[{"href":"https:\/\/blogdoeloiltoncajuhy.com.br\/site\/wp-json\/wp\/v2\/posts\/86582","targetHints":{"allow":["GET"]}}],"collection":[{"href":"https:\/\/blogdoeloiltoncajuhy.com.br\/site\/wp-json\/wp\/v2\/posts"}],"about":[{"href":"https:\/\/blogdoeloiltoncajuhy.com.br\/site\/wp-json\/wp\/v2\/types\/post"}],"author":[{"embeddable":true,"href":"https:\/\/blogdoeloiltoncajuhy.com.br\/site\/wp-json\/wp\/v2\/users\/2"}],"replies":[{"embeddable":true,"href":"https:\/\/blogdoeloiltoncajuhy.com.br\/site\/wp-json\/wp\/v2\/comments?post=86582"}],"version-history":[{"count":1,"href":"https:\/\/blogdoeloiltoncajuhy.com.br\/site\/wp-json\/wp\/v2\/posts\/86582\/revisions"}],"predecessor-version":[{"id":86583,"href":"https:\/\/blogdoeloiltoncajuhy.com.br\/site\/wp-json\/wp\/v2\/posts\/86582\/revisions\/86583"}],"wp:featuredmedia":[{"embeddable":true,"href":"https:\/\/blogdoeloiltoncajuhy.com.br\/site\/wp-json\/wp\/v2\/media\/75981"}],"wp:attachment":[{"href":"https:\/\/blogdoeloiltoncajuhy.com.br\/site\/wp-json\/wp\/v2\/media?parent=86582"}],"wp:term":[{"taxonomy":"category","embeddable":true,"href":"https:\/\/blogdoeloiltoncajuhy.com.br\/site\/wp-json\/wp\/v2\/categories?post=86582"},{"taxonomy":"post_tag","embeddable":true,"href":"https:\/\/blogdoeloiltoncajuhy.com.br\/site\/wp-json\/wp\/v2\/tags?post=86582"}],"curies":[{"name":"wp","href":"https:\/\/api.w.org\/{rel}","templated":true}]}}