{"id":86566,"date":"2025-03-20T16:39:14","date_gmt":"2025-03-20T19:39:14","guid":{"rendered":"https:\/\/blogdoeloiltoncajuhy.com.br\/site\/?p=86566"},"modified":"2025-03-20T16:40:41","modified_gmt":"2025-03-20T19:40:41","slug":"ex-prefeito-de-bonfim-representa-secretaria-estadual-em-reuniao-do-pacto-bahia-pela-saude","status":"publish","type":"post","link":"https:\/\/blogdoeloiltoncajuhy.com.br\/site\/ex-prefeito-de-bonfim-representa-secretaria-estadual-em-reuniao-do-pacto-bahia-pela-saude\/","title":{"rendered":"Ex-prefeito de Bonfim representa secret\u00e1ria estadual em reuni\u00e3o do Pacto Bahia pela Sa\u00fade"},"content":{"rendered":"\n<p class=\"has-medium-font-size\"><strong>Entre os objetivos do pacto est\u00e1 a redu\u00e7\u00e3o da mortalidade infantil e neonatal.<\/strong><\/p>\n\n\n\n<p><strong>Por Blog do Eloilton Cajuhy \u2013 BEC<\/strong><\/p>\n\n\n\n<figure class=\"wp-block-image aligncenter size-full is-resized\"><a href=\"https:\/\/i0.wp.com\/blogdoeloiltoncajuhy.com.br\/site\/wp-content\/uploads\/2025\/03\/GOVBA_Reuniao-Pacto-pela-saude_200325.jpeg?ssl=1\"><img data-recalc-dims=\"1\" fetchpriority=\"high\" decoding=\"async\" width=\"760\" height=\"570\" src=\"https:\/\/i0.wp.com\/blogdoeloiltoncajuhy.com.br\/site\/wp-content\/uploads\/2025\/03\/GOVBA_Reuniao-Pacto-pela-saude_200325.jpeg?resize=760%2C570&#038;ssl=1\" alt=\"\" class=\"wp-image-86567\" style=\"width:691px;height:auto\" srcset=\"https:\/\/i0.wp.com\/blogdoeloiltoncajuhy.com.br\/site\/wp-content\/uploads\/2025\/03\/GOVBA_Reuniao-Pacto-pela-saude_200325.jpeg?w=760&amp;ssl=1 760w, https:\/\/i0.wp.com\/blogdoeloiltoncajuhy.com.br\/site\/wp-content\/uploads\/2025\/03\/GOVBA_Reuniao-Pacto-pela-saude_200325.jpeg?resize=300%2C225&amp;ssl=1 300w\" sizes=\"(max-width: 760px) 100vw, 760px\" \/><\/a><figcaption class=\"wp-element-caption\"><sub>Foto: GOVBA<\/sub><\/figcaption><\/figure>\n\n\n\n<p>Nesta quinta-feira (20), o ex-prefeito de Senhor do Bonfim, Carlos Brasileiro, representou a secret\u00e1ria de A\u00e7\u00e3o e Desenvolvimento do estado, Fabya Reis, na reuni\u00e3o do <strong>Pacto Bahia pela Sa\u00fade<\/strong>, uma iniciativa do governador Jer\u00f4nimo Rodrigues que ser\u00e1 coordenado pela secret\u00e1ria de Sa\u00fade, Roberta Santana.<\/p>\n\n\n\n<p>O pacto conta com a participa\u00e7\u00e3o diversa e efetiva de representantes do governo estadual &#8211; SEADES, SEPROMI, SERIN, SJDH), do Tribunal de Justi\u00e7a, Minist\u00e9rio P\u00fablico, Defensoria P\u00fablica, COEGEMAS e Assembleia Legislativa.<\/p>\n\n\n\n<p><strong><mark style=\"background-color:rgba(0, 0, 0, 0)\" class=\"has-inline-color has-black-color\">Dentre v\u00e1rias a\u00e7\u00f5es do Pacto Bahia pela Sa\u00fade, destacam-se:<\/mark><\/strong><\/p>\n\n\n\n<ul class=\"wp-block-list\">\n<li>Redu\u00e7\u00e3o da mortalidade infantil e neonatal;<\/li>\n\n\n\n<li>Redu\u00e7\u00e3o da mortalidade de parturientes;<\/li>\n\n\n\n<li>Amplia\u00e7\u00e3o de 87,1% para 90% o atendimento em at\u00e9 72h de pacientes da Regula\u00e7\u00e3o;<\/li>\n\n\n\n<li>Implanta\u00e7\u00e3o nas UPAS do atendimento por telemedicina, para melhorar o atendimento e reduzir o tempo de espera do paciente;<\/li>\n\n\n\n<li>Criar Comit\u00ea Permanente de Preven\u00e7\u00e3o aos acidentes automobil\u00edsticos com a participa\u00e7\u00e3o do DETRAN, PM, PRF, SEC e UPB, visando a redu\u00e7\u00e3o de acidentes com mortes e atendimentos ortop\u00e9dicos;<\/li>\n\n\n\n<li>Garantir a implanta\u00e7\u00e3o do Programa de Aten\u00e7\u00e3o \u00e0 Pessoa com Defici\u00eancia (autismo, s\u00edndrome de down, visual, auditiva, f\u00edsica e intelectual);<\/li>\n\n\n\n<li>Promover a\u00e7\u00e3o estruturada e integrada de apoio \u00e0 pessoa com defici\u00eancia, no \u00e2mbito escolar, a partir de a\u00e7\u00f5es articuladas, envolvendo as secretarias de Sa\u00fade, Educa\u00e7\u00e3o, Assist\u00eancia Social e de Esportes, \u00f3rg\u00e3os n\u00e3o governamentais e comunidade;<\/li>\n\n\n\n<li>Construir 27 novos Centros de Aten\u00e7\u00e3o Psicossocial (CAPS).<\/li>\n<\/ul>\n\n\n\n<p><\/p>\n\n\n\n<p>&#8220;Parabenizamos o governador Jer\u00f4nimo Rodrigues, a secret\u00e1ria Roberta Santana e todos os envolvidos nesse pacto, que trar\u00e1 melhorias significativas no atendimento e na sa\u00fade de baianas e baianos&#8221;, disse Brasileiro, assessor da secretaria de A\u00e7\u00e3o e Desenvolvimento Social (Seades).<\/p>\n\n\n\n<p><a href=\"https:\/\/whatsapp.com\/channel\/0029VaAT7tDLI8Yfj5y9Z50Z\"><strong><mark style=\"background-color:rgba(0, 0, 0, 0)\" class=\"has-inline-color has-vivid-red-color\">Siga nosso canal no WhatsApp e veja mais not\u00edcias<\/mark><\/strong><\/a><\/p>\n","protected":false},"excerpt":{"rendered":"<p>Entre os objetivos do pacto est\u00e1 a redu\u00e7\u00e3o da mortalidade infantil e neonatal. Por Blog do Eloilton Cajuhy \u2013 BEC Nesta quinta-feira (20), o ex-prefeito de Senhor do Bonfim, Carlos Brasileiro, representou a secret\u00e1ria de A\u00e7\u00e3o e Desenvolvimento do estado, Fabya Reis, na reuni\u00e3o do Pacto Bahia pela Sa\u00fade, uma iniciativa do governador Jer\u00f4nimo Rodrigues [&hellip;]<\/p>\n","protected":false},"author":2,"featured_media":86567,"comment_status":"open","ping_status":"open","sticky":false,"template":"","format":"standard","meta":{"_acf_changed":false,"_monsterinsights_skip_tracking":false,"_monsterinsights_sitenote_active":false,"_monsterinsights_sitenote_note":"","_monsterinsights_sitenote_category":0,"_jetpack_memberships_contains_paid_content":false,"footnotes":"","jetpack_publicize_message":"","jetpack_publicize_feature_enabled":true,"jetpack_social_post_already_shared":true,"jetpack_social_options":{"image_generator_settings":{"template":"highway","default_image_id":0,"font":"","enabled":false},"version":2}},"categories":[3],"tags":[],"class_list":["post-86566","post","type-post","status-publish","format-standard","has-post-thumbnail","hentry","category-politica"],"acf":[],"jetpack_publicize_connections":[],"jetpack_featured_media_url":"https:\/\/i0.wp.com\/blogdoeloiltoncajuhy.com.br\/site\/wp-content\/uploads\/2025\/03\/GOVBA_Reuniao-Pacto-pela-saude_200325.jpeg?fit=760%2C570&ssl=1","jetpack_sharing_enabled":true,"publishpress_future_workflow_manual_trigger":{"enabledWorkflows":[]},"_links":{"self":[{"href":"https:\/\/blogdoeloiltoncajuhy.com.br\/site\/wp-json\/wp\/v2\/posts\/86566","targetHints":{"allow":["GET"]}}],"collection":[{"href":"https:\/\/blogdoeloiltoncajuhy.com.br\/site\/wp-json\/wp\/v2\/posts"}],"about":[{"href":"https:\/\/blogdoeloiltoncajuhy.com.br\/site\/wp-json\/wp\/v2\/types\/post"}],"author":[{"embeddable":true,"href":"https:\/\/blogdoeloiltoncajuhy.com.br\/site\/wp-json\/wp\/v2\/users\/2"}],"replies":[{"embeddable":true,"href":"https:\/\/blogdoeloiltoncajuhy.com.br\/site\/wp-json\/wp\/v2\/comments?post=86566"}],"version-history":[{"count":2,"href":"https:\/\/blogdoeloiltoncajuhy.com.br\/site\/wp-json\/wp\/v2\/posts\/86566\/revisions"}],"predecessor-version":[{"id":86569,"href":"https:\/\/blogdoeloiltoncajuhy.com.br\/site\/wp-json\/wp\/v2\/posts\/86566\/revisions\/86569"}],"wp:featuredmedia":[{"embeddable":true,"href":"https:\/\/blogdoeloiltoncajuhy.com.br\/site\/wp-json\/wp\/v2\/media\/86567"}],"wp:attachment":[{"href":"https:\/\/blogdoeloiltoncajuhy.com.br\/site\/wp-json\/wp\/v2\/media?parent=86566"}],"wp:term":[{"taxonomy":"category","embeddable":true,"href":"https:\/\/blogdoeloiltoncajuhy.com.br\/site\/wp-json\/wp\/v2\/categories?post=86566"},{"taxonomy":"post_tag","embeddable":true,"href":"https:\/\/blogdoeloiltoncajuhy.com.br\/site\/wp-json\/wp\/v2\/tags?post=86566"}],"curies":[{"name":"wp","href":"https:\/\/api.w.org\/{rel}","templated":true}]}}