{"id":86560,"date":"2025-03-20T15:59:47","date_gmt":"2025-03-20T18:59:47","guid":{"rendered":"https:\/\/blogdoeloiltoncajuhy.com.br\/site\/?p=86560"},"modified":"2025-03-20T15:59:48","modified_gmt":"2025-03-20T18:59:48","slug":"ministro-do-stj-faz-piada-com-agilidade-de-baianos-durante-sessao-e-governador-pede-respeito-nao-aceitarei-que-tentem-reduzir","status":"publish","type":"post","link":"https:\/\/blogdoeloiltoncajuhy.com.br\/site\/ministro-do-stj-faz-piada-com-agilidade-de-baianos-durante-sessao-e-governador-pede-respeito-nao-aceitarei-que-tentem-reduzir\/","title":{"rendered":"Ministro do STJ faz piada com &#8216;agilidade&#8217; de baianos durante sess\u00e3o e governador pede respeito: &#8216;n\u00e3o aceitarei que tentem reduzir&#8217;"},"content":{"rendered":"\n<p class=\"has-medium-font-size\"><strong>Fala que foi alvo de cr\u00edticas na internet e do governador da Bahia, Jer\u00f4nimo Rodrigues (PT), aconteceu ap\u00f3s um magistrado revelar dores no joelho.<\/strong><\/p>\n\n\n\n<p><strong>Por g1 BA<\/strong><\/p>\n\n\n\n<figure class=\"wp-block-image aligncenter size-full\"><a href=\"https:\/\/i0.wp.com\/blogdoeloiltoncajuhy.com.br\/site\/wp-content\/uploads\/2025\/03\/Ministro-do-STJ-faz-piada-com-agilidade-de-baianos-%E2%80%94-Foto-Reproducao-Redes-Sociais.jpeg?ssl=1\"><img data-recalc-dims=\"1\" fetchpriority=\"high\" decoding=\"async\" width=\"720\" height=\"405\" src=\"https:\/\/i0.wp.com\/blogdoeloiltoncajuhy.com.br\/site\/wp-content\/uploads\/2025\/03\/Ministro-do-STJ-faz-piada-com-agilidade-de-baianos-%E2%80%94-Foto-Reproducao-Redes-Sociais.jpeg?resize=720%2C405&#038;ssl=1\" alt=\"\" class=\"wp-image-86561\" srcset=\"https:\/\/i0.wp.com\/blogdoeloiltoncajuhy.com.br\/site\/wp-content\/uploads\/2025\/03\/Ministro-do-STJ-faz-piada-com-agilidade-de-baianos-%E2%80%94-Foto-Reproducao-Redes-Sociais.jpeg?w=720&amp;ssl=1 720w, https:\/\/i0.wp.com\/blogdoeloiltoncajuhy.com.br\/site\/wp-content\/uploads\/2025\/03\/Ministro-do-STJ-faz-piada-com-agilidade-de-baianos-%E2%80%94-Foto-Reproducao-Redes-Sociais.jpeg?resize=300%2C169&amp;ssl=1 300w\" sizes=\"(max-width: 720px) 100vw, 720px\" \/><\/a><figcaption class=\"wp-element-caption\"><sub>Ministro do STJ faz piada com &#8216;agilidade&#8217; de baianos \u2014 Foto: Reprodu\u00e7\u00e3o\/Redes Sociais<\/sub><\/figcaption><\/figure>\n\n\n\n<p>O ministro Jo\u00e3o Ot\u00e1vio de Noronha fez uma piada sobre a \u201cagilidade de baianos\u201d ao jogarem basquete, durante uma sess\u00e3o da Quarta Turma do Superior Tribunal de Justi\u00e7a (STJ), na ter\u00e7a-feira (18).<\/p>\n\n\n\n<p>A fala, que foi alvo de cr\u00edticas na internet e pelo governador da Bahia, Jer\u00f4nimo Rodrigues (PT), aconteceu ap\u00f3s o magistrado Raul Ara\u00fajo revelar que sentia dores no joelho ap\u00f3s praticar o esporte.<\/p>\n\n\n\n<blockquote class=\"wp-block-quote is-layout-flow wp-block-quote-is-layout-flow\">\n<p><strong><mark style=\"background-color:rgba(0, 0, 0, 0)\" class=\"has-inline-color has-black-color\">\u201cVoc\u00ea j\u00e1 sabe, n\u00e9? Baiano que joga basquete. Dizem que o baiano \u00e9 t\u00e3o \u00e1gil, t\u00e3o \u00e1gil, que quando joga basquete, ele arremessa a bola na sexta e ela s\u00f3 cai no s\u00e1bado\u201c, disse Jo\u00e3o Ot\u00e1vio de Noronha.<\/mark><\/strong><\/p>\n<\/blockquote>\n\n\n\n<p>Ap\u00f3s a piada de Jo\u00e3o Ot\u00e1vio de Noronha, os outros ministros riram e ele pediu desculpas.<\/p>\n\n\n\n<blockquote class=\"wp-block-quote is-layout-flow wp-block-quote-is-layout-flow\">\n<p><strong><mark style=\"background-color:rgba(0, 0, 0, 0)\" class=\"has-inline-color has-black-color\">\u201cOs baianos que me perdoem, tenho uma simpatia enorme pela Bahia. N\u00e3o me expulsem de l\u00e1 porque eu adoro acaraj\u00e9\u201d, finalizou.<\/mark><\/strong><\/p>\n<\/blockquote>\n\n\n\n<p><a href=\"https:\/\/whatsapp.com\/channel\/0029VaAT7tDLI8Yfj5y9Z50Z\"><strong><mark style=\"background-color:rgba(0, 0, 0, 0)\" class=\"has-inline-color has-vivid-red-color\">Siga nosso canal no WhatsApp e veja mais not\u00edcias<\/mark><\/strong><\/a><\/p>\n\n\n\n<p>Nenhum dos ministros \u00e9 baiano. O magistrado Jo\u00e3o Ot\u00e1vio de Noronha, que fez a piada, \u00e9 natural de Tr\u00eas Cora\u00e7\u00f5es, em Minas Gerais; Marco Buzzi, de Timb\u00f3, Santa Catarina; Raul Ara\u00fajo, de Fortaleza; Maria Isabel Galloti, do Rio de Janeiro; e o ministro Antonio Carlos Ferreira, de S\u00e3o Paulo.<\/p>\n\n\n\n<p>Tamb\u00e9m participaram da sess\u00e3o a secret\u00e1ria da Quarta Turma, Teresa Basevi, e a subprocuradora-geral da Rep\u00fablica, Maria Soares Camelo.<\/p>\n\n\n\n<p>O <strong>g1<\/strong> entrou em contato com o STJ, mas n\u00e3o recebeu resposta at\u00e9 a \u00faltima atualiza\u00e7\u00e3o desta reportagem.<\/p>\n\n\n\n<h4 class=\"wp-block-heading\"><strong><mark style=\"background-color:rgba(0, 0, 0, 0)\" class=\"has-inline-color has-black-color\">Governador pediu respeito<\/mark><\/strong><\/h4>\n\n\n\n<p>Em publica\u00e7\u00e3o nas redes sociais, na noite de quarta-feira (19), o governador Jer\u00f4nimo Rodrigues expressou indigna\u00e7\u00e3o sobre o comportamento do ministro.<\/p>\n\n\n\n<p>De acordo com Jer\u00f4nimo, a fala n\u00e3o pode ser considerada apenas uma piada de mau gosto.<\/p>\n\n\n\n<blockquote class=\"wp-block-quote is-layout-flow wp-block-quote-is-layout-flow\">\n<p><strong><mark style=\"background-color:rgba(0, 0, 0, 0)\" class=\"has-inline-color has-black-color\">\u201c\u00c9 xenofobia pura. \u00c9 estarrecedor ouvir, em pleno 2025, uma autoridade reproduzir um estere\u00f3tipo preconceituoso contra o povo baiano\u201d.<\/mark><\/strong><\/p>\n<\/blockquote>\n\n\n\n<p>O governador disse ainda que tem o compromisso em defender a Bahia e o povo baiano.<\/p>\n\n\n\n<p>\u201cSempre defenderei meu estado e n\u00e3o aceitarei que tentem reduzir a Bahia a uma vis\u00e3o superficial e distorcida. Nosso povo \u00e9 inteligente, trabalhador, competente e dedicado. N\u00e3o vamos normalizar esse tipo de discurso. Respeite a Bahia\u201d, finalizou Jer\u00f4nimo.<\/p>\n","protected":false},"excerpt":{"rendered":"<p>Fala que foi alvo de cr\u00edticas na internet e do governador da Bahia, Jer\u00f4nimo Rodrigues (PT), aconteceu ap\u00f3s um magistrado revelar dores no joelho. Por g1 BA O ministro Jo\u00e3o Ot\u00e1vio de Noronha fez uma piada sobre a \u201cagilidade de baianos\u201d ao jogarem basquete, durante uma sess\u00e3o da Quarta Turma do Superior Tribunal de Justi\u00e7a [&hellip;]<\/p>\n","protected":false},"author":2,"featured_media":86561,"comment_status":"open","ping_status":"open","sticky":false,"template":"","format":"standard","meta":{"_acf_changed":false,"_monsterinsights_skip_tracking":false,"_monsterinsights_sitenote_active":false,"_monsterinsights_sitenote_note":"","_monsterinsights_sitenote_category":0,"_jetpack_memberships_contains_paid_content":false,"footnotes":"","jetpack_publicize_message":"","jetpack_publicize_feature_enabled":true,"jetpack_social_post_already_shared":true,"jetpack_social_options":{"image_generator_settings":{"template":"highway","default_image_id":0,"font":"","enabled":false},"version":2}},"categories":[1],"tags":[],"class_list":["post-86560","post","type-post","status-publish","format-standard","has-post-thumbnail","hentry","category-noticias"],"acf":[],"jetpack_publicize_connections":[],"jetpack_featured_media_url":"https:\/\/i0.wp.com\/blogdoeloiltoncajuhy.com.br\/site\/wp-content\/uploads\/2025\/03\/Ministro-do-STJ-faz-piada-com-agilidade-de-baianos-%E2%80%94-Foto-Reproducao-Redes-Sociais.jpeg?fit=720%2C405&ssl=1","jetpack_sharing_enabled":true,"publishpress_future_workflow_manual_trigger":{"enabledWorkflows":[]},"_links":{"self":[{"href":"https:\/\/blogdoeloiltoncajuhy.com.br\/site\/wp-json\/wp\/v2\/posts\/86560","targetHints":{"allow":["GET"]}}],"collection":[{"href":"https:\/\/blogdoeloiltoncajuhy.com.br\/site\/wp-json\/wp\/v2\/posts"}],"about":[{"href":"https:\/\/blogdoeloiltoncajuhy.com.br\/site\/wp-json\/wp\/v2\/types\/post"}],"author":[{"embeddable":true,"href":"https:\/\/blogdoeloiltoncajuhy.com.br\/site\/wp-json\/wp\/v2\/users\/2"}],"replies":[{"embeddable":true,"href":"https:\/\/blogdoeloiltoncajuhy.com.br\/site\/wp-json\/wp\/v2\/comments?post=86560"}],"version-history":[{"count":1,"href":"https:\/\/blogdoeloiltoncajuhy.com.br\/site\/wp-json\/wp\/v2\/posts\/86560\/revisions"}],"predecessor-version":[{"id":86562,"href":"https:\/\/blogdoeloiltoncajuhy.com.br\/site\/wp-json\/wp\/v2\/posts\/86560\/revisions\/86562"}],"wp:featuredmedia":[{"embeddable":true,"href":"https:\/\/blogdoeloiltoncajuhy.com.br\/site\/wp-json\/wp\/v2\/media\/86561"}],"wp:attachment":[{"href":"https:\/\/blogdoeloiltoncajuhy.com.br\/site\/wp-json\/wp\/v2\/media?parent=86560"}],"wp:term":[{"taxonomy":"category","embeddable":true,"href":"https:\/\/blogdoeloiltoncajuhy.com.br\/site\/wp-json\/wp\/v2\/categories?post=86560"},{"taxonomy":"post_tag","embeddable":true,"href":"https:\/\/blogdoeloiltoncajuhy.com.br\/site\/wp-json\/wp\/v2\/tags?post=86560"}],"curies":[{"name":"wp","href":"https:\/\/api.w.org\/{rel}","templated":true}]}}