{"id":86556,"date":"2025-03-20T15:38:44","date_gmt":"2025-03-20T18:38:44","guid":{"rendered":"https:\/\/blogdoeloiltoncajuhy.com.br\/site\/?p=86556"},"modified":"2025-03-20T15:39:24","modified_gmt":"2025-03-20T18:39:24","slug":"dia-mundial-da-sindrome-de-down-incentiva-debate-sobre-desafios-de-quem-tem-essa-condicao","status":"publish","type":"post","link":"https:\/\/blogdoeloiltoncajuhy.com.br\/site\/dia-mundial-da-sindrome-de-down-incentiva-debate-sobre-desafios-de-quem-tem-essa-condicao\/","title":{"rendered":"Dia Mundial da S\u00edndrome de Down incentiva debate sobre desafios de quem tem essa condi\u00e7\u00e3o"},"content":{"rendered":"\n<p><strong>Blog do Eloilton Cajuhy \u2013 BEC<\/strong><\/p>\n\n\n\n<figure class=\"wp-block-image aligncenter size-full\"><a href=\"https:\/\/i0.wp.com\/blogdoeloiltoncajuhy.com.br\/site\/wp-content\/uploads\/2025\/03\/Sindrome-de-Down_20-3-2025_Dasa-Genomica.com_.jpeg?ssl=1\"><img data-recalc-dims=\"1\" fetchpriority=\"high\" decoding=\"async\" width=\"720\" height=\"455\" src=\"https:\/\/i0.wp.com\/blogdoeloiltoncajuhy.com.br\/site\/wp-content\/uploads\/2025\/03\/Sindrome-de-Down_20-3-2025_Dasa-Genomica.com_.jpeg?resize=720%2C455&#038;ssl=1\" alt=\"\" class=\"wp-image-86557\" srcset=\"https:\/\/i0.wp.com\/blogdoeloiltoncajuhy.com.br\/site\/wp-content\/uploads\/2025\/03\/Sindrome-de-Down_20-3-2025_Dasa-Genomica.com_.jpeg?w=720&amp;ssl=1 720w, https:\/\/i0.wp.com\/blogdoeloiltoncajuhy.com.br\/site\/wp-content\/uploads\/2025\/03\/Sindrome-de-Down_20-3-2025_Dasa-Genomica.com_.jpeg?resize=300%2C190&amp;ssl=1 300w\" sizes=\"(max-width: 720px) 100vw, 720px\" \/><\/a><figcaption class=\"wp-element-caption\"><sub>Foto: Reprodu\u00e7\u00e3o \/ Dasa Genomica.com<\/sub><\/figcaption><\/figure>\n\n\n\n<p>Reconhecido pela ONU desde 2012, o <strong><mark style=\"background-color:rgba(0, 0, 0, 0)\" class=\"has-inline-color has-black-color\">Dia Mundial da S\u00edndrome de Down \u00e9 celebrado em 21 de mar\u00e7o<\/mark><\/strong>, ou &#8220;dia 21 do m\u00eas 3&#8221;, uma refer\u00eancia \u00e0 altera\u00e7\u00e3o gen\u00e9tica que causa esse quadro. Uma pessoa geralmente tem 46 cromossomos, divididos em 23 pares. Mas quem tem s\u00edndrome de Down possui um cromossomo extra no par 21. Assim, existem 3 cromossomos onde deveriam existir dois.<\/p>\n\n\n\n<p>Estudos indicam que o risco dessa altera\u00e7\u00e3o gen\u00e9tica, chamada de &#8220;trissomia&#8221; e que ocorre em 95% dos casos, aumenta em gesta\u00e7\u00f5es de mulheres acima dos 35 anos, tornando-se mais significativo ap\u00f3s os 40.<\/p>\n\n\n\n<p><a href=\"https:\/\/whatsapp.com\/channel\/0029VaAT7tDLI8Yfj5y9Z50Z\"><strong><mark style=\"background-color:rgba(0, 0, 0, 0)\" class=\"has-inline-color has-vivid-red-color\">Siga nosso canal no WhatsApp e veja mais not\u00edcias<\/mark><\/strong><\/a><\/p>\n\n\n\n<p>A professora Maria Teresinha Cardoso, especialista em Pediatria e Gen\u00e9tica na Universidade Cat\u00f3lica de Bras\u00edlia, destaca a import\u00e2ncia do acompanhamento multiprofissional em todas as fases da vida de quem tem s\u00edndrome de Down. Ela explica que a melhor compreens\u00e3o da Medicina em rela\u00e7\u00e3o \u00e0 s\u00edndrome permite identificar se um paciente tem, por exemplo, mais chance de desenvolver a doen\u00e7a de Alzheimer.<\/p>\n\n\n\n<blockquote class=\"wp-block-quote is-layout-flow wp-block-quote-is-layout-flow\">\n<p class=\"has-medium-font-size\"><strong><mark style=\"background-color:rgba(0, 0, 0, 0)\" class=\"has-inline-color has-black-color\">&#8220;Riscos ao longo da vida, existem e existem marcadores biol\u00f3gicos, principalmente para um quadro de dem\u00eancia precoce devido \u00e0 associa\u00e7\u00e3o entre s\u00edndrome de Down e doen\u00e7a de Alzheimer. Ent\u00e3o, esses biomarcadores s\u00e3o sangu\u00edneos, ent\u00e3o \u00e9 f\u00e1cil o acompanhamento para que haja um diagn\u00f3stico e tratamento precoce desses pacientes dando qualidade de vida&#8221;, diz a especialista.<\/mark><\/strong><\/p>\n<\/blockquote>\n\n\n\n<p>J\u00e1 no campo jur\u00eddico, a advogada Laura Brito, especialista em Direito de Fam\u00edlia e das Sucess\u00f5es, ressalta que, apesar dos avan\u00e7os na legisla\u00e7\u00e3o, os desafios para quem tem s\u00edndrome de Down persistem devido a barreiras estruturais na sociedade:<\/p>\n\n\n\n<p>&#8220;O estatuto da pessoa com defici\u00eancia, ele nos mostra que o que traz dificuldades de inclus\u00e3o para as pessoas com defici\u00eancia, n\u00e3o \u00e9 a defici\u00eancia das pessoas, mas sim as barreiras que s\u00e3o colocadas pela sociedade, dentre as quais eu denoto aqui a barreira atitudinal, por exemplo, que \u00e9 justamente a atitude das pessoas da sociedade que dificultam a inclus\u00e3o, que dificulta uma viv\u00eancia plena das pessoas com defici\u00eancia. Ent\u00e3o no Brasil n\u00f3s temos uma legisla\u00e7\u00e3o bastante contempor\u00e2nea bastante arrojada, mas ainda temos um longo caminho de educa\u00e7\u00e3o&#8221;, pontua Laura Brito.<\/p>\n\n\n\n<p>A advogada tamb\u00e9m esclarece que o termo \u201cguarda\u201d se aplica a crian\u00e7as e adolescentes, deixando de existir ap\u00f3s os 18 anos. Para adultos com defici\u00eancia intelectual, que \u00e9 o caso de quem tem s\u00edndrome de Down, a rela\u00e7\u00e3o jur\u00eddica deve ser estabelecida por curatela ou declara\u00e7\u00e3o de depend\u00eancia econ\u00f4mica, evitando a infantiliza\u00e7\u00e3o dessas pessoas.<\/p>\n","protected":false},"excerpt":{"rendered":"<p>Blog do Eloilton Cajuhy \u2013 BEC Reconhecido pela ONU desde 2012, o Dia Mundial da S\u00edndrome de Down \u00e9 celebrado em 21 de mar\u00e7o, ou &#8220;dia 21 do m\u00eas 3&#8221;, uma refer\u00eancia \u00e0 altera\u00e7\u00e3o gen\u00e9tica que causa esse quadro. Uma pessoa geralmente tem 46 cromossomos, divididos em 23 pares. Mas quem tem s\u00edndrome de Down [&hellip;]<\/p>\n","protected":false},"author":2,"featured_media":86557,"comment_status":"open","ping_status":"open","sticky":false,"template":"","format":"standard","meta":{"_acf_changed":false,"_monsterinsights_skip_tracking":false,"_monsterinsights_sitenote_active":false,"_monsterinsights_sitenote_note":"","_monsterinsights_sitenote_category":0,"_jetpack_memberships_contains_paid_content":false,"footnotes":"","jetpack_publicize_message":"","jetpack_publicize_feature_enabled":true,"jetpack_social_post_already_shared":false,"jetpack_social_options":{"image_generator_settings":{"template":"highway","enabled":false},"version":2}},"categories":[7],"tags":[],"class_list":["post-86556","post","type-post","status-publish","format-standard","has-post-thumbnail","hentry","category-saude"],"acf":[],"jetpack_publicize_connections":[],"jetpack_featured_media_url":"https:\/\/i0.wp.com\/blogdoeloiltoncajuhy.com.br\/site\/wp-content\/uploads\/2025\/03\/Sindrome-de-Down_20-3-2025_Dasa-Genomica.com_.jpeg?fit=720%2C455&ssl=1","jetpack_sharing_enabled":true,"publishpress_future_workflow_manual_trigger":{"enabledWorkflows":[]},"_links":{"self":[{"href":"https:\/\/blogdoeloiltoncajuhy.com.br\/site\/wp-json\/wp\/v2\/posts\/86556","targetHints":{"allow":["GET"]}}],"collection":[{"href":"https:\/\/blogdoeloiltoncajuhy.com.br\/site\/wp-json\/wp\/v2\/posts"}],"about":[{"href":"https:\/\/blogdoeloiltoncajuhy.com.br\/site\/wp-json\/wp\/v2\/types\/post"}],"author":[{"embeddable":true,"href":"https:\/\/blogdoeloiltoncajuhy.com.br\/site\/wp-json\/wp\/v2\/users\/2"}],"replies":[{"embeddable":true,"href":"https:\/\/blogdoeloiltoncajuhy.com.br\/site\/wp-json\/wp\/v2\/comments?post=86556"}],"version-history":[{"count":2,"href":"https:\/\/blogdoeloiltoncajuhy.com.br\/site\/wp-json\/wp\/v2\/posts\/86556\/revisions"}],"predecessor-version":[{"id":86559,"href":"https:\/\/blogdoeloiltoncajuhy.com.br\/site\/wp-json\/wp\/v2\/posts\/86556\/revisions\/86559"}],"wp:featuredmedia":[{"embeddable":true,"href":"https:\/\/blogdoeloiltoncajuhy.com.br\/site\/wp-json\/wp\/v2\/media\/86557"}],"wp:attachment":[{"href":"https:\/\/blogdoeloiltoncajuhy.com.br\/site\/wp-json\/wp\/v2\/media?parent=86556"}],"wp:term":[{"taxonomy":"category","embeddable":true,"href":"https:\/\/blogdoeloiltoncajuhy.com.br\/site\/wp-json\/wp\/v2\/categories?post=86556"},{"taxonomy":"post_tag","embeddable":true,"href":"https:\/\/blogdoeloiltoncajuhy.com.br\/site\/wp-json\/wp\/v2\/tags?post=86556"}],"curies":[{"name":"wp","href":"https:\/\/api.w.org\/{rel}","templated":true}]}}