{"id":86553,"date":"2025-03-20T08:38:52","date_gmt":"2025-03-20T11:38:52","guid":{"rendered":"https:\/\/blogdoeloiltoncajuhy.com.br\/site\/?p=86553"},"modified":"2025-03-20T08:38:54","modified_gmt":"2025-03-20T11:38:54","slug":"conselho-permite-que-farmaceuticos-prescrevam-medicamentos-entidades-medicas-apontam-ilegalidade","status":"publish","type":"post","link":"https:\/\/blogdoeloiltoncajuhy.com.br\/site\/conselho-permite-que-farmaceuticos-prescrevam-medicamentos-entidades-medicas-apontam-ilegalidade\/","title":{"rendered":"Conselho permite que farmac\u00eauticos prescrevam medicamentos; entidades m\u00e9dicas apontam ilegalidade"},"content":{"rendered":"\n<p class=\"has-medium-font-size\"><strong>Associa\u00e7\u00f5es m\u00e9dicas falam em &#8220;banaliza\u00e7\u00e3o do atendimento m\u00e9dico&#8221;. Conselho Federal de Farm\u00e1cia (CFF) j\u00e1 teve resolu\u00e7\u00e3o com teor semelhante derrubada pela Justi\u00e7a do Distrito Federal.<\/strong><\/p>\n\n\n\n<p><strong>Por g1<\/strong><\/p>\n\n\n\n<figure class=\"wp-block-image aligncenter size-full\"><a href=\"https:\/\/i0.wp.com\/blogdoeloiltoncajuhy.com.br\/site\/wp-content\/uploads\/2025\/03\/Farmacia-Farmaceutico-Adobe-Stock.jpeg?ssl=1\"><img data-recalc-dims=\"1\" fetchpriority=\"high\" decoding=\"async\" width=\"720\" height=\"480\" src=\"https:\/\/i0.wp.com\/blogdoeloiltoncajuhy.com.br\/site\/wp-content\/uploads\/2025\/03\/Farmacia-Farmaceutico-Adobe-Stock.jpeg?resize=720%2C480&#038;ssl=1\" alt=\"\" class=\"wp-image-86554\" srcset=\"https:\/\/i0.wp.com\/blogdoeloiltoncajuhy.com.br\/site\/wp-content\/uploads\/2025\/03\/Farmacia-Farmaceutico-Adobe-Stock.jpeg?w=720&amp;ssl=1 720w, https:\/\/i0.wp.com\/blogdoeloiltoncajuhy.com.br\/site\/wp-content\/uploads\/2025\/03\/Farmacia-Farmaceutico-Adobe-Stock.jpeg?resize=300%2C200&amp;ssl=1 300w\" sizes=\"(max-width: 720px) 100vw, 720px\" \/><\/a><figcaption class=\"wp-element-caption\"><sub>\u2018Absolutamente ilegal\u2019, diz CFM sobre resolu\u00e7\u00e3o do Conselho Federal de Farm\u00e1cia que permite prescri\u00e7\u00e3o de medicamentos por farmac\u00eauticos \u2014 Foto: Adobe Stock<\/sub><\/figcaption><\/figure>\n\n\n\n<p>O Conselho Federal de Farm\u00e1cia (CFF) publicou uma resolu\u00e7\u00e3o que autoriza farmac\u00eauticos a prescrever medicamentos, incluindo aqueles que exigem receita m\u00e9dica. A nova norma foi divulgada no Di\u00e1rio Oficial de segunda-feira (17).<\/p>\n\n\n\n<p>A medida gerou rea\u00e7\u00e3o de associa\u00e7\u00f5es m\u00e9dicas <strong><em>(leia mais abaixo)<\/em><\/strong>, que questionam a capacita\u00e7\u00e3o dos farmac\u00eauticos para a fun\u00e7\u00e3o. Elas afirmam que o tema ser\u00e1 alvo de processos judiciais. Os m\u00e9dicos alegam que a forma\u00e7\u00e3o do farmac\u00eautico n\u00e3o tem as disciplinas que existem no curso de medicina, como o exame cl\u00ednico e a interpreta\u00e7\u00e3o dos exames.<\/p>\n\n\n\n<p>Entre outros pontos, a resolu\u00e7\u00e3o n\u00famero 5 do CFF de 20\/02\/2025 permite que o farmac\u00eautico:<\/p>\n\n\n\n<ul class=\"wp-block-list\">\n<li>prescreva medicamentos (incluindo os de venda sob prescri\u00e7\u00e3o);<\/li>\n\n\n\n<li>renove &#8220;prescri\u00e7\u00f5es previamente emitidas por outros profissionais de sa\u00fade legalmente habilitados&#8221;;<\/li>\n\n\n\n<li>fa\u00e7a exame f\u00edsico de sinais e sintomas, realize, solicite e interprete exames para avalia\u00e7\u00e3o da efetividade do tratamento.<\/li>\n<\/ul>\n\n\n\n<p><\/p>\n\n\n\n<h4 class=\"wp-block-heading\"><strong><mark style=\"background-color:rgba(0, 0, 0, 0)\" class=\"has-inline-color has-black-color\">Antes, disputa judicial sobre prescri\u00e7\u00e3o<\/mark><\/strong><\/h4>\n\n\n\n<p>A nova resolu\u00e7\u00e3o do CFF foi publicada poucos meses ap\u00f3s uma decis\u00e3o da 17\u00aa Vara Federal Civil da Justi\u00e7a no Distrito Federal contra outra norma do CFF sobre o mesmo tema.<\/p>\n\n\n\n<p>A Justi\u00e7a do DF declarou ilegal a resolu\u00e7\u00e3o 586\/2013 que permitia que farmac\u00eauticos receitassem medicamentos e outros produtos que n\u00e3o exigiam prescri\u00e7\u00e3o m\u00e9dica.<\/p>\n\n\n\n<p>O <strong>g1<\/strong> buscou posicionamento do Conselho Federal de Farm\u00e1cia (CFF) sobre as cr\u00edticas de entidades m\u00e9dicas, mas n\u00e3o obteve retorno at\u00e9 a mais recente atualiza\u00e7\u00e3o desta reportagem.<\/p>\n\n\n\n<h4 class=\"wp-block-heading\"><strong><mark style=\"background-color:rgba(0, 0, 0, 0)\" class=\"has-inline-color has-black-color\">Rea\u00e7\u00e3o das entidades m\u00e9dicas<\/mark><\/strong><\/h4>\n\n\n\n<p>O conselheiro do Conselho Federal de Medicina Francisco Eduardo Cardoso afirmou ao <strong>g1<\/strong> que a resolu\u00e7\u00e3o \u00e9 &#8220;absolutamente ilegal&#8221;.<\/p>\n\n\n\n<p>\u201cDeveriam ter vergonha de publicar uma resolu\u00e7\u00e3o como essa. Eles v\u00e3o ter que responder na Justi\u00e7a por editarem uma resolu\u00e7\u00e3o ilegal e que coloca em risco a sa\u00fade da popula\u00e7\u00e3o&#8221;, diz Cardoso.<\/p>\n\n\n\n<p>Na vis\u00e3o do representante dos m\u00e9dicos, o CFF n\u00e3o pode legislar sobre prescri\u00e7\u00e3o, diagn\u00f3sticos e consulta m\u00e9dica.<\/p>\n\n\n\n<blockquote class=\"wp-block-quote is-layout-flow wp-block-quote-is-layout-flow\">\n<p class=\"has-medium-font-size\"><strong><mark style=\"background-color:rgba(0, 0, 0, 0)\" class=\"has-inline-color has-black-color\">&#8220;O farmac\u00eautico n\u00e3o tem compet\u00eancia legal e t\u00e9cnica para isso. \u00c9 um ato de prevarica\u00e7\u00e3o. Eles j\u00e1 tentaram isso no passado e a Justi\u00e7a negou. E isso ser\u00e1 levado novamente \u00e0 Justi\u00e7a. O argumento de que eles entendem de rem\u00e9dios \u00e9 insuficiente. S\u00e3o compet\u00eancias complementares\u201d, afirma Cardoso.<\/mark><\/strong><\/p>\n<\/blockquote>\n\n\n\n<p>A Associa\u00e7\u00e3o Paulista de Medicina (APM) fala em &#8220;silenciosa invas\u00e3o de profissionais n\u00e3o habilitados no ato m\u00e9dico&#8221; e manifesta preocupa\u00e7\u00e3o com medida do CFF.<\/p>\n\n\n\n<p>Em nota, a APM afirma que a prescri\u00e7\u00e3o de medicamentos \u00e9 fundamental para a seguran\u00e7a e efic\u00e1cia dos tratamentos, pois envolve a orienta\u00e7\u00e3o detalhada de um m\u00e9dico sobre quais medicamentos um paciente deve tomar, em que dose, com que frequ\u00eancia e por quanto tempo.<\/p>\n\n\n\n<p>A APM destaca que o m\u00e9dico cursa a faculdade por seis anos e depois ainda faz de tr\u00eas a seis anos de resid\u00eancia para se formar e poder estabelecer o diagn\u00f3stico e a terap\u00eautica com seguran\u00e7a.<\/p>\n\n\n\n<p>\u201cEsta seguran\u00e7a vem com a hist\u00f3ria cl\u00ednica inicial seguida de um minucioso exame f\u00edsico. Mesmo assim, muitas vezes \u00e9 necess\u00e1rio a solicita\u00e7\u00e3o de exames complementares para que a prescri\u00e7\u00e3o possa ser feita ap\u00f3s um diagn\u00f3stico adequado. O farmac\u00eautico n\u00e3o tem esta forma\u00e7\u00e3o e, portanto, n\u00e3o tem a compet\u00eancia exigida para prescrever qualquer medicamento. Pode sim e deve indicar substituto para determinada droga, alertar sobre eventuais efeitos colaterais e intera\u00e7\u00f5es medicamentosas\u201d, informa a associa\u00e7\u00e3o.<\/p>\n\n\n\n<p><a href=\"https:\/\/whatsapp.com\/channel\/0029VaAT7tDLI8Yfj5y9Z50Z\"><strong><mark style=\"background-color:rgba(0, 0, 0, 0)\" class=\"has-inline-color has-vivid-red-color\">Siga nosso canal no WhatsApp e veja mais not\u00edcias<\/mark><\/strong><\/a><\/p>\n\n\n\n<p>\u201cA prescri\u00e7\u00e3o m\u00e9dica \u00e9 o final da consulta m\u00e9dica. Portanto, h\u00e1 necessidade de voc\u00ea fazer uma hist\u00f3ria cl\u00ednica do paciente. H\u00e1 necessidade de voc\u00ea fazer um exame f\u00edsico completo. E muitas vezes, mesmo com isto tudo, voc\u00ea chega em suposi\u00e7\u00f5es. Voc\u00ea n\u00e3o chega no diagn\u00f3stico. Voc\u00ea precisa de exames complementares para chegar no diagn\u00f3stico. E a partir do diagn\u00f3stico que voc\u00ea vai fazer a prescri\u00e7\u00e3o. Eu acho que todos os profissionais de sa\u00fade s\u00e3o importantes, mas cada um tem que estar dentro da sua \u00e1rea de atua\u00e7\u00e3o\u201d, afirma o presidente da APM, Ant\u00f4nio Jos\u00e9 Gon\u00e7alves.<\/p>\n\n\n\n<h4 class=\"wp-block-heading\"><strong><mark style=\"background-color:rgba(0, 0, 0, 0)\" class=\"has-inline-color has-black-color\">O que diz a resolu\u00e7\u00e3o do Conselho Federal de Farm\u00e1cia<\/mark><\/strong><\/h4>\n\n\n\n<p>O artigo 3\u00b0 da resolu\u00e7\u00e3o n\u00famero 5 do CFF de 20\/02\/2025 determina que, para estabelecer o perfil farmacoterap\u00eautico do paciente, o farmac\u00eautico est\u00e1 autorizado a:<\/p>\n\n\n\n<ul class=\"wp-block-list\">\n<li>prescrever medicamentos, incluindo os de venda sob prescri\u00e7\u00e3o;<\/li>\n<\/ul>\n\n\n\n<ul class=\"wp-block-list\">\n<li>renovar prescri\u00e7\u00f5es previamente emitidas por outros profissionais de sa\u00fade legalmente habilitados;<\/li>\n<\/ul>\n\n\n\n<ul class=\"wp-block-list\">\n<li>prescrever medicamentos em atendimento \u00e0 pessoa sob risco de morte iminente;<\/li>\n<\/ul>\n\n\n\n<ul class=\"wp-block-list\">\n<li>Os medicamentos categorizados sob prescri\u00e7\u00e3o somente poder\u00e3o ser prescritos pelo farmac\u00eautico que possua Registro de Qualifica\u00e7\u00e3o de Especialista (RQE) em Farm\u00e1cia Cl\u00ednica.<\/li>\n<\/ul>\n\n\n\n<p><\/p>\n\n\n\n<p>O artigo 4\u00ba da resolu\u00e7\u00e3o informa ainda que &#8220;no \u00e2mbito da atividade cl\u00ednica do farmac\u00eautico&#8221; a an\u00e1lise da situa\u00e7\u00e3o do paciente vai permitir que o profissional:<\/p>\n\n\n\n<ul class=\"wp-block-list\">\n<li>Colete dados por meio da anamnese farmac\u00eautica<\/li>\n<\/ul>\n\n\n\n<ul class=\"wp-block-list\">\n<li>Fa\u00e7a exame f\u00edsico com a verifica\u00e7\u00e3o dos sinais e sintomas<\/li>\n<\/ul>\n\n\n\n<ul class=\"wp-block-list\">\n<li>Realize, solicite e interprete exames para avalia\u00e7\u00e3o da efetividade do tratamento<\/li>\n<\/ul>\n","protected":false},"excerpt":{"rendered":"<p>Associa\u00e7\u00f5es m\u00e9dicas falam em &#8220;banaliza\u00e7\u00e3o do atendimento m\u00e9dico&#8221;. Conselho Federal de Farm\u00e1cia (CFF) j\u00e1 teve resolu\u00e7\u00e3o com teor semelhante derrubada pela Justi\u00e7a do Distrito Federal. Por g1 O Conselho Federal de Farm\u00e1cia (CFF) publicou uma resolu\u00e7\u00e3o que autoriza farmac\u00eauticos a prescrever medicamentos, incluindo aqueles que exigem receita m\u00e9dica. A nova norma foi divulgada no Di\u00e1rio [&hellip;]<\/p>\n","protected":false},"author":2,"featured_media":86554,"comment_status":"open","ping_status":"open","sticky":false,"template":"","format":"standard","meta":{"_acf_changed":false,"_monsterinsights_skip_tracking":false,"_monsterinsights_sitenote_active":false,"_monsterinsights_sitenote_note":"","_monsterinsights_sitenote_category":0,"_jetpack_memberships_contains_paid_content":false,"footnotes":"","jetpack_publicize_message":"","jetpack_publicize_feature_enabled":true,"jetpack_social_post_already_shared":true,"jetpack_social_options":{"image_generator_settings":{"template":"highway","default_image_id":0,"font":"","enabled":false},"version":2}},"categories":[7],"tags":[],"class_list":["post-86553","post","type-post","status-publish","format-standard","has-post-thumbnail","hentry","category-saude"],"acf":[],"jetpack_publicize_connections":[],"jetpack_featured_media_url":"https:\/\/i0.wp.com\/blogdoeloiltoncajuhy.com.br\/site\/wp-content\/uploads\/2025\/03\/Farmacia-Farmaceutico-Adobe-Stock.jpeg?fit=720%2C480&ssl=1","jetpack_sharing_enabled":true,"publishpress_future_workflow_manual_trigger":{"enabledWorkflows":[]},"_links":{"self":[{"href":"https:\/\/blogdoeloiltoncajuhy.com.br\/site\/wp-json\/wp\/v2\/posts\/86553","targetHints":{"allow":["GET"]}}],"collection":[{"href":"https:\/\/blogdoeloiltoncajuhy.com.br\/site\/wp-json\/wp\/v2\/posts"}],"about":[{"href":"https:\/\/blogdoeloiltoncajuhy.com.br\/site\/wp-json\/wp\/v2\/types\/post"}],"author":[{"embeddable":true,"href":"https:\/\/blogdoeloiltoncajuhy.com.br\/site\/wp-json\/wp\/v2\/users\/2"}],"replies":[{"embeddable":true,"href":"https:\/\/blogdoeloiltoncajuhy.com.br\/site\/wp-json\/wp\/v2\/comments?post=86553"}],"version-history":[{"count":1,"href":"https:\/\/blogdoeloiltoncajuhy.com.br\/site\/wp-json\/wp\/v2\/posts\/86553\/revisions"}],"predecessor-version":[{"id":86555,"href":"https:\/\/blogdoeloiltoncajuhy.com.br\/site\/wp-json\/wp\/v2\/posts\/86553\/revisions\/86555"}],"wp:featuredmedia":[{"embeddable":true,"href":"https:\/\/blogdoeloiltoncajuhy.com.br\/site\/wp-json\/wp\/v2\/media\/86554"}],"wp:attachment":[{"href":"https:\/\/blogdoeloiltoncajuhy.com.br\/site\/wp-json\/wp\/v2\/media?parent=86553"}],"wp:term":[{"taxonomy":"category","embeddable":true,"href":"https:\/\/blogdoeloiltoncajuhy.com.br\/site\/wp-json\/wp\/v2\/categories?post=86553"},{"taxonomy":"post_tag","embeddable":true,"href":"https:\/\/blogdoeloiltoncajuhy.com.br\/site\/wp-json\/wp\/v2\/tags?post=86553"}],"curies":[{"name":"wp","href":"https:\/\/api.w.org\/{rel}","templated":true}]}}