{"id":86550,"date":"2025-03-20T08:09:26","date_gmt":"2025-03-20T11:09:26","guid":{"rendered":"https:\/\/blogdoeloiltoncajuhy.com.br\/site\/?p=86550"},"modified":"2025-03-20T08:09:28","modified_gmt":"2025-03-20T11:09:28","slug":"vereador-de-cidade-baiana-chama-terceirizados-da-prefeitura-de-incompetentes-apos-reclamacoes-por-salario-atrasado","status":"publish","type":"post","link":"https:\/\/blogdoeloiltoncajuhy.com.br\/site\/vereador-de-cidade-baiana-chama-terceirizados-da-prefeitura-de-incompetentes-apos-reclamacoes-por-salario-atrasado\/","title":{"rendered":"Vereador de cidade baiana chama terceirizados da Prefeitura de incompetentes ap\u00f3s reclama\u00e7\u00f5es por sal\u00e1rio atrasado"},"content":{"rendered":"\n<p class=\"has-medium-font-size\"><strong>Situa\u00e7\u00e3o que aconteceu durante uma sess\u00e3o da Casa viralizou nas redes sociais, em Canudos, no norte do estado.<\/strong><\/p>\n\n\n\n<p><strong>Por g1 BA e TV Bahia<\/strong><\/p>\n\n\n\n<figure class=\"wp-block-image aligncenter size-full\"><a href=\"https:\/\/i0.wp.com\/blogdoeloiltoncajuhy.com.br\/site\/wp-content\/uploads\/2025\/03\/Canudos_Vereador-Jose-Raimundo-Reproducao-Redes-Sociais.jpeg?ssl=1\"><img data-recalc-dims=\"1\" fetchpriority=\"high\" decoding=\"async\" width=\"720\" height=\"432\" src=\"https:\/\/i0.wp.com\/blogdoeloiltoncajuhy.com.br\/site\/wp-content\/uploads\/2025\/03\/Canudos_Vereador-Jose-Raimundo-Reproducao-Redes-Sociais.jpeg?resize=720%2C432&#038;ssl=1\" alt=\"\" class=\"wp-image-86551\" srcset=\"https:\/\/i0.wp.com\/blogdoeloiltoncajuhy.com.br\/site\/wp-content\/uploads\/2025\/03\/Canudos_Vereador-Jose-Raimundo-Reproducao-Redes-Sociais.jpeg?w=720&amp;ssl=1 720w, https:\/\/i0.wp.com\/blogdoeloiltoncajuhy.com.br\/site\/wp-content\/uploads\/2025\/03\/Canudos_Vereador-Jose-Raimundo-Reproducao-Redes-Sociais.jpeg?resize=300%2C180&amp;ssl=1 300w\" sizes=\"(max-width: 720px) 100vw, 720px\" \/><\/a><figcaption class=\"wp-element-caption\"><sub>Vereador de cidade baiana chama terceirizados da Prefeitura de incompetentes ap\u00f3s reclama\u00e7\u00f5es por sal\u00e1rio atrasado \u2014 Foto: Reprodu\u00e7\u00e3o\/Redes Sociais<\/sub><\/figcaption><\/figure>\n\n\n\n<p>Uma declara\u00e7\u00e3o dada por um vereador de Canudos, cidade do norte da Bahia, viralizou nas redes sociais e chamou aten\u00e7\u00e3o de moradores na regi\u00e3o, nesta quarta-feira (19).<\/p>\n\n\n\n<p>Durante uma sess\u00e3o na C\u00e2mara Municipal, ocorrida na ter\u00e7a (18), Jos\u00e9 Raimundo (PSD) chamou de &#8216;incompetentes&#8221; funcion\u00e1rios de uma empresa que presta servi\u00e7os para a Prefeitura.<\/p>\n\n\n\n<p>O caso aconteceu depois que uma dessas pessoas, que assistia \u00e0 sess\u00e3o no local, cobrou sal\u00e1rios atrasados de dois meses, referentes a novembro e dezembro do ano passado.<\/p>\n\n\n\n<p>&#8220;Um m\u00eas que atrasou por causa de uma quest\u00e3o da cooperativa, que todo mundo sabe que tem que passar por uma nova licita\u00e7\u00e3o quando vira o ano. Agora, aquele que est\u00e1 tr\u00eas ou quatro meses atrasado, e est\u00e1 comentando, eu chamo de incompetente. Pode ser quem for ele, porque o funcion\u00e1rio que est\u00e1 tr\u00eas, quatro meses, sem receber, ele \u00e9 incompetente. Funcion\u00e1rio que n\u00e3o tem capacidade de estar em outro lugar, que tem que estar s\u00f3 aqui em Canudos&#8221;, disse o vereador.<\/p>\n\n\n\n<p>Procurado pela TV Bahia por telefone, Jos\u00e9 Raimundo confirmou as declara\u00e7\u00f5es, mas, segundo ele, as palavras teriam sido dirigidas a apenas um dos funcion\u00e1rios, porque esse homem teria denunciado a falta do dinheiro em uma r\u00e1dio local.<\/p>\n\n\n\n<p>O vereador refor\u00e7ou que n\u00e3o teve a inten\u00e7\u00e3o de atacar os demais servidores municipais.<\/p>\n\n\n\n<p><a href=\"https:\/\/whatsapp.com\/channel\/0029VaAT7tDLI8Yfj5y9Z50Z\"><strong><mark style=\"background-color:rgba(0, 0, 0, 0)\" class=\"has-inline-color has-vivid-red-color\">Siga nosso canal no WhatsApp e veja mais not\u00edcias<\/mark><\/strong><\/a><\/p>\n","protected":false},"excerpt":{"rendered":"<p>Situa\u00e7\u00e3o que aconteceu durante uma sess\u00e3o da Casa viralizou nas redes sociais, em Canudos, no norte do estado. Por g1 BA e TV Bahia Uma declara\u00e7\u00e3o dada por um vereador de Canudos, cidade do norte da Bahia, viralizou nas redes sociais e chamou aten\u00e7\u00e3o de moradores na regi\u00e3o, nesta quarta-feira (19). Durante uma sess\u00e3o na [&hellip;]<\/p>\n","protected":false},"author":2,"featured_media":86551,"comment_status":"open","ping_status":"open","sticky":false,"template":"","format":"standard","meta":{"_acf_changed":false,"_monsterinsights_skip_tracking":false,"_monsterinsights_sitenote_active":false,"_monsterinsights_sitenote_note":"","_monsterinsights_sitenote_category":0,"_jetpack_memberships_contains_paid_content":false,"footnotes":"","jetpack_publicize_message":"","jetpack_publicize_feature_enabled":true,"jetpack_social_post_already_shared":true,"jetpack_social_options":{"image_generator_settings":{"template":"highway","default_image_id":0,"font":"","enabled":false},"version":2}},"categories":[3],"tags":[],"class_list":["post-86550","post","type-post","status-publish","format-standard","has-post-thumbnail","hentry","category-politica"],"acf":[],"jetpack_publicize_connections":[],"jetpack_featured_media_url":"https:\/\/i0.wp.com\/blogdoeloiltoncajuhy.com.br\/site\/wp-content\/uploads\/2025\/03\/Canudos_Vereador-Jose-Raimundo-Reproducao-Redes-Sociais.jpeg?fit=720%2C432&ssl=1","jetpack_sharing_enabled":true,"publishpress_future_workflow_manual_trigger":{"enabledWorkflows":[]},"_links":{"self":[{"href":"https:\/\/blogdoeloiltoncajuhy.com.br\/site\/wp-json\/wp\/v2\/posts\/86550","targetHints":{"allow":["GET"]}}],"collection":[{"href":"https:\/\/blogdoeloiltoncajuhy.com.br\/site\/wp-json\/wp\/v2\/posts"}],"about":[{"href":"https:\/\/blogdoeloiltoncajuhy.com.br\/site\/wp-json\/wp\/v2\/types\/post"}],"author":[{"embeddable":true,"href":"https:\/\/blogdoeloiltoncajuhy.com.br\/site\/wp-json\/wp\/v2\/users\/2"}],"replies":[{"embeddable":true,"href":"https:\/\/blogdoeloiltoncajuhy.com.br\/site\/wp-json\/wp\/v2\/comments?post=86550"}],"version-history":[{"count":1,"href":"https:\/\/blogdoeloiltoncajuhy.com.br\/site\/wp-json\/wp\/v2\/posts\/86550\/revisions"}],"predecessor-version":[{"id":86552,"href":"https:\/\/blogdoeloiltoncajuhy.com.br\/site\/wp-json\/wp\/v2\/posts\/86550\/revisions\/86552"}],"wp:featuredmedia":[{"embeddable":true,"href":"https:\/\/blogdoeloiltoncajuhy.com.br\/site\/wp-json\/wp\/v2\/media\/86551"}],"wp:attachment":[{"href":"https:\/\/blogdoeloiltoncajuhy.com.br\/site\/wp-json\/wp\/v2\/media?parent=86550"}],"wp:term":[{"taxonomy":"category","embeddable":true,"href":"https:\/\/blogdoeloiltoncajuhy.com.br\/site\/wp-json\/wp\/v2\/categories?post=86550"},{"taxonomy":"post_tag","embeddable":true,"href":"https:\/\/blogdoeloiltoncajuhy.com.br\/site\/wp-json\/wp\/v2\/tags?post=86550"}],"curies":[{"name":"wp","href":"https:\/\/api.w.org\/{rel}","templated":true}]}}