{"id":86541,"date":"2025-03-19T15:18:41","date_gmt":"2025-03-19T18:18:41","guid":{"rendered":"https:\/\/blogdoeloiltoncajuhy.com.br\/site\/?p=86541"},"modified":"2025-03-19T15:18:43","modified_gmt":"2025-03-19T18:18:43","slug":"gusttavo-lima-diz-que-desistiu-de-se-candidatar-a-presidencia-em-2026-meu-objetivo-e-contribuir-de-outras-formas","status":"publish","type":"post","link":"https:\/\/blogdoeloiltoncajuhy.com.br\/site\/gusttavo-lima-diz-que-desistiu-de-se-candidatar-a-presidencia-em-2026-meu-objetivo-e-contribuir-de-outras-formas\/","title":{"rendered":"Gusttavo Lima diz que desistiu de se candidatar \u00e0 Presid\u00eancia em 2026: &#8216;Meu objetivo \u00e9 contribuir de outras formas&#8217;"},"content":{"rendered":"\n<p class=\"has-medium-font-size\"><strong>Cantor manifestou inten\u00e7\u00e3o em janeiro, mas n\u00e3o chegou a se filiar a partido. Em uma rede social, ele disse que quer seguir na carreira art\u00edstica e fundar instituto com seu nome.<\/strong><\/p>\n\n\n\n<p><strong>Por g1 \u2014 <\/strong>Bras\u00edlia<\/p>\n\n\n\n<figure class=\"wp-block-image aligncenter size-full is-resized\"><a href=\"https:\/\/i0.wp.com\/blogdoeloiltoncajuhy.com.br\/site\/wp-content\/uploads\/2025\/03\/Gusttavo-Lima_190325-g1.jpeg?ssl=1\"><img data-recalc-dims=\"1\" fetchpriority=\"high\" decoding=\"async\" width=\"409\" height=\"439\" src=\"https:\/\/i0.wp.com\/blogdoeloiltoncajuhy.com.br\/site\/wp-content\/uploads\/2025\/03\/Gusttavo-Lima_190325-g1.jpeg?resize=409%2C439&#038;ssl=1\" alt=\"\" class=\"wp-image-86542\" style=\"width:519px;height:auto\" srcset=\"https:\/\/i0.wp.com\/blogdoeloiltoncajuhy.com.br\/site\/wp-content\/uploads\/2025\/03\/Gusttavo-Lima_190325-g1.jpeg?w=409&amp;ssl=1 409w, https:\/\/i0.wp.com\/blogdoeloiltoncajuhy.com.br\/site\/wp-content\/uploads\/2025\/03\/Gusttavo-Lima_190325-g1.jpeg?resize=279%2C300&amp;ssl=1 279w\" sizes=\"(max-width: 409px) 100vw, 409px\" \/><\/a><figcaption class=\"wp-element-caption\"><sub>Gusttavo Lima anuncia que n\u00e3o ser\u00e1 candidato em 2026 &#8211; Foto: Reprodu\u00e7\u00e3o \/ g1<\/sub><\/figcaption><\/figure>\n\n\n\n<p>O cantor e empres\u00e1rio Gusttavo Lima anunciou em uma rede social nesta quarta-feira (19) que desistiu da inten\u00e7\u00e3o de disputar a presid\u00eancia da Rep\u00fablica em 2026 \u2013 anunciada pelo pr\u00f3prio artista no come\u00e7o do ano.<\/p>\n\n\n\n<blockquote class=\"wp-block-quote is-layout-flow wp-block-quote-is-layout-flow\">\n<p class=\"has-medium-font-size\"><strong><mark style=\"background-color:rgba(0, 0, 0, 0)\" class=\"has-inline-color has-black-color\">&#8220;Quero ressaltar aqui que n\u00e3o sou candidato a nenhum cargo pol\u00edtico. Em 2026 n\u00e3o serei candidato, nem mesmo sou filiado a qualquer partido. Manifestei sim meu interesse de ajudar o Brasil, meu objetivo \u00e9 contribuir de outras formas, sem a necessidade de concorrer ou ser eleito para algum cargo p\u00fablico&#8221;, disse.<\/mark><\/strong><\/p>\n<\/blockquote>\n\n\n\n<p>No v\u00eddeo, Gusttavo Lima diz que quer continuar na carreira art\u00edstica e no empreendedorismo. E que, mesmo sem disputar cargo pol\u00edtico, quer seguir ajudando a sociedade.<\/p>\n\n\n\n<blockquote class=\"wp-block-quote is-layout-flow wp-block-quote-is-layout-flow\">\n<p class=\"has-medium-font-size\"><strong><mark style=\"background-color:rgba(0, 0, 0, 0)\" class=\"has-inline-color has-black-color\">&#8220;Quero que todos os lados pol\u00edticos se unam em prol do povo brasileiro. Vou continuar minha carreira art\u00edstica e tocar os meus neg\u00f3cios. Tenho muitas novidades para voc\u00eas que acompanham a vida do beb\u00ea aqui. Pe\u00e7o a todos que respeitem a minha opini\u00e3o, a minha posi\u00e7\u00e3o e a minha imparcialidade&#8221;, seguiu.<\/mark><\/strong><\/p>\n<\/blockquote>\n\n\n\n<figure class=\"wp-block-image aligncenter size-full\"><a href=\"https:\/\/i0.wp.com\/blogdoeloiltoncajuhy.com.br\/site\/wp-content\/uploads\/2025\/03\/Gusttavo-Lima_190325-Reproducao-Instagram.jpeg?ssl=1\"><img data-recalc-dims=\"1\" decoding=\"async\" width=\"781\" height=\"409\" src=\"https:\/\/i0.wp.com\/blogdoeloiltoncajuhy.com.br\/site\/wp-content\/uploads\/2025\/03\/Gusttavo-Lima_190325-Reproducao-Instagram.jpeg?resize=781%2C409&#038;ssl=1\" alt=\"\" class=\"wp-image-86543\" srcset=\"https:\/\/i0.wp.com\/blogdoeloiltoncajuhy.com.br\/site\/wp-content\/uploads\/2025\/03\/Gusttavo-Lima_190325-Reproducao-Instagram.jpeg?w=781&amp;ssl=1 781w, https:\/\/i0.wp.com\/blogdoeloiltoncajuhy.com.br\/site\/wp-content\/uploads\/2025\/03\/Gusttavo-Lima_190325-Reproducao-Instagram.jpeg?resize=300%2C157&amp;ssl=1 300w, https:\/\/i0.wp.com\/blogdoeloiltoncajuhy.com.br\/site\/wp-content\/uploads\/2025\/03\/Gusttavo-Lima_190325-Reproducao-Instagram.jpeg?resize=768%2C402&amp;ssl=1 768w\" sizes=\"(max-width: 781px) 100vw, 781px\" \/><\/a><figcaption class=\"wp-element-caption\"><sub>Gusttavo Lima faz v\u00eddeo no Instagram e afirma que desistiu de se candidatar \u00e0 Presid\u00eancia \u2014 Foto: Reprodu\u00e7\u00e3o\/Instagram<\/sub><\/figcaption><\/figure>\n\n\n\n<p>No come\u00e7o de janeiro, Gusttavo Lima disse ao portal &#8220;Metr\u00f3poles&#8221; que se candidataria e que o Brasil &#8220;precisa de alternativas&#8221;. Na \u00e9poca, tentou rejeitar r\u00f3tulos de direita e esquerda \u2013 embora tenha manifestado, anteriormente, apoio a pol\u00edticos de direita como Jair Bolsonaro e Pablo Mar\u00e7al.<\/p>\n\n\n\n<p>No v\u00eddeo em que anuncia a desist\u00eancia, com mais de 5 minutos, Gusttavo Lima diz que quer seguir com trabalhos sociais e sonha em &#8220;criar Instituto Gusttavo Lima, o Instituto Embaixador&#8221; \u2013 em refer\u00eancia ao apelido que recebeu ap\u00f3s ser considerado o embaixador da Festa do Pe\u00e3o de Barretos (SP).<\/p>\n\n\n\n<blockquote class=\"wp-block-quote is-layout-flow wp-block-quote-is-layout-flow\">\n<p class=\"has-medium-font-size\"><strong><mark style=\"background-color:rgba(0, 0, 0, 0)\" class=\"has-inline-color has-black-color\">&#8220;Durante muito tempo, eu nunca manifestei nada sobre pol\u00edtica, muito menos em ser candidato a algum cargo. Mas, como todo brasileiro, tamb\u00e9m quis, n\u00e9? Com menos desigualdade para todo mundo. Prova disso foram todas as a\u00e7\u00f5es sociais, todos os meus esfor\u00e7os, n\u00e9? Que eu n\u00e3o medi durante esse tempo todo em ajudar milhares e milhares de brasileiros&#8221;, diz o cantor.<\/mark><\/strong><\/p>\n<\/blockquote>\n","protected":false},"excerpt":{"rendered":"<p>Cantor manifestou inten\u00e7\u00e3o em janeiro, mas n\u00e3o chegou a se filiar a partido. Em uma rede social, ele disse que quer seguir na carreira art\u00edstica e fundar instituto com seu nome. Por g1 \u2014 Bras\u00edlia O cantor e empres\u00e1rio Gusttavo Lima anunciou em uma rede social nesta quarta-feira (19) que desistiu da inten\u00e7\u00e3o de disputar [&hellip;]<\/p>\n","protected":false},"author":2,"featured_media":86542,"comment_status":"open","ping_status":"open","sticky":false,"template":"","format":"standard","meta":{"_acf_changed":false,"_monsterinsights_skip_tracking":false,"_monsterinsights_sitenote_active":false,"_monsterinsights_sitenote_note":"","_monsterinsights_sitenote_category":0,"_jetpack_memberships_contains_paid_content":false,"footnotes":"","jetpack_publicize_message":"","jetpack_publicize_feature_enabled":true,"jetpack_social_post_already_shared":true,"jetpack_social_options":{"image_generator_settings":{"template":"highway","default_image_id":0,"font":"","enabled":false},"version":2}},"categories":[3],"tags":[],"class_list":["post-86541","post","type-post","status-publish","format-standard","has-post-thumbnail","hentry","category-politica"],"acf":[],"jetpack_publicize_connections":[],"jetpack_featured_media_url":"https:\/\/i0.wp.com\/blogdoeloiltoncajuhy.com.br\/site\/wp-content\/uploads\/2025\/03\/Gusttavo-Lima_190325-g1.jpeg?fit=409%2C439&ssl=1","jetpack_sharing_enabled":true,"publishpress_future_workflow_manual_trigger":{"enabledWorkflows":[]},"_links":{"self":[{"href":"https:\/\/blogdoeloiltoncajuhy.com.br\/site\/wp-json\/wp\/v2\/posts\/86541","targetHints":{"allow":["GET"]}}],"collection":[{"href":"https:\/\/blogdoeloiltoncajuhy.com.br\/site\/wp-json\/wp\/v2\/posts"}],"about":[{"href":"https:\/\/blogdoeloiltoncajuhy.com.br\/site\/wp-json\/wp\/v2\/types\/post"}],"author":[{"embeddable":true,"href":"https:\/\/blogdoeloiltoncajuhy.com.br\/site\/wp-json\/wp\/v2\/users\/2"}],"replies":[{"embeddable":true,"href":"https:\/\/blogdoeloiltoncajuhy.com.br\/site\/wp-json\/wp\/v2\/comments?post=86541"}],"version-history":[{"count":1,"href":"https:\/\/blogdoeloiltoncajuhy.com.br\/site\/wp-json\/wp\/v2\/posts\/86541\/revisions"}],"predecessor-version":[{"id":86544,"href":"https:\/\/blogdoeloiltoncajuhy.com.br\/site\/wp-json\/wp\/v2\/posts\/86541\/revisions\/86544"}],"wp:featuredmedia":[{"embeddable":true,"href":"https:\/\/blogdoeloiltoncajuhy.com.br\/site\/wp-json\/wp\/v2\/media\/86542"}],"wp:attachment":[{"href":"https:\/\/blogdoeloiltoncajuhy.com.br\/site\/wp-json\/wp\/v2\/media?parent=86541"}],"wp:term":[{"taxonomy":"category","embeddable":true,"href":"https:\/\/blogdoeloiltoncajuhy.com.br\/site\/wp-json\/wp\/v2\/categories?post=86541"},{"taxonomy":"post_tag","embeddable":true,"href":"https:\/\/blogdoeloiltoncajuhy.com.br\/site\/wp-json\/wp\/v2\/tags?post=86541"}],"curies":[{"name":"wp","href":"https:\/\/api.w.org\/{rel}","templated":true}]}}