{"id":86537,"date":"2025-03-19T15:00:44","date_gmt":"2025-03-19T18:00:44","guid":{"rendered":"https:\/\/blogdoeloiltoncajuhy.com.br\/site\/?p=86537"},"modified":"2025-03-19T15:00:46","modified_gmt":"2025-03-19T18:00:46","slug":"mulher-vai-a-delegacia-denunciar-marido-por-agressao-e-e-presa-por-engano-no-rj","status":"publish","type":"post","link":"https:\/\/blogdoeloiltoncajuhy.com.br\/site\/mulher-vai-a-delegacia-denunciar-marido-por-agressao-e-e-presa-por-engano-no-rj\/","title":{"rendered":"Mulher vai a delegacia denunciar marido por agress\u00e3o e \u00e9 presa por engano no RJ"},"content":{"rendered":"\n<p class=\"has-medium-font-size\"><strong>Debora foi confundida com mulher de BH que est\u00e1 foragida e passou tr\u00eas dias na cadeia. Erro s\u00f3 foi reconhecido pela Justi\u00e7a na audi\u00eancia de cust\u00f3dia.<\/strong><\/p>\n\n\n\n<p><strong>Por Guilherme Peixoto, Bruno Pontes, RJ2<\/strong><\/p>\n\n\n\n<figure class=\"wp-block-image aligncenter size-full is-resized\"><a href=\"https:\/\/i0.wp.com\/blogdoeloiltoncajuhy.com.br\/site\/wp-content\/uploads\/2025\/03\/RJ_Mulher-presa-por-engano-g1.jpeg?ssl=1\"><img data-recalc-dims=\"1\" fetchpriority=\"high\" decoding=\"async\" width=\"583\" height=\"367\" src=\"https:\/\/i0.wp.com\/blogdoeloiltoncajuhy.com.br\/site\/wp-content\/uploads\/2025\/03\/RJ_Mulher-presa-por-engano-g1.jpeg?resize=583%2C367&#038;ssl=1\" alt=\"\" class=\"wp-image-86538\" style=\"width:650px;height:auto\" srcset=\"https:\/\/i0.wp.com\/blogdoeloiltoncajuhy.com.br\/site\/wp-content\/uploads\/2025\/03\/RJ_Mulher-presa-por-engano-g1.jpeg?w=583&amp;ssl=1 583w, https:\/\/i0.wp.com\/blogdoeloiltoncajuhy.com.br\/site\/wp-content\/uploads\/2025\/03\/RJ_Mulher-presa-por-engano-g1.jpeg?resize=300%2C189&amp;ssl=1 300w\" sizes=\"(max-width: 583px) 100vw, 583px\" \/><\/a><figcaption class=\"wp-element-caption\"><sub>Mulher \u00e9 agredida por marido, vai \u00e0 delegacia pedir medidas protetivas e \u00e9 presa por engano no RJ &#8211; Foto: Reprodu\u00e7\u00e3o \/ TV Globo<\/sub><\/figcaption><\/figure>\n\n\n\n<p>Uma mulher foi presa por engano no domingo (16) em Petr\u00f3polis, na Regi\u00e3o Serrana do Rio de Janeiro, depois de procurar a delegacia para denunciar o marido por agress\u00e3o e pedir medidas protetivas.<\/p>\n\n\n\n<p><strong><mark style=\"background-color:rgba(0, 0, 0, 0)\" class=\"has-inline-color has-black-color\">Debora Cristina da Silva Damasceno<\/mark><\/strong>, de 42 anos, passou tr\u00eas dias presa e foi liberada nesta ter\u00e7a-feira (18), depois de a Justi\u00e7a reconhecer o erro.<\/p>\n\n\n\n<p>Ela foi confundida com uma mulher procurada por tr\u00e1fico de drogas. Os nomes s\u00e3o quase iguais, mas a foragida da Justi\u00e7a \u00e9 de Minas Gerais, para onde Debora nunca viajou, e oito anos mais nova.<\/p>\n\n\n\n<p>O registro de ocorr\u00eancia indica que Debora chegou machucada \u00e0 delegacia e, mesmo assim, recebeu voz de pris\u00e3o.<\/p>\n\n\n\n<blockquote class=\"wp-block-quote is-layout-flow wp-block-quote-is-layout-flow\">\n<p class=\"has-medium-font-size\"><strong><mark style=\"background-color:rgba(0, 0, 0, 0)\" class=\"has-inline-color has-black-color\">&#8220;Ningu\u00e9m espera que vai na delegacia dar uma queixa e sai algemada&#8221;, afirma Debora. &#8220;Meu ch\u00e3o caiu. Passei um perrengue que n\u00e3o era para mim. Quero minha casa, quero ver minha m\u00e3e, minha v\u00f3 que est\u00e1 com 82 anos desesperada. Foi apavorante&#8221;, diz.<\/mark><\/strong><\/p>\n<\/blockquote>\n\n\n\n<p>O filho ficou indignado com o erro. &#8220;T\u00f4 sentindo uma tristeza forte, uma saudade da minha m\u00e3e, e muito indignado com a Justi\u00e7a&#8221;, desabafou Fabr\u00edcio Damasceno na porta do pres\u00eddio.<\/p>\n\n\n\n<figure class=\"wp-block-image aligncenter size-full\"><a href=\"https:\/\/i0.wp.com\/blogdoeloiltoncajuhy.com.br\/site\/wp-content\/uploads\/2025\/03\/RJ_Mulher-presa-por-engano-Reproducao-TV-Globo.jpeg?ssl=1\"><img data-recalc-dims=\"1\" decoding=\"async\" width=\"773\" height=\"353\" src=\"https:\/\/i0.wp.com\/blogdoeloiltoncajuhy.com.br\/site\/wp-content\/uploads\/2025\/03\/RJ_Mulher-presa-por-engano-Reproducao-TV-Globo.jpeg?resize=773%2C353&#038;ssl=1\" alt=\"\" class=\"wp-image-86539\" srcset=\"https:\/\/i0.wp.com\/blogdoeloiltoncajuhy.com.br\/site\/wp-content\/uploads\/2025\/03\/RJ_Mulher-presa-por-engano-Reproducao-TV-Globo.jpeg?w=773&amp;ssl=1 773w, https:\/\/i0.wp.com\/blogdoeloiltoncajuhy.com.br\/site\/wp-content\/uploads\/2025\/03\/RJ_Mulher-presa-por-engano-Reproducao-TV-Globo.jpeg?resize=300%2C137&amp;ssl=1 300w, https:\/\/i0.wp.com\/blogdoeloiltoncajuhy.com.br\/site\/wp-content\/uploads\/2025\/03\/RJ_Mulher-presa-por-engano-Reproducao-TV-Globo.jpeg?resize=768%2C351&amp;ssl=1 768w\" sizes=\"(max-width: 773px) 100vw, 773px\" \/><\/a><figcaption class=\"wp-element-caption\"><sub>Debora Cristina da Silva Damasceno foi confundida com outra mulher, procurada pela Justi\u00e7a \u2014 Foto: Reprodu\u00e7\u00e3o\/TV Globo<\/sub><\/figcaption><\/figure>\n\n\n\n<h4 class=\"wp-block-heading\"><strong><mark style=\"background-color:rgba(0, 0, 0, 0)\" class=\"has-inline-color has-black-color\">Debora foi presa ap\u00f3s confus\u00e3o com nomes<\/mark><\/strong><\/h4>\n\n\n\n<p>Os policiais checaram o nome de Debora Cristina da Silva Damasceno e encontraram no sistema um mandado de pris\u00e3o por tr\u00e1fico de drogas e associa\u00e7\u00e3o criminosa em nome de Debora Cristina Damasceno.<\/p>\n\n\n\n<p>A fam\u00edlia chegou a apontar para as diferen\u00e7as: a procurada n\u00e3o tem o sobrenome &#8220;da Silva&#8221; e \u00e9 oito anos mais nova.<\/p>\n\n\n\n<p><a href=\"https:\/\/whatsapp.com\/channel\/0029VaAT7tDLI8Yfj5y9Z50Z\"><strong><mark style=\"background-color:rgba(0, 0, 0, 0)\" class=\"has-inline-color has-vivid-red-color\">Siga nosso canal no WhatsApp e veja mais not\u00edcias<\/mark><\/strong><\/a><\/p>\n\n\n\n<p>A filia\u00e7\u00e3o e o endere\u00e7o tamb\u00e9m eram diferentes. A procurada \u00e9 de Belo Horizonte, e o mandado de pris\u00e3o foi expedido em MG, e n\u00e3o no RJ.<\/p>\n\n\n\n<blockquote class=\"wp-block-quote is-layout-flow wp-block-quote-is-layout-flow\">\n<p class=\"has-medium-font-size\"><strong><mark style=\"background-color:rgba(0, 0, 0, 0)\" class=\"has-inline-color has-black-color\">&#8220;Saber que voc\u00ea \u00e9 inocente e est\u00e1 passando por algo que n\u00e3o \u00e9 para voc\u00ea\u2026 Quando falaram o lugar, BH, eu n\u00e3o sei nem como faz para chegar l\u00e1&#8221;, diz Debora.<\/mark><\/strong><\/p>\n<\/blockquote>\n\n\n\n<p>Na audi\u00eancia de cust\u00f3dia, a Justi\u00e7a finalmente identificou o erro e mandou soltar a mulher.<\/p>\n\n\n\n<p>O juiz Alex Quaresma Ravache escreveu que o mandado de pris\u00e3o foi expedido pela comarca de Belo Horizonte e decidiu encaminhar todos os documentos que comprovam o equ\u00edvoco.<\/p>\n\n\n\n<p>A Justi\u00e7a mineira, ent\u00e3o, expediu uma certid\u00e3o confirmando que houve erro ao incluir o sobrenome Silva no mandado de pris\u00e3o contra a Debora de BH e determinou a soltura da presa por engano.<\/p>\n\n\n\n<p>Por causa da burocracia, a mulher s\u00f3 deixou a cadeia por volta das 18h de ter\u00e7a.<\/p>\n\n\n\n<p>A TV Globo procurou o Tribunal de Justi\u00e7a de Minas Gerais, que disse apenas que houve um equ\u00edvoco no mandado de pris\u00e3o.<\/p>\n\n\n\n<p>A Pol\u00edcia Civil disse que apenas cumpriu o mandado que estava no sistema.<\/p>\n\n\n\n<p>Sobre a agress\u00e3o sofrida pela v\u00edtima, a pol\u00edcia afirma que a investiga\u00e7\u00e3o est\u00e1 em andamento e que solicitou medidas protetivas para ela.<\/p>\n","protected":false},"excerpt":{"rendered":"<p>Debora foi confundida com mulher de BH que est\u00e1 foragida e passou tr\u00eas dias na cadeia. Erro s\u00f3 foi reconhecido pela Justi\u00e7a na audi\u00eancia de cust\u00f3dia. Por Guilherme Peixoto, Bruno Pontes, RJ2 Uma mulher foi presa por engano no domingo (16) em Petr\u00f3polis, na Regi\u00e3o Serrana do Rio de Janeiro, depois de procurar a delegacia [&hellip;]<\/p>\n","protected":false},"author":2,"featured_media":86538,"comment_status":"open","ping_status":"open","sticky":false,"template":"","format":"standard","meta":{"_acf_changed":false,"_monsterinsights_skip_tracking":false,"_monsterinsights_sitenote_active":false,"_monsterinsights_sitenote_note":"","_monsterinsights_sitenote_category":0,"_jetpack_memberships_contains_paid_content":false,"footnotes":"","jetpack_publicize_message":"","jetpack_publicize_feature_enabled":true,"jetpack_social_post_already_shared":true,"jetpack_social_options":{"image_generator_settings":{"template":"highway","default_image_id":0,"font":"","enabled":false},"version":2}},"categories":[15],"tags":[],"class_list":["post-86537","post","type-post","status-publish","format-standard","has-post-thumbnail","hentry","category-policia"],"acf":[],"jetpack_publicize_connections":[],"jetpack_featured_media_url":"https:\/\/i0.wp.com\/blogdoeloiltoncajuhy.com.br\/site\/wp-content\/uploads\/2025\/03\/RJ_Mulher-presa-por-engano-g1.jpeg?fit=583%2C367&ssl=1","jetpack_sharing_enabled":true,"publishpress_future_workflow_manual_trigger":{"enabledWorkflows":[]},"_links":{"self":[{"href":"https:\/\/blogdoeloiltoncajuhy.com.br\/site\/wp-json\/wp\/v2\/posts\/86537","targetHints":{"allow":["GET"]}}],"collection":[{"href":"https:\/\/blogdoeloiltoncajuhy.com.br\/site\/wp-json\/wp\/v2\/posts"}],"about":[{"href":"https:\/\/blogdoeloiltoncajuhy.com.br\/site\/wp-json\/wp\/v2\/types\/post"}],"author":[{"embeddable":true,"href":"https:\/\/blogdoeloiltoncajuhy.com.br\/site\/wp-json\/wp\/v2\/users\/2"}],"replies":[{"embeddable":true,"href":"https:\/\/blogdoeloiltoncajuhy.com.br\/site\/wp-json\/wp\/v2\/comments?post=86537"}],"version-history":[{"count":1,"href":"https:\/\/blogdoeloiltoncajuhy.com.br\/site\/wp-json\/wp\/v2\/posts\/86537\/revisions"}],"predecessor-version":[{"id":86540,"href":"https:\/\/blogdoeloiltoncajuhy.com.br\/site\/wp-json\/wp\/v2\/posts\/86537\/revisions\/86540"}],"wp:featuredmedia":[{"embeddable":true,"href":"https:\/\/blogdoeloiltoncajuhy.com.br\/site\/wp-json\/wp\/v2\/media\/86538"}],"wp:attachment":[{"href":"https:\/\/blogdoeloiltoncajuhy.com.br\/site\/wp-json\/wp\/v2\/media?parent=86537"}],"wp:term":[{"taxonomy":"category","embeddable":true,"href":"https:\/\/blogdoeloiltoncajuhy.com.br\/site\/wp-json\/wp\/v2\/categories?post=86537"},{"taxonomy":"post_tag","embeddable":true,"href":"https:\/\/blogdoeloiltoncajuhy.com.br\/site\/wp-json\/wp\/v2\/tags?post=86537"}],"curies":[{"name":"wp","href":"https:\/\/api.w.org\/{rel}","templated":true}]}}