{"id":86532,"date":"2025-03-19T14:12:20","date_gmt":"2025-03-19T17:12:20","guid":{"rendered":"https:\/\/blogdoeloiltoncajuhy.com.br\/site\/?p=86532"},"modified":"2025-03-19T14:13:00","modified_gmt":"2025-03-19T17:13:00","slug":"operacao-da-pf-mira-grupo-suspeito-de-fabricar-e-distribuir-cedulas-falsas-na-bahia","status":"publish","type":"post","link":"https:\/\/blogdoeloiltoncajuhy.com.br\/site\/operacao-da-pf-mira-grupo-suspeito-de-fabricar-e-distribuir-cedulas-falsas-na-bahia\/","title":{"rendered":"Opera\u00e7\u00e3o da PF mira grupo suspeito de fabricar e distribuir c\u00e9dulas falsas na Bahia"},"content":{"rendered":"\n<p class=\"has-medium-font-size\"><strong>Tr\u00eas mandados de busca e apreens\u00e3o foram cumpridos nas cidades de Rio Branco, no Acre, e em Feira de Santana.<\/strong><\/p>\n\n\n\n<p><strong>Por g1 Feira de Santana e regi\u00e3o<\/strong><\/p>\n\n\n\n<figure class=\"wp-block-image aligncenter size-full\"><a href=\"https:\/\/i0.wp.com\/blogdoeloiltoncajuhy.com.br\/site\/wp-content\/uploads\/2025\/03\/PF-2025-03-19_PF.jpeg?ssl=1\"><img data-recalc-dims=\"1\" fetchpriority=\"high\" decoding=\"async\" width=\"720\" height=\"480\" src=\"https:\/\/i0.wp.com\/blogdoeloiltoncajuhy.com.br\/site\/wp-content\/uploads\/2025\/03\/PF-2025-03-19_PF.jpeg?resize=720%2C480&#038;ssl=1\" alt=\"\" class=\"wp-image-86533\" srcset=\"https:\/\/i0.wp.com\/blogdoeloiltoncajuhy.com.br\/site\/wp-content\/uploads\/2025\/03\/PF-2025-03-19_PF.jpeg?w=720&amp;ssl=1 720w, https:\/\/i0.wp.com\/blogdoeloiltoncajuhy.com.br\/site\/wp-content\/uploads\/2025\/03\/PF-2025-03-19_PF.jpeg?resize=300%2C200&amp;ssl=1 300w\" sizes=\"(max-width: 720px) 100vw, 720px\" \/><\/a><figcaption class=\"wp-element-caption\"><sub>Foto: Pol\u00edcia Federal \/ PF<\/sub><\/figcaption><\/figure>\n\n\n\n<p>A Pol\u00edcia Federal deflagrou, na manh\u00e3 desta quarta-feira (19), uma a\u00e7\u00e3o com o objetivo de combater a fabrica\u00e7\u00e3o e distribui\u00e7\u00e3o de c\u00e9dulas falsas. A Opera\u00e7\u00e3o Dracma cumpriu tr\u00eas mandados de busca e apreens\u00e3o nas cidades de Rio Branco, no Acre, e em Feira de Santana, na Bahia.<\/p>\n\n\n\n<p>De acordo com a PF, um grupo criminoso se utilizava das redes sociais para oferecer e distribuir notas falsas para v\u00e1rias cidades do Brasil.<\/p>\n\n\n\n<p>As investiga\u00e7\u00f5es tiveram in\u00edcio a partir da apreens\u00e3o de c\u00e9dulas que eram enviadas atrav\u00e9s dos Correios para Vit\u00f3ria da Conquista, no sudoeste da Bahia, e cidades da regi\u00e3o, nos \u00faltimos dois anos. Ainda conforme a PF, oito pessoas s\u00e3o suspeitas de participarem do grupo criminoso.<\/p>\n\n\n\n<p>Os suspeitos est\u00e3o sujeitos a penas de at\u00e9 15 anos de pris\u00e3o pelos crimes de associa\u00e7\u00e3o criminosa e moeda falsa, informou a Pol\u00edcia Federal.<\/p>\n\n\n\n<figure class=\"wp-block-image aligncenter size-full\"><a href=\"https:\/\/i0.wp.com\/blogdoeloiltoncajuhy.com.br\/site\/wp-content\/uploads\/2025\/03\/Delegacia-da-Policia-Federal-de-Vitoria-da-Conquista-%E2%80%94-Foto-Policia-Federal-2025-03-19.jpeg?ssl=1\"><img data-recalc-dims=\"1\" decoding=\"async\" width=\"720\" height=\"451\" src=\"https:\/\/i0.wp.com\/blogdoeloiltoncajuhy.com.br\/site\/wp-content\/uploads\/2025\/03\/Delegacia-da-Policia-Federal-de-Vitoria-da-Conquista-%E2%80%94-Foto-Policia-Federal-2025-03-19.jpeg?resize=720%2C451&#038;ssl=1\" alt=\"\" class=\"wp-image-86534\" srcset=\"https:\/\/i0.wp.com\/blogdoeloiltoncajuhy.com.br\/site\/wp-content\/uploads\/2025\/03\/Delegacia-da-Policia-Federal-de-Vitoria-da-Conquista-%E2%80%94-Foto-Policia-Federal-2025-03-19.jpeg?w=720&amp;ssl=1 720w, https:\/\/i0.wp.com\/blogdoeloiltoncajuhy.com.br\/site\/wp-content\/uploads\/2025\/03\/Delegacia-da-Policia-Federal-de-Vitoria-da-Conquista-%E2%80%94-Foto-Policia-Federal-2025-03-19.jpeg?resize=300%2C188&amp;ssl=1 300w\" sizes=\"(max-width: 720px) 100vw, 720px\" \/><\/a><figcaption class=\"wp-element-caption\"><sub>Delegacia da Pol\u00edcia Federal de Vit\u00f3ria da Conquista \u2014 Foto: Pol\u00edcia Federal<\/sub><\/figcaption><\/figure>\n\n\n\n<p><a href=\"https:\/\/whatsapp.com\/channel\/0029VaAT7tDLI8Yfj5y9Z50Z\"><strong><mark style=\"background-color:rgba(0, 0, 0, 0)\" class=\"has-inline-color has-vivid-red-color\">Siga nosso canal no WhatsApp e veja mais not\u00edcias<\/mark><\/strong><\/a><\/p>\n","protected":false},"excerpt":{"rendered":"<p>Tr\u00eas mandados de busca e apreens\u00e3o foram cumpridos nas cidades de Rio Branco, no Acre, e em Feira de Santana. Por g1 Feira de Santana e regi\u00e3o A Pol\u00edcia Federal deflagrou, na manh\u00e3 desta quarta-feira (19), uma a\u00e7\u00e3o com o objetivo de combater a fabrica\u00e7\u00e3o e distribui\u00e7\u00e3o de c\u00e9dulas falsas. A Opera\u00e7\u00e3o Dracma cumpriu tr\u00eas [&hellip;]<\/p>\n","protected":false},"author":2,"featured_media":86533,"comment_status":"open","ping_status":"open","sticky":false,"template":"","format":"standard","meta":{"_acf_changed":false,"_monsterinsights_skip_tracking":false,"_monsterinsights_sitenote_active":false,"_monsterinsights_sitenote_note":"","_monsterinsights_sitenote_category":0,"_jetpack_memberships_contains_paid_content":false,"footnotes":"","jetpack_publicize_message":"","jetpack_publicize_feature_enabled":true,"jetpack_social_post_already_shared":true,"jetpack_social_options":{"image_generator_settings":{"template":"highway","default_image_id":0,"font":"","enabled":false},"version":2}},"categories":[15],"tags":[],"class_list":["post-86532","post","type-post","status-publish","format-standard","has-post-thumbnail","hentry","category-policia"],"acf":[],"jetpack_publicize_connections":[],"jetpack_featured_media_url":"https:\/\/i0.wp.com\/blogdoeloiltoncajuhy.com.br\/site\/wp-content\/uploads\/2025\/03\/PF-2025-03-19_PF.jpeg?fit=720%2C480&ssl=1","jetpack_sharing_enabled":true,"publishpress_future_workflow_manual_trigger":{"enabledWorkflows":[]},"_links":{"self":[{"href":"https:\/\/blogdoeloiltoncajuhy.com.br\/site\/wp-json\/wp\/v2\/posts\/86532","targetHints":{"allow":["GET"]}}],"collection":[{"href":"https:\/\/blogdoeloiltoncajuhy.com.br\/site\/wp-json\/wp\/v2\/posts"}],"about":[{"href":"https:\/\/blogdoeloiltoncajuhy.com.br\/site\/wp-json\/wp\/v2\/types\/post"}],"author":[{"embeddable":true,"href":"https:\/\/blogdoeloiltoncajuhy.com.br\/site\/wp-json\/wp\/v2\/users\/2"}],"replies":[{"embeddable":true,"href":"https:\/\/blogdoeloiltoncajuhy.com.br\/site\/wp-json\/wp\/v2\/comments?post=86532"}],"version-history":[{"count":2,"href":"https:\/\/blogdoeloiltoncajuhy.com.br\/site\/wp-json\/wp\/v2\/posts\/86532\/revisions"}],"predecessor-version":[{"id":86536,"href":"https:\/\/blogdoeloiltoncajuhy.com.br\/site\/wp-json\/wp\/v2\/posts\/86532\/revisions\/86536"}],"wp:featuredmedia":[{"embeddable":true,"href":"https:\/\/blogdoeloiltoncajuhy.com.br\/site\/wp-json\/wp\/v2\/media\/86533"}],"wp:attachment":[{"href":"https:\/\/blogdoeloiltoncajuhy.com.br\/site\/wp-json\/wp\/v2\/media?parent=86532"}],"wp:term":[{"taxonomy":"category","embeddable":true,"href":"https:\/\/blogdoeloiltoncajuhy.com.br\/site\/wp-json\/wp\/v2\/categories?post=86532"},{"taxonomy":"post_tag","embeddable":true,"href":"https:\/\/blogdoeloiltoncajuhy.com.br\/site\/wp-json\/wp\/v2\/tags?post=86532"}],"curies":[{"name":"wp","href":"https:\/\/api.w.org\/{rel}","templated":true}]}}