{"id":86523,"date":"2025-03-19T08:15:50","date_gmt":"2025-03-19T11:15:50","guid":{"rendered":"https:\/\/blogdoeloiltoncajuhy.com.br\/site\/?p=86523"},"modified":"2025-03-19T08:15:52","modified_gmt":"2025-03-19T11:15:52","slug":"decreto-que-autoriza-comercio-interestadual-de-leite-ovos-e-mel-pode-ser-um-estimulo-a-formalizacao-na-bahia","status":"publish","type":"post","link":"https:\/\/blogdoeloiltoncajuhy.com.br\/site\/decreto-que-autoriza-comercio-interestadual-de-leite-ovos-e-mel-pode-ser-um-estimulo-a-formalizacao-na-bahia\/","title":{"rendered":"Decreto que autoriza com\u00e9rcio interestadual de leite, ovos e mel pode ser um est\u00edmulo \u00e0 formaliza\u00e7\u00e3o na Bahia"},"content":{"rendered":"\n<p><strong>Blog do Eloilton Cajuhy \u2013 BEC<\/strong><\/p>\n\n\n\n<figure class=\"wp-block-image aligncenter size-full\"><a href=\"https:\/\/i0.wp.com\/blogdoeloiltoncajuhy.com.br\/site\/wp-content\/uploads\/2025\/03\/GOVBA_comercio-de-leite-mel-e-ovos_Ascom-Adab.jpeg?ssl=1\"><img data-recalc-dims=\"1\" fetchpriority=\"high\" decoding=\"async\" width=\"510\" height=\"680\" src=\"https:\/\/i0.wp.com\/blogdoeloiltoncajuhy.com.br\/site\/wp-content\/uploads\/2025\/03\/GOVBA_comercio-de-leite-mel-e-ovos_Ascom-Adab.jpeg?resize=510%2C680&#038;ssl=1\" alt=\"\" class=\"wp-image-86524\" srcset=\"https:\/\/i0.wp.com\/blogdoeloiltoncajuhy.com.br\/site\/wp-content\/uploads\/2025\/03\/GOVBA_comercio-de-leite-mel-e-ovos_Ascom-Adab.jpeg?w=510&amp;ssl=1 510w, https:\/\/i0.wp.com\/blogdoeloiltoncajuhy.com.br\/site\/wp-content\/uploads\/2025\/03\/GOVBA_comercio-de-leite-mel-e-ovos_Ascom-Adab.jpeg?resize=225%2C300&amp;ssl=1 225w\" sizes=\"(max-width: 510px) 100vw, 510px\" \/><\/a><figcaption class=\"wp-element-caption\"><sub>Foto: Ascom\/Adab<\/sub><\/figcaption><\/figure>\n\n\n\n<p>Ap\u00f3s a publica\u00e7\u00e3o do decreto no Di\u00e1rio Oficial da Uni\u00e3o (DOU), que saiu no \u00faltimo dia 14 autorizando o com\u00e9rcio interestadual de leite, mel e ovos, cresce o n\u00famero de empreendimentos baianos que buscam atender \u00e0s exig\u00eancias dos \u00f3rg\u00e3os reguladores para registro no servi\u00e7o de inspe\u00e7\u00e3o estadual, distrital ou municipal.<\/p>\n\n\n\n<p>A Ag\u00eancia de Defesa Agropecu\u00e1ria da Bahia (Adab) estima uma ades\u00e3o significativa, sobretudo das agroind\u00fastrias familiares e de pequeno porte. A medida, em car\u00e1ter excepcional e tempor\u00e1rio, \u00e9 v\u00e1lida para estabelecimentos com cadastro geral ativo no Sistema de Gest\u00e3o de Servi\u00e7os de Inspe\u00e7\u00e3o (e-SISBI).<\/p>\n\n\n\n<p>Para o diretor geral do \u00f3rg\u00e3o, Paulo S\u00e9rgio Luz, o decreto reconhece a qualidade dos produtos regionais e incentiva o desenvolvimento da economia local.<\/p>\n\n\n\n<blockquote class=\"wp-block-quote is-layout-flow wp-block-quote-is-layout-flow\">\n<p class=\"has-medium-font-size\"><strong><mark style=\"background-color:rgba(0, 0, 0, 0)\" class=\"has-inline-color has-black-color\">\u201cA equival\u00eancia das certifica\u00e7\u00f5es do SIE ou SIM ao SISBI garante a amplia\u00e7\u00e3o de mercado, aumento das vendas e o reconhecimento da sua marca. A possibilidade de comercializar em outros estados tamb\u00e9m abre portas para parcerias com distribuidores, supermercados e outros estabelecimentos\u201d, avalia.<\/mark><\/strong><\/p>\n<\/blockquote>\n\n\n\n<p>A autoriza\u00e7\u00e3o \u00e9 v\u00e1lida por um ano e integra o pacote anunciado pelo governo federal para tentar baratear os pre\u00e7os dos alimentos. Segundo o ministro da Agricultura e Pecu\u00e1ria, Carlos F\u00e1varo, os produtos beneficiados pelo decreto n\u00e3o correm nenhum risco de precariza\u00e7\u00e3o sanit\u00e1ria.<\/p>\n\n\n\n<p><a href=\"https:\/\/whatsapp.com\/channel\/0029VaAT7tDLI8Yfj5y9Z50Z\"><strong><mark style=\"background-color:rgba(0, 0, 0, 0)\" class=\"has-inline-color has-vivid-red-color\">Siga nosso canal no WhatsApp e veja mais not\u00edcias<\/mark><\/strong><\/a><\/p>\n","protected":false},"excerpt":{"rendered":"<p>Blog do Eloilton Cajuhy \u2013 BEC Ap\u00f3s a publica\u00e7\u00e3o do decreto no Di\u00e1rio Oficial da Uni\u00e3o (DOU), que saiu no \u00faltimo dia 14 autorizando o com\u00e9rcio interestadual de leite, mel e ovos, cresce o n\u00famero de empreendimentos baianos que buscam atender \u00e0s exig\u00eancias dos \u00f3rg\u00e3os reguladores para registro no servi\u00e7o de inspe\u00e7\u00e3o estadual, distrital ou [&hellip;]<\/p>\n","protected":false},"author":2,"featured_media":86524,"comment_status":"open","ping_status":"open","sticky":false,"template":"","format":"standard","meta":{"_acf_changed":false,"_monsterinsights_skip_tracking":false,"_monsterinsights_sitenote_active":false,"_monsterinsights_sitenote_note":"","_monsterinsights_sitenote_category":0,"_jetpack_memberships_contains_paid_content":false,"footnotes":"","jetpack_publicize_message":"","jetpack_publicize_feature_enabled":true,"jetpack_social_post_already_shared":false,"jetpack_social_options":{"image_generator_settings":{"template":"highway","enabled":false},"version":2}},"categories":[31],"tags":[],"class_list":["post-86523","post","type-post","status-publish","format-standard","has-post-thumbnail","hentry","category-economia"],"acf":[],"jetpack_publicize_connections":[],"jetpack_featured_media_url":"https:\/\/i0.wp.com\/blogdoeloiltoncajuhy.com.br\/site\/wp-content\/uploads\/2025\/03\/GOVBA_comercio-de-leite-mel-e-ovos_Ascom-Adab.jpeg?fit=510%2C680&ssl=1","jetpack_sharing_enabled":true,"publishpress_future_workflow_manual_trigger":{"enabledWorkflows":[]},"_links":{"self":[{"href":"https:\/\/blogdoeloiltoncajuhy.com.br\/site\/wp-json\/wp\/v2\/posts\/86523","targetHints":{"allow":["GET"]}}],"collection":[{"href":"https:\/\/blogdoeloiltoncajuhy.com.br\/site\/wp-json\/wp\/v2\/posts"}],"about":[{"href":"https:\/\/blogdoeloiltoncajuhy.com.br\/site\/wp-json\/wp\/v2\/types\/post"}],"author":[{"embeddable":true,"href":"https:\/\/blogdoeloiltoncajuhy.com.br\/site\/wp-json\/wp\/v2\/users\/2"}],"replies":[{"embeddable":true,"href":"https:\/\/blogdoeloiltoncajuhy.com.br\/site\/wp-json\/wp\/v2\/comments?post=86523"}],"version-history":[{"count":1,"href":"https:\/\/blogdoeloiltoncajuhy.com.br\/site\/wp-json\/wp\/v2\/posts\/86523\/revisions"}],"predecessor-version":[{"id":86525,"href":"https:\/\/blogdoeloiltoncajuhy.com.br\/site\/wp-json\/wp\/v2\/posts\/86523\/revisions\/86525"}],"wp:featuredmedia":[{"embeddable":true,"href":"https:\/\/blogdoeloiltoncajuhy.com.br\/site\/wp-json\/wp\/v2\/media\/86524"}],"wp:attachment":[{"href":"https:\/\/blogdoeloiltoncajuhy.com.br\/site\/wp-json\/wp\/v2\/media?parent=86523"}],"wp:term":[{"taxonomy":"category","embeddable":true,"href":"https:\/\/blogdoeloiltoncajuhy.com.br\/site\/wp-json\/wp\/v2\/categories?post=86523"},{"taxonomy":"post_tag","embeddable":true,"href":"https:\/\/blogdoeloiltoncajuhy.com.br\/site\/wp-json\/wp\/v2\/tags?post=86523"}],"curies":[{"name":"wp","href":"https:\/\/api.w.org\/{rel}","templated":true}]}}