{"id":86520,"date":"2025-03-19T20:30:00","date_gmt":"2025-03-19T23:30:00","guid":{"rendered":"https:\/\/blogdoeloiltoncajuhy.com.br\/site\/?p=86520"},"modified":"2025-03-19T21:07:23","modified_gmt":"2025-03-20T00:07:23","slug":"o-futuro-pertence-a-deus","status":"publish","type":"post","link":"https:\/\/blogdoeloiltoncajuhy.com.br\/site\/o-futuro-pertence-a-deus\/","title":{"rendered":"O futuro pertence a Deus"},"content":{"rendered":"\n<p><strong>Blog do Eloilton Cajuhy \u2013 BEC<\/strong><\/p>\n\n\n\n<figure class=\"wp-block-image aligncenter size-full\"><a href=\"https:\/\/i0.wp.com\/blogdoeloiltoncajuhy.com.br\/site\/wp-content\/uploads\/2025\/03\/Imagem_Pexels-Jillyjillystudio-31154993.jpg?ssl=1\"><img data-recalc-dims=\"1\" fetchpriority=\"high\" decoding=\"async\" width=\"640\" height=\"512\" src=\"https:\/\/i0.wp.com\/blogdoeloiltoncajuhy.com.br\/site\/wp-content\/uploads\/2025\/03\/Imagem_Pexels-Jillyjillystudio-31154993.jpg?resize=640%2C512&#038;ssl=1\" alt=\"\" class=\"wp-image-86521\" srcset=\"https:\/\/i0.wp.com\/blogdoeloiltoncajuhy.com.br\/site\/wp-content\/uploads\/2025\/03\/Imagem_Pexels-Jillyjillystudio-31154993.jpg?w=640&amp;ssl=1 640w, https:\/\/i0.wp.com\/blogdoeloiltoncajuhy.com.br\/site\/wp-content\/uploads\/2025\/03\/Imagem_Pexels-Jillyjillystudio-31154993.jpg?resize=300%2C240&amp;ssl=1 300w\" sizes=\"(max-width: 640px) 100vw, 640px\" \/><\/a><figcaption class=\"wp-element-caption\"><sub>Imagem: Pexels\/Jillyjillystudio<\/sub><\/figcaption><\/figure>\n\n\n\n<p>Sempre escutei a frase \u201co futuro pertence a Deus\u201d. Essa certeza n\u00e3o nos convida \u00e0 passividade, mas sim \u00e0 confian\u00e7a que Deus est\u00e1 no controle. Entender que o futuro est\u00e1 nas m\u00e3os divinas nos liberta da ansiedade excessiva.<\/p>\n\n\n\n<p>Podemos planejar, sonhar e trabalhar arduamente, mas sempre com a consci\u00eancia de que o \u00faltimo direcionamento, o toque final em nossa jornada, \u00e9 dado por Ele.<\/p>\n\n\n\n<p>\u201cO homem planeja o seu caminho, mas o Senhor lhe dirige os passos&#8221;. (<em>Prov. 16:9<\/em>)<\/p>\n\n\n\n<p>Que possamos entregar nossos medos e incertezas ao Senhor, confiando que Ele tem o melhor reservado para n\u00f3s. Que a paz que excede todo entendimento nos envolva e nos prepare para abra\u00e7ar o futuro com f\u00e9 e esperan\u00e7a, sabendo que estamos seguros em Suas m\u00e3os.<\/p>\n\n\n\n<p><a href=\"https:\/\/whatsapp.com\/channel\/0029VaAT7tDLI8Yfj5y9Z50Z\"><strong><mark style=\"background-color:rgba(0, 0, 0, 0)\" class=\"has-inline-color has-vivid-red-color\">Siga nosso canal no WhatsApp e veja mais not\u00edcias<\/mark><\/strong><\/a><\/p>\n","protected":false},"excerpt":{"rendered":"<p>Blog do Eloilton Cajuhy \u2013 BEC Sempre escutei a frase \u201co futuro pertence a Deus\u201d. Essa certeza n\u00e3o nos convida \u00e0 passividade, mas sim \u00e0 confian\u00e7a que Deus est\u00e1 no controle. Entender que o futuro est\u00e1 nas m\u00e3os divinas nos liberta da ansiedade excessiva. Podemos planejar, sonhar e trabalhar arduamente, mas sempre com a consci\u00eancia [&hellip;]<\/p>\n","protected":false},"author":2,"featured_media":86521,"comment_status":"open","ping_status":"open","sticky":false,"template":"","format":"standard","meta":{"_acf_changed":false,"_monsterinsights_skip_tracking":false,"_monsterinsights_sitenote_active":false,"_monsterinsights_sitenote_note":"","_monsterinsights_sitenote_category":0,"_jetpack_memberships_contains_paid_content":false,"footnotes":"","jetpack_publicize_message":"","jetpack_publicize_feature_enabled":true,"jetpack_social_post_already_shared":true,"jetpack_social_options":{"image_generator_settings":{"template":"highway","default_image_id":0,"font":"","enabled":false},"version":2}},"categories":[9],"tags":[],"class_list":["post-86520","post","type-post","status-publish","format-standard","has-post-thumbnail","hentry","category-reflexao"],"acf":[],"jetpack_publicize_connections":[],"jetpack_featured_media_url":"https:\/\/i0.wp.com\/blogdoeloiltoncajuhy.com.br\/site\/wp-content\/uploads\/2025\/03\/Imagem_Pexels-Jillyjillystudio-31154993.jpg?fit=640%2C512&ssl=1","jetpack_sharing_enabled":true,"publishpress_future_workflow_manual_trigger":{"enabledWorkflows":[]},"_links":{"self":[{"href":"https:\/\/blogdoeloiltoncajuhy.com.br\/site\/wp-json\/wp\/v2\/posts\/86520","targetHints":{"allow":["GET"]}}],"collection":[{"href":"https:\/\/blogdoeloiltoncajuhy.com.br\/site\/wp-json\/wp\/v2\/posts"}],"about":[{"href":"https:\/\/blogdoeloiltoncajuhy.com.br\/site\/wp-json\/wp\/v2\/types\/post"}],"author":[{"embeddable":true,"href":"https:\/\/blogdoeloiltoncajuhy.com.br\/site\/wp-json\/wp\/v2\/users\/2"}],"replies":[{"embeddable":true,"href":"https:\/\/blogdoeloiltoncajuhy.com.br\/site\/wp-json\/wp\/v2\/comments?post=86520"}],"version-history":[{"count":1,"href":"https:\/\/blogdoeloiltoncajuhy.com.br\/site\/wp-json\/wp\/v2\/posts\/86520\/revisions"}],"predecessor-version":[{"id":86522,"href":"https:\/\/blogdoeloiltoncajuhy.com.br\/site\/wp-json\/wp\/v2\/posts\/86520\/revisions\/86522"}],"wp:featuredmedia":[{"embeddable":true,"href":"https:\/\/blogdoeloiltoncajuhy.com.br\/site\/wp-json\/wp\/v2\/media\/86521"}],"wp:attachment":[{"href":"https:\/\/blogdoeloiltoncajuhy.com.br\/site\/wp-json\/wp\/v2\/media?parent=86520"}],"wp:term":[{"taxonomy":"category","embeddable":true,"href":"https:\/\/blogdoeloiltoncajuhy.com.br\/site\/wp-json\/wp\/v2\/categories?post=86520"},{"taxonomy":"post_tag","embeddable":true,"href":"https:\/\/blogdoeloiltoncajuhy.com.br\/site\/wp-json\/wp\/v2\/tags?post=86520"}],"curies":[{"name":"wp","href":"https:\/\/api.w.org\/{rel}","templated":true}]}}