{"id":86506,"date":"2025-03-18T15:28:07","date_gmt":"2025-03-18T18:28:07","guid":{"rendered":"https:\/\/blogdoeloiltoncajuhy.com.br\/site\/?p=86506"},"modified":"2025-03-18T15:28:09","modified_gmt":"2025-03-18T18:28:09","slug":"acusado-de-matar-policial-civil-da-bahia-durante-assalto-em-petrolina-e-preso-em-sao-paulo","status":"publish","type":"post","link":"https:\/\/blogdoeloiltoncajuhy.com.br\/site\/acusado-de-matar-policial-civil-da-bahia-durante-assalto-em-petrolina-e-preso-em-sao-paulo\/","title":{"rendered":"Acusado de matar policial civil da Bahia durante assalto em Petrolina \u00e9 preso em S\u00e3o Paulo"},"content":{"rendered":"\n<p class=\"has-medium-font-size\"><strong>O crime foi cometido no dia 23 de maio de 2014, durante um assalto em um supermercado no bairro Cohab VI.<\/strong><\/p>\n\n\n\n<p><strong>Por g1 Petrolina<\/strong><\/p>\n\n\n\n<figure class=\"wp-block-image aligncenter size-full\"><a href=\"https:\/\/i0.wp.com\/blogdoeloiltoncajuhy.com.br\/site\/wp-content\/uploads\/2025\/03\/Investigador-da-PC-da-Bahia-morto-em-2014-%E2%80%94-Foto-Reproducao-TV-Grande-Rio.jpeg?ssl=1\"><img data-recalc-dims=\"1\" fetchpriority=\"high\" decoding=\"async\" width=\"680\" height=\"601\" src=\"https:\/\/i0.wp.com\/blogdoeloiltoncajuhy.com.br\/site\/wp-content\/uploads\/2025\/03\/Investigador-da-PC-da-Bahia-morto-em-2014-%E2%80%94-Foto-Reproducao-TV-Grande-Rio.jpeg?resize=680%2C601&#038;ssl=1\" alt=\"\" class=\"wp-image-86507\" srcset=\"https:\/\/i0.wp.com\/blogdoeloiltoncajuhy.com.br\/site\/wp-content\/uploads\/2025\/03\/Investigador-da-PC-da-Bahia-morto-em-2014-%E2%80%94-Foto-Reproducao-TV-Grande-Rio.jpeg?w=680&amp;ssl=1 680w, https:\/\/i0.wp.com\/blogdoeloiltoncajuhy.com.br\/site\/wp-content\/uploads\/2025\/03\/Investigador-da-PC-da-Bahia-morto-em-2014-%E2%80%94-Foto-Reproducao-TV-Grande-Rio.jpeg?resize=300%2C265&amp;ssl=1 300w\" sizes=\"(max-width: 680px) 100vw, 680px\" \/><\/a><figcaption class=\"wp-element-caption\"><sub>Investigador da PC da Bahia foi morto em 2014, durante um assalto em Petrolina \u2014 Foto: Reprodu\u00e7\u00e3o \/ TV Grande Rio<\/sub><\/figcaption><\/figure>\n\n\n\n<p>A Pol\u00edcia Civil (PC) prendeu no estado de S\u00e3o Paulo o homem acusado de matar o investigador da Pol\u00edcia civil da Bahia, <strong><mark style=\"background-color:rgba(0, 0, 0, 0)\" class=\"has-inline-color has-black-color\">Ednaldo Barbosa da Silva, no dia 23 de maio de 2014, em Petrolina, no Sert\u00e3o de Pernambuco.<\/mark><\/strong> <strong><mark style=\"background-color:rgba(0, 0, 0, 0)\" class=\"has-inline-color has-black-color\">Kennedy Santos de Freitas<\/mark><\/strong> foi condenado a 23 anos de pris\u00e3o e estava foragido, sendo preso na segunda-feira (17).<\/p>\n\n\n\n<p>Procurado pela Justi\u00e7a de Pernambuco, Kennedy Santos tamb\u00e9m vinha sendo procurado pela Pol\u00edcia Civil da Bahia, atrav\u00e9s das unidades que comp\u00f5em a \u00e1rea da 17\u00aa Coorpin, onde o investigador era lotado. Ednaldo Barbosa trabalhava na cidade de Casa Nova, no Norte baiano, e morava em Petrolina.<\/p>\n\n\n\n<p><a href=\"https:\/\/whatsapp.com\/channel\/0029VaAT7tDLI8Yfj5y9Z50Z\"><strong><mark style=\"background-color:rgba(0, 0, 0, 0)\" class=\"has-inline-color has-vivid-red-color\">Siga nosso canal no WhatsApp e veja mais not\u00edcias<\/mark><\/strong><\/a><\/p>\n\n\n\n<p>Segundo a PC da Bahia, a pris\u00e3o de Kennedy pode ter sido dificultada por alguns erros que continham no mandado, como data de nascimento e filia\u00e7\u00e3o, al\u00e9m de n\u00e3o constar o CPF do acusado. Durante as buscas, Kennedy foi localizado pela pol\u00edcia em um endere\u00e7o na cidade de S\u00e3o Paulo, onde foi preso.<\/p>\n\n\n\n<h4 class=\"wp-block-heading\"><strong><mark style=\"background-color:rgba(0, 0, 0, 0)\" class=\"has-inline-color has-black-color\">O crime<\/mark><\/strong><\/h4>\n\n\n\n<p>O policial civil Ednaldo Barbosa da Silva foi morto com quatro tiros, durante um assalto a um supermercado no bairro Cohab VI. A v\u00edtima, ent\u00e3o com 44 anos, tinha ido levar a filha ao col\u00e9gio, quando entrou no supermercado para comprar um lanche para a menina e foi surpreendido com o roubo que estava acontecendo no local.<\/p>\n\n\n\n<p>Ao tentar impedir o crime, o investigador acabou sendo baleado pelos criminosos, entre eles Kennedy Santos. Na \u00e9poca, a pol\u00edcia informou que seriam quatro assaltantes e que eles fugiram em um carro branco. De acordo com o perito, o policial foi atingido com tiros na cabe\u00e7a.<\/p>\n","protected":false},"excerpt":{"rendered":"<p>O crime foi cometido no dia 23 de maio de 2014, durante um assalto em um supermercado no bairro Cohab VI. Por g1 Petrolina A Pol\u00edcia Civil (PC) prendeu no estado de S\u00e3o Paulo o homem acusado de matar o investigador da Pol\u00edcia civil da Bahia, Ednaldo Barbosa da Silva, no dia 23 de maio [&hellip;]<\/p>\n","protected":false},"author":2,"featured_media":86507,"comment_status":"open","ping_status":"open","sticky":false,"template":"","format":"standard","meta":{"_acf_changed":false,"_monsterinsights_skip_tracking":false,"_monsterinsights_sitenote_active":false,"_monsterinsights_sitenote_note":"","_monsterinsights_sitenote_category":0,"_jetpack_memberships_contains_paid_content":false,"footnotes":"","jetpack_publicize_message":"","jetpack_publicize_feature_enabled":true,"jetpack_social_post_already_shared":true,"jetpack_social_options":{"image_generator_settings":{"template":"highway","default_image_id":0,"font":"","enabled":false},"version":2}},"categories":[15],"tags":[],"class_list":["post-86506","post","type-post","status-publish","format-standard","has-post-thumbnail","hentry","category-policia"],"acf":[],"jetpack_publicize_connections":[],"jetpack_featured_media_url":"https:\/\/i0.wp.com\/blogdoeloiltoncajuhy.com.br\/site\/wp-content\/uploads\/2025\/03\/Investigador-da-PC-da-Bahia-morto-em-2014-%E2%80%94-Foto-Reproducao-TV-Grande-Rio.jpeg?fit=680%2C601&ssl=1","jetpack_sharing_enabled":true,"publishpress_future_workflow_manual_trigger":{"enabledWorkflows":[]},"_links":{"self":[{"href":"https:\/\/blogdoeloiltoncajuhy.com.br\/site\/wp-json\/wp\/v2\/posts\/86506","targetHints":{"allow":["GET"]}}],"collection":[{"href":"https:\/\/blogdoeloiltoncajuhy.com.br\/site\/wp-json\/wp\/v2\/posts"}],"about":[{"href":"https:\/\/blogdoeloiltoncajuhy.com.br\/site\/wp-json\/wp\/v2\/types\/post"}],"author":[{"embeddable":true,"href":"https:\/\/blogdoeloiltoncajuhy.com.br\/site\/wp-json\/wp\/v2\/users\/2"}],"replies":[{"embeddable":true,"href":"https:\/\/blogdoeloiltoncajuhy.com.br\/site\/wp-json\/wp\/v2\/comments?post=86506"}],"version-history":[{"count":1,"href":"https:\/\/blogdoeloiltoncajuhy.com.br\/site\/wp-json\/wp\/v2\/posts\/86506\/revisions"}],"predecessor-version":[{"id":86508,"href":"https:\/\/blogdoeloiltoncajuhy.com.br\/site\/wp-json\/wp\/v2\/posts\/86506\/revisions\/86508"}],"wp:featuredmedia":[{"embeddable":true,"href":"https:\/\/blogdoeloiltoncajuhy.com.br\/site\/wp-json\/wp\/v2\/media\/86507"}],"wp:attachment":[{"href":"https:\/\/blogdoeloiltoncajuhy.com.br\/site\/wp-json\/wp\/v2\/media?parent=86506"}],"wp:term":[{"taxonomy":"category","embeddable":true,"href":"https:\/\/blogdoeloiltoncajuhy.com.br\/site\/wp-json\/wp\/v2\/categories?post=86506"},{"taxonomy":"post_tag","embeddable":true,"href":"https:\/\/blogdoeloiltoncajuhy.com.br\/site\/wp-json\/wp\/v2\/tags?post=86506"}],"curies":[{"name":"wp","href":"https:\/\/api.w.org\/{rel}","templated":true}]}}