{"id":86500,"date":"2025-03-18T09:19:08","date_gmt":"2025-03-18T12:19:08","guid":{"rendered":"https:\/\/blogdoeloiltoncajuhy.com.br\/site\/?p=86500"},"modified":"2025-03-18T09:19:10","modified_gmt":"2025-03-18T12:19:10","slug":"confira-os-adversarios-do-vitoria-na-fase-de-grupos-da-copa-sul-americana","status":"publish","type":"post","link":"https:\/\/blogdoeloiltoncajuhy.com.br\/site\/confira-os-adversarios-do-vitoria-na-fase-de-grupos-da-copa-sul-americana\/","title":{"rendered":"Confira os advers\u00e1rios do Vit\u00f3ria na fase de grupos da Copa Sul-Americana"},"content":{"rendered":"\n<p><strong>Por Bahia Not\u00edcias<\/strong><\/p>\n\n\n\n<figure class=\"wp-block-image aligncenter size-full\"><a href=\"https:\/\/i0.wp.com\/blogdoeloiltoncajuhy.com.br\/site\/wp-content\/uploads\/2025\/03\/Sulamericana-2025-SudamericanaBR-Conmebol-Esporte-News-Mundo.jpeg?ssl=1\"><img data-recalc-dims=\"1\" fetchpriority=\"high\" decoding=\"async\" width=\"740\" height=\"417\" src=\"https:\/\/i0.wp.com\/blogdoeloiltoncajuhy.com.br\/site\/wp-content\/uploads\/2025\/03\/Sulamericana-2025-SudamericanaBR-Conmebol-Esporte-News-Mundo.jpeg?resize=740%2C417&#038;ssl=1\" alt=\"\" class=\"wp-image-86501\" srcset=\"https:\/\/i0.wp.com\/blogdoeloiltoncajuhy.com.br\/site\/wp-content\/uploads\/2025\/03\/Sulamericana-2025-SudamericanaBR-Conmebol-Esporte-News-Mundo.jpeg?w=740&amp;ssl=1 740w, https:\/\/i0.wp.com\/blogdoeloiltoncajuhy.com.br\/site\/wp-content\/uploads\/2025\/03\/Sulamericana-2025-SudamericanaBR-Conmebol-Esporte-News-Mundo.jpeg?resize=300%2C169&amp;ssl=1 300w\" sizes=\"(max-width: 740px) 100vw, 740px\" \/><\/a><figcaption class=\"wp-element-caption\"><sub>Foto: SudamericanaBR \/ Conmebol \/ Esporte News Mundo<\/sub><\/figcaption><\/figure>\n\n\n\n<p>Na noite desta segunda-feira (17), o Vit\u00f3ria conheceu os seus advers\u00e1rios na fase de grupos da Copa Sul-Americana 2025. Ap\u00f3s sorteio realizado em Luque, no Paraguai, na sede da Conmebol (Confedera\u00e7\u00e3o Sul-Americana de Futebol), o Rubro-Negro ficou no Grupo B, ao lado de Defensa y Justicia, da Argentina, Universidad Cat\u00f3lica, do Equador, e Cerro Largo, do Uruguai.<\/p>\n\n\n\n<p>As datas dos jogos ainda n\u00e3o foram divulgadas pela Conmebol, mas o Vit\u00f3ria ir\u00e1 estrear no Barrad\u00e3o contra o Universidad Cat\u00f3lica, depois viaja para encarar o Defensa y Justicia. Na sequ\u00eancia, o Rubro-Negro recebe o Cerro Largo e o Defensa y Justicia e encerra a fase de grupos contra o Cat\u00f3lica, fora de casa.<\/p>\n\n\n\n<p>Vale a pena lembrar que somente o primeiro colocado de cada grupo avan\u00e7a diretamente para as oitavas de final. Os segundos colocados disputam uma fase pr\u00e9via \u00e0s oitavas de final, com os terceiros colocados da Libertadores da Am\u00e9rica. A fase de grupos da Copa Sul-Americana est\u00e1 agendada para come\u00e7ar no dia 2 de abril e encerrar em 28 de maio.<\/p>\n\n\n\n<p>Ap\u00f3s perder para o Bahia por 2 a 0 na partida de ida da final do Campeonato Baiano, o Vit\u00f3ria volta a campo nesta quarta-feira (19), contra o Sport, \u00e0s 21h30, no Barrad\u00e3o, pela 6\u00aa rodada do Grupo A da Copa do Nordeste. Na sequ\u00eancia, o Le\u00e3o faz o jogo de volta da final do Baian\u00e3o, contra o Bahia, novamente no Barrad\u00e3o, no domingo (23), \u00e0s 16h.<\/p>\n\n\n\n<p class=\"has-black-color has-text-color has-link-color wp-elements-078804f171029ebf8a7974877f85377a\"><strong>Confira todos os grupos da fase de grupos da Copa Sul-Americana:<\/strong><\/p>\n\n\n\n<p><strong>Grupo A:<\/strong> Independiente-ARG, Guaran\u00ed-PAR, Nacional Potos\u00ed-BOL e Boston River-URU<\/p>\n\n\n\n<p><strong>Grupo B:<\/strong> Defensa y Justicia-ARG, Universidad Cat\u00f3lica-EQU, Cerro Largo-URU e Vit\u00f3ria<\/p>\n\n\n\n<p><strong>Grupo C:<\/strong> Am\u00e9rica de Cali-COL, Hurac\u00e1n-ARG, Racing-URU e Corinthians<\/p>\n\n\n\n<p><strong>Grupo D:<\/strong> Gr\u00eamio, Godoy Cruz-ARG, Sportivo Luque\u00f1o-PAR e Atl\u00e9tico Grau-PER<\/p>\n\n\n\n<p><strong>Grupo E:<\/strong> Cruzeiro, Palestino-CHI, Union de Santa F\u00e9-ARG e Muschu Runa-EQU<\/p>\n\n\n\n<p><strong>Grupo F:<\/strong> Fluminense, Union Espa\u00f1ola-CHI, Once Caldas-COL e GV San Jos\u00e9-BOL<\/p>\n\n\n\n<p><strong>Grupo G:<\/strong> Lan\u00fas-ARG, Vasco da Gama, Academia Puerto Cabello-VEN e Melga-PER<\/p>\n\n\n\n<p><strong>Grupo H:<\/strong> Atl\u00e9tico Mineiro, Caracas-VEN, Cienciano-PER e Deportes Iquique-CHI<\/p>\n","protected":false},"excerpt":{"rendered":"<p>Por Bahia Not\u00edcias Na noite desta segunda-feira (17), o Vit\u00f3ria conheceu os seus advers\u00e1rios na fase de grupos da Copa Sul-Americana 2025. Ap\u00f3s sorteio realizado em Luque, no Paraguai, na sede da Conmebol (Confedera\u00e7\u00e3o Sul-Americana de Futebol), o Rubro-Negro ficou no Grupo B, ao lado de Defensa y Justicia, da Argentina, Universidad Cat\u00f3lica, do Equador, [&hellip;]<\/p>\n","protected":false},"author":2,"featured_media":86501,"comment_status":"open","ping_status":"open","sticky":false,"template":"","format":"standard","meta":{"_acf_changed":false,"_monsterinsights_skip_tracking":false,"_monsterinsights_sitenote_active":false,"_monsterinsights_sitenote_note":"","_monsterinsights_sitenote_category":0,"_jetpack_memberships_contains_paid_content":false,"footnotes":"","jetpack_publicize_message":"","jetpack_publicize_feature_enabled":true,"jetpack_social_post_already_shared":true,"jetpack_social_options":{"image_generator_settings":{"template":"highway","default_image_id":0,"font":"","enabled":false},"version":2}},"categories":[6],"tags":[],"class_list":["post-86500","post","type-post","status-publish","format-standard","has-post-thumbnail","hentry","category-esportes"],"acf":[],"jetpack_publicize_connections":[],"jetpack_featured_media_url":"https:\/\/i0.wp.com\/blogdoeloiltoncajuhy.com.br\/site\/wp-content\/uploads\/2025\/03\/Sulamericana-2025-SudamericanaBR-Conmebol-Esporte-News-Mundo.jpeg?fit=740%2C417&ssl=1","jetpack_sharing_enabled":true,"publishpress_future_workflow_manual_trigger":{"enabledWorkflows":[]},"_links":{"self":[{"href":"https:\/\/blogdoeloiltoncajuhy.com.br\/site\/wp-json\/wp\/v2\/posts\/86500","targetHints":{"allow":["GET"]}}],"collection":[{"href":"https:\/\/blogdoeloiltoncajuhy.com.br\/site\/wp-json\/wp\/v2\/posts"}],"about":[{"href":"https:\/\/blogdoeloiltoncajuhy.com.br\/site\/wp-json\/wp\/v2\/types\/post"}],"author":[{"embeddable":true,"href":"https:\/\/blogdoeloiltoncajuhy.com.br\/site\/wp-json\/wp\/v2\/users\/2"}],"replies":[{"embeddable":true,"href":"https:\/\/blogdoeloiltoncajuhy.com.br\/site\/wp-json\/wp\/v2\/comments?post=86500"}],"version-history":[{"count":1,"href":"https:\/\/blogdoeloiltoncajuhy.com.br\/site\/wp-json\/wp\/v2\/posts\/86500\/revisions"}],"predecessor-version":[{"id":86502,"href":"https:\/\/blogdoeloiltoncajuhy.com.br\/site\/wp-json\/wp\/v2\/posts\/86500\/revisions\/86502"}],"wp:featuredmedia":[{"embeddable":true,"href":"https:\/\/blogdoeloiltoncajuhy.com.br\/site\/wp-json\/wp\/v2\/media\/86501"}],"wp:attachment":[{"href":"https:\/\/blogdoeloiltoncajuhy.com.br\/site\/wp-json\/wp\/v2\/media?parent=86500"}],"wp:term":[{"taxonomy":"category","embeddable":true,"href":"https:\/\/blogdoeloiltoncajuhy.com.br\/site\/wp-json\/wp\/v2\/categories?post=86500"},{"taxonomy":"post_tag","embeddable":true,"href":"https:\/\/blogdoeloiltoncajuhy.com.br\/site\/wp-json\/wp\/v2\/tags?post=86500"}],"curies":[{"name":"wp","href":"https:\/\/api.w.org\/{rel}","templated":true}]}}