{"id":86497,"date":"2025-03-18T09:05:34","date_gmt":"2025-03-18T12:05:34","guid":{"rendered":"https:\/\/blogdoeloiltoncajuhy.com.br\/site\/?p=86497"},"modified":"2025-03-18T09:05:36","modified_gmt":"2025-03-18T12:05:36","slug":"bahia-conhece-adversarios-na-libertadores-veja-como-ficou-o-grupo-do-tricolor","status":"publish","type":"post","link":"https:\/\/blogdoeloiltoncajuhy.com.br\/site\/bahia-conhece-adversarios-na-libertadores-veja-como-ficou-o-grupo-do-tricolor\/","title":{"rendered":"Bahia conhece advers\u00e1rios na Libertadores; veja como ficou o grupo do Tricolor"},"content":{"rendered":"\n<p><strong>Por Bahia Not\u00edcias<\/strong><\/p>\n\n\n\n<figure class=\"wp-block-image aligncenter size-full\"><a href=\"https:\/\/i0.wp.com\/blogdoeloiltoncajuhy.com.br\/site\/wp-content\/uploads\/2025\/03\/Libertadores-2025-Divulgacao-Conmebol-e.jpeg?ssl=1\"><img data-recalc-dims=\"1\" fetchpriority=\"high\" decoding=\"async\" width=\"740\" height=\"396\" src=\"https:\/\/i0.wp.com\/blogdoeloiltoncajuhy.com.br\/site\/wp-content\/uploads\/2025\/03\/Libertadores-2025-Divulgacao-Conmebol-e.jpeg?resize=740%2C396&#038;ssl=1\" alt=\"\" class=\"wp-image-86498\" srcset=\"https:\/\/i0.wp.com\/blogdoeloiltoncajuhy.com.br\/site\/wp-content\/uploads\/2025\/03\/Libertadores-2025-Divulgacao-Conmebol-e.jpeg?w=740&amp;ssl=1 740w, https:\/\/i0.wp.com\/blogdoeloiltoncajuhy.com.br\/site\/wp-content\/uploads\/2025\/03\/Libertadores-2025-Divulgacao-Conmebol-e.jpeg?resize=300%2C161&amp;ssl=1 300w\" sizes=\"(max-width: 740px) 100vw, 740px\" \/><\/a><figcaption class=\"wp-element-caption\"><sub>Foto: Divulga\u00e7\u00e3o \/ Conmebol<\/sub><\/figcaption><\/figure>\n\n\n\n<p>Os grupos da Copa Libertadores 2024 foram definidos nesta segunda-feira (17) em sorteio realizado pela Conmebol. A cerim\u00f4nia, realizada em Luque, no Paraguai, distribuiu as 32 equipes participantes em oito grupos, seguindo a divis\u00e3o dos potes previamente estabelecida.<\/p>\n\n\n\n<p>Sete clubes brasileiros est\u00e3o na fase de grupos, incluindo Palmeiras, Flamengo, S\u00e3o Paulo, Botafogo, Internacional, Fortaleza e Bahia. O torneio come\u00e7a no m\u00eas de abril.<\/p>\n\n\n\n<p>\u00danico representante baiano na competi\u00e7\u00e3o, o Bahia ficou no Grupo F com Nacional, Internacional e Atl\u00e9tico Nacional.<\/p>\n\n\n\n<p class=\"has-black-color has-text-color has-link-color wp-elements-1642869d7a713cde2367e1506c45ad96\"><strong>Confira abaixo todos os Grupos:<\/strong><\/p>\n\n\n\n<p><strong>Grupo A<\/strong><\/p>\n\n\n\n<ul class=\"wp-block-list\">\n<li>Botafogo<\/li>\n\n\n\n<li>Estudiantes de La Plata<\/li>\n\n\n\n<li>Universidad de Chile<\/li>\n\n\n\n<li>Carabobo<\/li>\n<\/ul>\n\n\n\n<p><\/p>\n\n\n\n<p><strong>Grupo B<\/strong><\/p>\n\n\n\n<ul class=\"wp-block-list\">\n<li>River Plate<\/li>\n\n\n\n<li>Independiente Del Valle<\/li>\n\n\n\n<li>Universit\u00e1rio<\/li>\n\n\n\n<li>Barcelona<\/li>\n<\/ul>\n\n\n\n<p><\/p>\n\n\n\n<p><strong>Grupo C<\/strong><\/p>\n\n\n\n<ul class=\"wp-block-list\">\n<li>Flamengo<\/li>\n\n\n\n<li>LDU Quito<\/li>\n\n\n\n<li>Deportivo T\u00e1chira<\/li>\n\n\n\n<li>Central C\u00f3rdoba<\/li>\n<\/ul>\n\n\n\n<p><\/p>\n\n\n\n<p><strong>Grupo D<\/strong><\/p>\n\n\n\n<ul class=\"wp-block-list\">\n<li>S\u00e3o Paulo<\/li>\n\n\n\n<li>Libertad<\/li>\n\n\n\n<li>Talleres<\/li>\n\n\n\n<li>Alianza Lima<\/li>\n<\/ul>\n\n\n\n<p><\/p>\n\n\n\n<p><strong>Grupo E<\/strong><\/p>\n\n\n\n<ul class=\"wp-block-list\">\n<li>Racing<\/li>\n\n\n\n<li>Colo-Colo<\/li>\n\n\n\n<li>Fortaleza<\/li>\n\n\n\n<li>Atl\u00e9tico Bucaramanga<\/li>\n<\/ul>\n\n\n\n<p><\/p>\n\n\n\n<p><strong>Grupo F<\/strong><\/p>\n\n\n\n<ul class=\"wp-block-list\">\n<li>Nacional<\/li>\n\n\n\n<li>Internacional<\/li>\n\n\n\n<li>Atl\u00e9tico Nacional<\/li>\n\n\n\n<li>Bahia<\/li>\n<\/ul>\n\n\n\n<p><\/p>\n\n\n\n<p><strong>Grupo G<\/strong><\/p>\n\n\n\n<ul class=\"wp-block-list\">\n<li>Palmeiras<\/li>\n\n\n\n<li>Bol\u00edvar<\/li>\n\n\n\n<li>Sporting Cristal<\/li>\n\n\n\n<li>Cerro Porte\u00f1o<\/li>\n<\/ul>\n\n\n\n<p><\/p>\n\n\n\n<p><strong>Grupo H<\/strong><\/p>\n\n\n\n<ul class=\"wp-block-list\">\n<li>Pe\u00f1arol<\/li>\n\n\n\n<li>Olimpia<\/li>\n\n\n\n<li>V\u00e9lez Sarsfield<\/li>\n\n\n\n<li>San Antonio<\/li>\n<\/ul>\n\n\n\n<p><\/p>\n\n\n\n<p>A fase de grupos ser\u00e1 disputada entre 2 de abril e 28 de maio. Os dois primeiros colocados de cada grupo se classificam para as oitavas de final da competi\u00e7\u00e3o sul-americana.<\/p>\n","protected":false},"excerpt":{"rendered":"<p>Por Bahia Not\u00edcias Os grupos da Copa Libertadores 2024 foram definidos nesta segunda-feira (17) em sorteio realizado pela Conmebol. A cerim\u00f4nia, realizada em Luque, no Paraguai, distribuiu as 32 equipes participantes em oito grupos, seguindo a divis\u00e3o dos potes previamente estabelecida. Sete clubes brasileiros est\u00e3o na fase de grupos, incluindo Palmeiras, Flamengo, S\u00e3o Paulo, Botafogo, [&hellip;]<\/p>\n","protected":false},"author":2,"featured_media":86498,"comment_status":"open","ping_status":"open","sticky":false,"template":"","format":"standard","meta":{"_acf_changed":false,"_monsterinsights_skip_tracking":false,"_monsterinsights_sitenote_active":false,"_monsterinsights_sitenote_note":"","_monsterinsights_sitenote_category":0,"_jetpack_memberships_contains_paid_content":false,"footnotes":"","jetpack_publicize_message":"","jetpack_publicize_feature_enabled":true,"jetpack_social_post_already_shared":true,"jetpack_social_options":{"image_generator_settings":{"template":"highway","default_image_id":0,"font":"","enabled":false},"version":2}},"categories":[6],"tags":[],"class_list":["post-86497","post","type-post","status-publish","format-standard","has-post-thumbnail","hentry","category-esportes"],"acf":[],"jetpack_publicize_connections":[],"jetpack_featured_media_url":"https:\/\/i0.wp.com\/blogdoeloiltoncajuhy.com.br\/site\/wp-content\/uploads\/2025\/03\/Libertadores-2025-Divulgacao-Conmebol-e.jpeg?fit=740%2C396&ssl=1","jetpack_sharing_enabled":true,"publishpress_future_workflow_manual_trigger":{"enabledWorkflows":[]},"_links":{"self":[{"href":"https:\/\/blogdoeloiltoncajuhy.com.br\/site\/wp-json\/wp\/v2\/posts\/86497","targetHints":{"allow":["GET"]}}],"collection":[{"href":"https:\/\/blogdoeloiltoncajuhy.com.br\/site\/wp-json\/wp\/v2\/posts"}],"about":[{"href":"https:\/\/blogdoeloiltoncajuhy.com.br\/site\/wp-json\/wp\/v2\/types\/post"}],"author":[{"embeddable":true,"href":"https:\/\/blogdoeloiltoncajuhy.com.br\/site\/wp-json\/wp\/v2\/users\/2"}],"replies":[{"embeddable":true,"href":"https:\/\/blogdoeloiltoncajuhy.com.br\/site\/wp-json\/wp\/v2\/comments?post=86497"}],"version-history":[{"count":1,"href":"https:\/\/blogdoeloiltoncajuhy.com.br\/site\/wp-json\/wp\/v2\/posts\/86497\/revisions"}],"predecessor-version":[{"id":86499,"href":"https:\/\/blogdoeloiltoncajuhy.com.br\/site\/wp-json\/wp\/v2\/posts\/86497\/revisions\/86499"}],"wp:featuredmedia":[{"embeddable":true,"href":"https:\/\/blogdoeloiltoncajuhy.com.br\/site\/wp-json\/wp\/v2\/media\/86498"}],"wp:attachment":[{"href":"https:\/\/blogdoeloiltoncajuhy.com.br\/site\/wp-json\/wp\/v2\/media?parent=86497"}],"wp:term":[{"taxonomy":"category","embeddable":true,"href":"https:\/\/blogdoeloiltoncajuhy.com.br\/site\/wp-json\/wp\/v2\/categories?post=86497"},{"taxonomy":"post_tag","embeddable":true,"href":"https:\/\/blogdoeloiltoncajuhy.com.br\/site\/wp-json\/wp\/v2\/tags?post=86497"}],"curies":[{"name":"wp","href":"https:\/\/api.w.org\/{rel}","templated":true}]}}