{"id":86478,"date":"2025-03-17T18:55:53","date_gmt":"2025-03-17T21:55:53","guid":{"rendered":"https:\/\/blogdoeloiltoncajuhy.com.br\/site\/?p=86478"},"modified":"2025-03-17T18:56:37","modified_gmt":"2025-03-17T21:56:37","slug":"operacao-harpia-pm-e-policia-civil-prendem-homem-com-arma-e-drogas-dentro-de-motel-em-senhor-do-bonfim","status":"publish","type":"post","link":"https:\/\/blogdoeloiltoncajuhy.com.br\/site\/operacao-harpia-pm-e-policia-civil-prendem-homem-com-arma-e-drogas-dentro-de-motel-em-senhor-do-bonfim\/","title":{"rendered":"Opera\u00e7\u00e3o Harpia: PM e Pol\u00edcia Civil prendem homem com arma e drogas dentro de motel em Senhor do Bonfim"},"content":{"rendered":"\n<p class=\"has-medium-font-size\"><strong>Caso aconteceu na tarde desta segunda-feira (17).<\/strong><\/p>\n\n\n\n<p><strong>Por Blog do Eloilton Cajuhy \u2013 BEC<\/strong><\/p>\n\n\n\n<figure class=\"wp-block-image aligncenter size-full is-resized\"><a href=\"https:\/\/i0.wp.com\/blogdoeloiltoncajuhy.com.br\/site\/wp-content\/uploads\/2025\/03\/PM_Bonfim_apreensao-arma-e-drogas_160325-2.jpeg?ssl=1\"><img data-recalc-dims=\"1\" fetchpriority=\"high\" decoding=\"async\" width=\"750\" height=\"548\" src=\"https:\/\/i0.wp.com\/blogdoeloiltoncajuhy.com.br\/site\/wp-content\/uploads\/2025\/03\/PM_Bonfim_apreensao-arma-e-drogas_160325-2.jpeg?resize=750%2C548&#038;ssl=1\" alt=\"\" class=\"wp-image-86479\" style=\"width:641px;height:auto\" srcset=\"https:\/\/i0.wp.com\/blogdoeloiltoncajuhy.com.br\/site\/wp-content\/uploads\/2025\/03\/PM_Bonfim_apreensao-arma-e-drogas_160325-2.jpeg?w=750&amp;ssl=1 750w, https:\/\/i0.wp.com\/blogdoeloiltoncajuhy.com.br\/site\/wp-content\/uploads\/2025\/03\/PM_Bonfim_apreensao-arma-e-drogas_160325-2.jpeg?resize=300%2C219&amp;ssl=1 300w\" sizes=\"(max-width: 750px) 100vw, 750px\" \/><\/a><figcaption class=\"wp-element-caption\"><sub>Divulga\u00e7\u00e3o \/ Pol\u00edcia Militar de Senhor do Bonfim<\/sub><\/figcaption><\/figure>\n\n\n\n<p>Pol\u00edcia Militar e Pol\u00edcia Civil de Senhor do Bonfim, dando prosseguimento \u00e0 Opera\u00e7\u00e3o Harpia, foram a um motel, localizado na BR 407, ap\u00f3s informa\u00e7\u00f5es sobre a presen\u00e7a de um homem no local portando arma e drogas. O caso foi registrado por volta das 17h30 desta segunda-feira (17).<\/p>\n\n\n\n<p>Quando a guarni\u00e7\u00e3o da Policial Militar chegou ao local encontrou um agente da Pol\u00edcia Civil, que j\u00e1 estava na ocorr\u00eancia, e a ele foi dado todo apoio.<\/p>\n\n\n\n<p class=\"has-black-color has-text-color has-link-color wp-elements-70a55b513b95db41a87081b7d9b65cc3\"><strong>Com o homem, que n\u00e3o teve o nome divulgado, os policiais apreenderam:<\/strong><\/p>\n\n\n\n<p>\u2022 01 rev\u00f3lver Taurus calibre .38;<br>\u2022 11 muni\u00e7\u00f5es calibre.38;<br>\u2022 89 trouxinhas de maconha;<br>\u2022 01 celular.<\/p>\n\n\n\n<p><\/p>\n\n\n\n<p>O indiv\u00edduo e todo o material apreendido foram apresentados \u00e0 Delegacia de Pol\u00edcia Civil, onde ele foi autuado em flagrante e em seguida encaminhado para o Conjunto Penal em Juazeiro-BA.<\/p>\n\n\n\n<p>Na Delegacia, o homem informou ser o respons\u00e1vel pelos roubos acontecidos a uma distribuidora de bebidas, no \u00faltimo s\u00e1bado dia (15) e a uma ch\u00e1cara no Povoado de Tanquinho.<\/p>\n","protected":false},"excerpt":{"rendered":"<p>Caso aconteceu na tarde desta segunda-feira (17). Por Blog do Eloilton Cajuhy \u2013 BEC Pol\u00edcia Militar e Pol\u00edcia Civil de Senhor do Bonfim, dando prosseguimento \u00e0 Opera\u00e7\u00e3o Harpia, foram a um motel, localizado na BR 407, ap\u00f3s informa\u00e7\u00f5es sobre a presen\u00e7a de um homem no local portando arma e drogas. O caso foi registrado por [&hellip;]<\/p>\n","protected":false},"author":2,"featured_media":86479,"comment_status":"open","ping_status":"open","sticky":false,"template":"","format":"standard","meta":{"_acf_changed":false,"_monsterinsights_skip_tracking":false,"_monsterinsights_sitenote_active":false,"_monsterinsights_sitenote_note":"","_monsterinsights_sitenote_category":0,"_jetpack_memberships_contains_paid_content":false,"footnotes":"","jetpack_publicize_message":"","jetpack_publicize_feature_enabled":true,"jetpack_social_post_already_shared":true,"jetpack_social_options":{"image_generator_settings":{"template":"highway","default_image_id":0,"font":"","enabled":false},"version":2}},"categories":[15],"tags":[],"class_list":["post-86478","post","type-post","status-publish","format-standard","has-post-thumbnail","hentry","category-policia"],"acf":[],"jetpack_publicize_connections":[],"jetpack_featured_media_url":"https:\/\/i0.wp.com\/blogdoeloiltoncajuhy.com.br\/site\/wp-content\/uploads\/2025\/03\/PM_Bonfim_apreensao-arma-e-drogas_160325-2.jpeg?fit=750%2C548&ssl=1","jetpack_sharing_enabled":true,"publishpress_future_workflow_manual_trigger":{"enabledWorkflows":[]},"_links":{"self":[{"href":"https:\/\/blogdoeloiltoncajuhy.com.br\/site\/wp-json\/wp\/v2\/posts\/86478","targetHints":{"allow":["GET"]}}],"collection":[{"href":"https:\/\/blogdoeloiltoncajuhy.com.br\/site\/wp-json\/wp\/v2\/posts"}],"about":[{"href":"https:\/\/blogdoeloiltoncajuhy.com.br\/site\/wp-json\/wp\/v2\/types\/post"}],"author":[{"embeddable":true,"href":"https:\/\/blogdoeloiltoncajuhy.com.br\/site\/wp-json\/wp\/v2\/users\/2"}],"replies":[{"embeddable":true,"href":"https:\/\/blogdoeloiltoncajuhy.com.br\/site\/wp-json\/wp\/v2\/comments?post=86478"}],"version-history":[{"count":2,"href":"https:\/\/blogdoeloiltoncajuhy.com.br\/site\/wp-json\/wp\/v2\/posts\/86478\/revisions"}],"predecessor-version":[{"id":86481,"href":"https:\/\/blogdoeloiltoncajuhy.com.br\/site\/wp-json\/wp\/v2\/posts\/86478\/revisions\/86481"}],"wp:featuredmedia":[{"embeddable":true,"href":"https:\/\/blogdoeloiltoncajuhy.com.br\/site\/wp-json\/wp\/v2\/media\/86479"}],"wp:attachment":[{"href":"https:\/\/blogdoeloiltoncajuhy.com.br\/site\/wp-json\/wp\/v2\/media?parent=86478"}],"wp:term":[{"taxonomy":"category","embeddable":true,"href":"https:\/\/blogdoeloiltoncajuhy.com.br\/site\/wp-json\/wp\/v2\/categories?post=86478"},{"taxonomy":"post_tag","embeddable":true,"href":"https:\/\/blogdoeloiltoncajuhy.com.br\/site\/wp-json\/wp\/v2\/tags?post=86478"}],"curies":[{"name":"wp","href":"https:\/\/api.w.org\/{rel}","templated":true}]}}