{"id":86474,"date":"2025-03-17T17:54:45","date_gmt":"2025-03-17T20:54:45","guid":{"rendered":"https:\/\/blogdoeloiltoncajuhy.com.br\/site\/?p=86474"},"modified":"2025-03-17T17:54:47","modified_gmt":"2025-03-17T20:54:47","slug":"elis-regina-faria-80-anos-nesta-segunda-feira","status":"publish","type":"post","link":"https:\/\/blogdoeloiltoncajuhy.com.br\/site\/elis-regina-faria-80-anos-nesta-segunda-feira\/","title":{"rendered":"Elis Regina faria 80 anos nesta segunda-feira"},"content":{"rendered":"\n<p class=\"has-medium-font-size\"><strong>Artista deixou um grande legado para a m\u00fasica brasileira.<\/strong><\/p>\n\n\n\n<p><strong>Blog do Eloilton Cajuhy \u2013 BEC<\/strong><\/p>\n\n\n\n<figure class=\"wp-block-image aligncenter size-full\"><a href=\"https:\/\/i0.wp.com\/blogdoeloiltoncajuhy.com.br\/site\/wp-content\/uploads\/2025\/03\/Elis-Regina-Acervo-UH-Folhapress.jpg?ssl=1\"><img data-recalc-dims=\"1\" fetchpriority=\"high\" decoding=\"async\" width=\"720\" height=\"401\" src=\"https:\/\/i0.wp.com\/blogdoeloiltoncajuhy.com.br\/site\/wp-content\/uploads\/2025\/03\/Elis-Regina-Acervo-UH-Folhapress.jpg?resize=720%2C401&#038;ssl=1\" alt=\"\" class=\"wp-image-86475\" srcset=\"https:\/\/i0.wp.com\/blogdoeloiltoncajuhy.com.br\/site\/wp-content\/uploads\/2025\/03\/Elis-Regina-Acervo-UH-Folhapress.jpg?w=720&amp;ssl=1 720w, https:\/\/i0.wp.com\/blogdoeloiltoncajuhy.com.br\/site\/wp-content\/uploads\/2025\/03\/Elis-Regina-Acervo-UH-Folhapress.jpg?resize=300%2C167&amp;ssl=1 300w\" sizes=\"(max-width: 720px) 100vw, 720px\" \/><\/a><figcaption class=\"wp-element-caption\"><sub>Foto: Acervo UH\/Folhapress<\/sub><\/figcaption><\/figure>\n\n\n\n<p>Uma das vozes mais marcantes da m\u00fasica brasileira, Elis Regina completaria 80 anos nesta segunda, dia 17. Para homenagear essa artista inesquec\u00edvel, o Ecad (Escrit\u00f3rio Central de Arrecada\u00e7\u00e3o e Distribui\u00e7\u00e3o) realizou um levantamento especial com seus dados musicais.<\/p>\n\n\n\n<p>A an\u00e1lise abrange as obras interpretadas e gravadas por Elis que mais tocaram no Brasil nos \u00faltimos cinco anos, considerando diferentes segmentos de execu\u00e7\u00e3o p\u00fablica. Entre as m\u00fasicas mais regravadas com sua participa\u00e7\u00e3o como int\u00e9rprete, &#8220;\u00c1guas de mar\u00e7o&#8221;, de Tom Jobim, \u00e9 a l\u00edder, com 13 grava\u00e7\u00f5es identificadas na base de dados. &#8220;Upa neguinho&#8221;, de Edu Lobo e Gianfrancesco Guarnieri, e &#8220;Madalena&#8221;, de Ivan Lins e Ronaldo Monteiro de Souza, tamb\u00e9m est\u00e3o entre as mais regravadas.<\/p>\n\n\n\n<p><a href=\"https:\/\/whatsapp.com\/channel\/0029VaAT7tDLI8Yfj5y9Z50Z\"><strong><mark style=\"background-color:rgba(0, 0, 0, 0)\" class=\"has-inline-color has-vivid-red-color\">Siga nosso canal no WhatsApp e veja mais not\u00edcias<\/mark><\/strong><\/a><\/p>\n\n\n\n<p>J\u00e1 a obra mais executada com Elis Regina como int\u00e9rprete \u00e9 &#8220;Como nossos pais&#8221;, de Belchior. Na sequ\u00eancia, destacam-se &#8220;\u00c1guas de mar\u00e7o&#8221;, de Tom Jobim, e &#8220;O b\u00eabado e a equilibrista&#8221;, de Jo\u00e3o Bosco e Aldir Blanc, ambas imortalizadas em sua voz e amplamente reproduzidas em diversos segmentos de execu\u00e7\u00e3o p\u00fablica.<\/p>\n\n\n\n<p>O legado de Elis segue vivo por meio de suas grava\u00e7\u00f5es e da execu\u00e7\u00e3o p\u00fablica de suas interpreta\u00e7\u00f5es. A artista, que marcou gera\u00e7\u00f5es com sua voz potente e interpreta\u00e7\u00f5es emocionantes, continua presente nas playlists e nas ondas do r\u00e1dio, sendo reverenciada por f\u00e3s de todas as idades. Como determina a Lei dos Direitos Autorais (9.610\/98), os herdeiros da artista continuar\u00e3o a receber os rendimentos em direitos autorais por suas m\u00fasicas por 70 anos ap\u00f3s sua morte (ou de autores parceiros, no caso de m\u00fasicas feitas em parcerias).<\/p>\n\n\n\n<figure class=\"wp-block-image aligncenter size-full\"><a href=\"https:\/\/i0.wp.com\/blogdoeloiltoncajuhy.com.br\/site\/wp-content\/uploads\/2025\/03\/Elis-Regina-Divulgacao.jpg?ssl=1\"><img data-recalc-dims=\"1\" decoding=\"async\" width=\"720\" height=\"518\" src=\"https:\/\/i0.wp.com\/blogdoeloiltoncajuhy.com.br\/site\/wp-content\/uploads\/2025\/03\/Elis-Regina-Divulgacao.jpg?resize=720%2C518&#038;ssl=1\" alt=\"\" class=\"wp-image-86476\" srcset=\"https:\/\/i0.wp.com\/blogdoeloiltoncajuhy.com.br\/site\/wp-content\/uploads\/2025\/03\/Elis-Regina-Divulgacao.jpg?w=720&amp;ssl=1 720w, https:\/\/i0.wp.com\/blogdoeloiltoncajuhy.com.br\/site\/wp-content\/uploads\/2025\/03\/Elis-Regina-Divulgacao.jpg?resize=300%2C216&amp;ssl=1 300w\" sizes=\"(max-width: 720px) 100vw, 720px\" \/><\/a><figcaption class=\"wp-element-caption\"><sub>Foto: Divulga\u00e7\u00e3o<\/sub><\/figcaption><\/figure>\n\n\n\n<p><strong><mark style=\"background-color:rgba(0, 0, 0, 0)\" class=\"has-inline-color has-black-color\">Ranking das m\u00fasicas interpretadas por Elis Regina mais tocadas no Brasil nos \u00faltimos cinco anos nos segmentos de R\u00e1dio, Sonoriza\u00e7\u00e3o Ambiental, Casas de Festa e Divers\u00e3o<\/mark><\/strong><\/p>\n\n\n\n<figure class=\"wp-block-table\"><table class=\"has-fixed-layout\"><tbody><tr><td><strong><mark style=\"background-color:rgba(0, 0, 0, 0)\" class=\"has-inline-color has-black-color\">Posi\u00e7\u00e3o<\/mark><\/strong><\/td><td><strong><mark style=\"background-color:rgba(0, 0, 0, 0)\" class=\"has-inline-color has-black-color\">M\u00fasica<\/mark><\/strong><\/td><td><strong><mark style=\"background-color:rgba(0, 0, 0, 0)\" class=\"has-inline-color has-black-color\">Autores<\/mark><\/strong><\/td><\/tr><tr><td>1<\/td><td>Como nossos pais<\/td><td>Belchior<\/td><\/tr><tr><td>2<\/td><td>\u00c1guas de mar\u00e7o<\/td><td>Tom Jobim<\/td><\/tr><tr><td>3<\/td><td>O b\u00eabado e a equilibrista<\/td><td>Jo\u00e3o Bosco \/ Aldir Blanc<\/td><\/tr><tr><td>4<\/td><td>Madalena<\/td><td>Ivan Lins \/ Ronaldo Monteiro De Souza<\/td><\/tr><tr><td>5<\/td><td>Al\u00f4 al\u00f4 marciano<\/td><td>Rita Lee \/ Roberto De Carvalho<\/td><\/tr><tr><td>6<\/td><td>Casa no campo<\/td><td>Tavito \/ Ze Rodrix<\/td><\/tr><tr><td>7<\/td><td>S\u00f3 tinha de ser com voc\u00ea<\/td><td>Tom Jobim \/ Oliveira Louis<\/td><\/tr><tr><td>8<\/td><td>Tiro ao \u00c1lvaro<\/td><td>Oswaldo Molle \/ Adoniran Barbosa<\/td><\/tr><tr><td>9<\/td><td>Romaria<\/td><td>Renato Teixeira<\/td><\/tr><tr><td>10<\/td><td>Aprendendo a jogar<\/td><td>Guilherme Arantes<\/td><\/tr><\/tbody><\/table><\/figure>\n","protected":false},"excerpt":{"rendered":"<p>Artista deixou um grande legado para a m\u00fasica brasileira. Blog do Eloilton Cajuhy \u2013 BEC Uma das vozes mais marcantes da m\u00fasica brasileira, Elis Regina completaria 80 anos nesta segunda, dia 17. Para homenagear essa artista inesquec\u00edvel, o Ecad (Escrit\u00f3rio Central de Arrecada\u00e7\u00e3o e Distribui\u00e7\u00e3o) realizou um levantamento especial com seus dados musicais. A an\u00e1lise [&hellip;]<\/p>\n","protected":false},"author":2,"featured_media":86475,"comment_status":"open","ping_status":"open","sticky":false,"template":"","format":"standard","meta":{"_acf_changed":false,"_monsterinsights_skip_tracking":false,"_monsterinsights_sitenote_active":false,"_monsterinsights_sitenote_note":"","_monsterinsights_sitenote_category":0,"_jetpack_memberships_contains_paid_content":false,"footnotes":"","jetpack_publicize_message":"","jetpack_publicize_feature_enabled":true,"jetpack_social_post_already_shared":true,"jetpack_social_options":{"image_generator_settings":{"template":"highway","default_image_id":0,"font":"","enabled":false},"version":2}},"categories":[8],"tags":[],"class_list":["post-86474","post","type-post","status-publish","format-standard","has-post-thumbnail","hentry","category-cultura"],"acf":[],"jetpack_publicize_connections":[],"jetpack_featured_media_url":"https:\/\/i0.wp.com\/blogdoeloiltoncajuhy.com.br\/site\/wp-content\/uploads\/2025\/03\/Elis-Regina-Acervo-UH-Folhapress.jpg?fit=720%2C401&ssl=1","jetpack_sharing_enabled":true,"publishpress_future_workflow_manual_trigger":{"enabledWorkflows":[]},"_links":{"self":[{"href":"https:\/\/blogdoeloiltoncajuhy.com.br\/site\/wp-json\/wp\/v2\/posts\/86474","targetHints":{"allow":["GET"]}}],"collection":[{"href":"https:\/\/blogdoeloiltoncajuhy.com.br\/site\/wp-json\/wp\/v2\/posts"}],"about":[{"href":"https:\/\/blogdoeloiltoncajuhy.com.br\/site\/wp-json\/wp\/v2\/types\/post"}],"author":[{"embeddable":true,"href":"https:\/\/blogdoeloiltoncajuhy.com.br\/site\/wp-json\/wp\/v2\/users\/2"}],"replies":[{"embeddable":true,"href":"https:\/\/blogdoeloiltoncajuhy.com.br\/site\/wp-json\/wp\/v2\/comments?post=86474"}],"version-history":[{"count":1,"href":"https:\/\/blogdoeloiltoncajuhy.com.br\/site\/wp-json\/wp\/v2\/posts\/86474\/revisions"}],"predecessor-version":[{"id":86477,"href":"https:\/\/blogdoeloiltoncajuhy.com.br\/site\/wp-json\/wp\/v2\/posts\/86474\/revisions\/86477"}],"wp:featuredmedia":[{"embeddable":true,"href":"https:\/\/blogdoeloiltoncajuhy.com.br\/site\/wp-json\/wp\/v2\/media\/86475"}],"wp:attachment":[{"href":"https:\/\/blogdoeloiltoncajuhy.com.br\/site\/wp-json\/wp\/v2\/media?parent=86474"}],"wp:term":[{"taxonomy":"category","embeddable":true,"href":"https:\/\/blogdoeloiltoncajuhy.com.br\/site\/wp-json\/wp\/v2\/categories?post=86474"},{"taxonomy":"post_tag","embeddable":true,"href":"https:\/\/blogdoeloiltoncajuhy.com.br\/site\/wp-json\/wp\/v2\/tags?post=86474"}],"curies":[{"name":"wp","href":"https:\/\/api.w.org\/{rel}","templated":true}]}}