{"id":86470,"date":"2025-03-17T17:36:00","date_gmt":"2025-03-17T20:36:00","guid":{"rendered":"https:\/\/blogdoeloiltoncajuhy.com.br\/site\/?p=86470"},"modified":"2025-03-17T17:36:02","modified_gmt":"2025-03-17T20:36:02","slug":"aos-74-anos-amado-batista-se-casa-com-miss-de-23-em-fazenda-no-mt","status":"publish","type":"post","link":"https:\/\/blogdoeloiltoncajuhy.com.br\/site\/aos-74-anos-amado-batista-se-casa-com-miss-de-23-em-fazenda-no-mt\/","title":{"rendered":"Aos 74 anos, Amado Batista se casa com miss, de 23, em fazenda no MT"},"content":{"rendered":"\n<p class=\"has-medium-font-size\"><strong>Cantor e Calita Franciele celebraram a uni\u00e3o com um fest\u00e3o na propriedade do artista.<\/strong><\/p>\n\n\n\n<p><strong>Por Extra<\/strong><\/p>\n\n\n\n<figure class=\"wp-block-image aligncenter size-full\"><a href=\"https:\/\/i0.wp.com\/blogdoeloiltoncajuhy.com.br\/site\/wp-content\/uploads\/2025\/03\/Casamento-de-Amado-Batista-com-Calita-Franciele-%E2%80%94-Foto_Dreams-Films-reproducao-instagram.jpeg?ssl=1\"><img data-recalc-dims=\"1\" fetchpriority=\"high\" decoding=\"async\" width=\"800\" height=\"457\" src=\"https:\/\/i0.wp.com\/blogdoeloiltoncajuhy.com.br\/site\/wp-content\/uploads\/2025\/03\/Casamento-de-Amado-Batista-com-Calita-Franciele-%E2%80%94-Foto_Dreams-Films-reproducao-instagram.jpeg?resize=800%2C457&#038;ssl=1\" alt=\"\" class=\"wp-image-86471\" srcset=\"https:\/\/i0.wp.com\/blogdoeloiltoncajuhy.com.br\/site\/wp-content\/uploads\/2025\/03\/Casamento-de-Amado-Batista-com-Calita-Franciele-%E2%80%94-Foto_Dreams-Films-reproducao-instagram.jpeg?w=888&amp;ssl=1 888w, https:\/\/i0.wp.com\/blogdoeloiltoncajuhy.com.br\/site\/wp-content\/uploads\/2025\/03\/Casamento-de-Amado-Batista-com-Calita-Franciele-%E2%80%94-Foto_Dreams-Films-reproducao-instagram.jpeg?resize=300%2C171&amp;ssl=1 300w, https:\/\/i0.wp.com\/blogdoeloiltoncajuhy.com.br\/site\/wp-content\/uploads\/2025\/03\/Casamento-de-Amado-Batista-com-Calita-Franciele-%E2%80%94-Foto_Dreams-Films-reproducao-instagram.jpeg?resize=768%2C438&amp;ssl=1 768w\" sizes=\"(max-width: 800px) 100vw, 800px\" \/><\/a><figcaption class=\"wp-element-caption\"><sub>O casamento de Amado Batista com a Miss Calita Franciele \u2014 Foto: Dreams Films\/reprodu\u00e7\u00e3o\/Instagram<\/sub><\/figcaption><\/figure>\n\n\n\n<p>Depois do casamento no civil, na \u00faltima quinta-feira (13), Amado Batista, de 74 anos, e a miss Calita Franciele, de 23, reuniram amigos e familiares numa celebra\u00e7\u00e3o, na noite de s\u00e1bado (15), na fazenda do cantor localizada em Cocalinho, no Mato Grosso.<\/p>\n\n\n\n<p>V\u00e1rios convidados chegaram de jatinho e posaram na pista de pouso da fazenda. Por volta das 19h, a cerim\u00f4nia teve in\u00edcio e foi registrada por muitos que estavam presentes.<\/p>\n\n\n\n<p><a href=\"https:\/\/whatsapp.com\/channel\/0029VaAT7tDLI8Yfj5y9Z50Z\"><strong><mark style=\"background-color:rgba(0, 0, 0, 0)\" class=\"has-inline-color has-vivid-red-color\">Siga nosso canal no WhatsApp e veja mais not\u00edcias<\/mark><\/strong><\/a><\/p>\n\n\n\n<p>Calita usou um vestido de noiva com detalhes em renda e um grande v\u00e9u, que vinha acompanhado de uma coroa. O noivo surgiu com um terno azul-claro. O bolo, decorado com flores, tinha mais de quatro andares.<\/p>\n\n\n\n<p>Uma grande mesa, com v\u00e1rios pratos diferentes, ficaram \u00e0 disposi\u00e7\u00e3o dos convidados a noite toda. E lembrancinhas de chocolate foram distribu\u00eddas no fim. Shows como o da cantora Fabiana Gomes animaram a noite.<\/p>\n\n\n\n<p>A hist\u00f3ria de amor entre o cantor e a miss s\u00f3 foi revelado publicamente no fim do ano passado. Na ocasi\u00e3o, Calita falou pela primeira vez sobre o namoro com Amado Batista. &#8220;Estou namorando e apaixonada&#8221;, disse ela nos stories do Instagram.<\/p>\n\n\n\n<p>Calita e Amado Batista come\u00e7aram a se encontrar em junho de 2024, quando o avi\u00e3o particular do cantor passou a ser visto frequentemente em Campin\u00e1polis. O romance chamou aten\u00e7\u00e3o pela diferen\u00e7a de idade, mas amigos pr\u00f3ximos afirmam que \u00e9 \u201camor verdadeiro\u201d. A miss tamb\u00e9m adaptou sua rotina para acompanhar o cantor em shows e viagens.<\/p>\n\n\n\n<figure class=\"wp-block-image aligncenter size-full is-resized\"><a href=\"https:\/\/i0.wp.com\/blogdoeloiltoncajuhy.com.br\/site\/wp-content\/uploads\/2025\/03\/Casamento-de-Amado-Batista-com-a-Miss-Calita-Franciele-%E2%80%94-Foto_reproducao-Instagram.jpeg?ssl=1\"><img data-recalc-dims=\"1\" decoding=\"async\" width=\"800\" height=\"800\" src=\"https:\/\/i0.wp.com\/blogdoeloiltoncajuhy.com.br\/site\/wp-content\/uploads\/2025\/03\/Casamento-de-Amado-Batista-com-a-Miss-Calita-Franciele-%E2%80%94-Foto_reproducao-Instagram.jpeg?resize=800%2C800&#038;ssl=1\" alt=\"\" class=\"wp-image-86472\" style=\"width:692px;height:auto\" srcset=\"https:\/\/i0.wp.com\/blogdoeloiltoncajuhy.com.br\/site\/wp-content\/uploads\/2025\/03\/Casamento-de-Amado-Batista-com-a-Miss-Calita-Franciele-%E2%80%94-Foto_reproducao-Instagram.jpeg?w=800&amp;ssl=1 800w, https:\/\/i0.wp.com\/blogdoeloiltoncajuhy.com.br\/site\/wp-content\/uploads\/2025\/03\/Casamento-de-Amado-Batista-com-a-Miss-Calita-Franciele-%E2%80%94-Foto_reproducao-Instagram.jpeg?resize=300%2C300&amp;ssl=1 300w, https:\/\/i0.wp.com\/blogdoeloiltoncajuhy.com.br\/site\/wp-content\/uploads\/2025\/03\/Casamento-de-Amado-Batista-com-a-Miss-Calita-Franciele-%E2%80%94-Foto_reproducao-Instagram.jpeg?resize=150%2C150&amp;ssl=1 150w, https:\/\/i0.wp.com\/blogdoeloiltoncajuhy.com.br\/site\/wp-content\/uploads\/2025\/03\/Casamento-de-Amado-Batista-com-a-Miss-Calita-Franciele-%E2%80%94-Foto_reproducao-Instagram.jpeg?resize=768%2C768&amp;ssl=1 768w\" sizes=\"(max-width: 800px) 100vw, 800px\" \/><\/a><figcaption class=\"wp-element-caption\"><sub>O casamento de Amado Batista com a Miss Calita Franciele \u2014 Foto: reprodu\u00e7\u00e3o\/Instagram<\/sub><\/figcaption><\/figure>\n","protected":false},"excerpt":{"rendered":"<p>Cantor e Calita Franciele celebraram a uni\u00e3o com um fest\u00e3o na propriedade do artista. Por Extra Depois do casamento no civil, na \u00faltima quinta-feira (13), Amado Batista, de 74 anos, e a miss Calita Franciele, de 23, reuniram amigos e familiares numa celebra\u00e7\u00e3o, na noite de s\u00e1bado (15), na fazenda do cantor localizada em Cocalinho, [&hellip;]<\/p>\n","protected":false},"author":2,"featured_media":86472,"comment_status":"open","ping_status":"open","sticky":false,"template":"","format":"standard","meta":{"_acf_changed":false,"_monsterinsights_skip_tracking":false,"_monsterinsights_sitenote_active":false,"_monsterinsights_sitenote_note":"","_monsterinsights_sitenote_category":0,"_jetpack_memberships_contains_paid_content":false,"footnotes":"","jetpack_publicize_message":"","jetpack_publicize_feature_enabled":true,"jetpack_social_post_already_shared":true,"jetpack_social_options":{"image_generator_settings":{"template":"highway","default_image_id":0,"font":"","enabled":false},"version":2}},"categories":[8],"tags":[],"class_list":["post-86470","post","type-post","status-publish","format-standard","has-post-thumbnail","hentry","category-cultura"],"acf":[],"jetpack_publicize_connections":[],"jetpack_featured_media_url":"https:\/\/i0.wp.com\/blogdoeloiltoncajuhy.com.br\/site\/wp-content\/uploads\/2025\/03\/Casamento-de-Amado-Batista-com-a-Miss-Calita-Franciele-%E2%80%94-Foto_reproducao-Instagram.jpeg?fit=800%2C800&ssl=1","jetpack_sharing_enabled":true,"publishpress_future_workflow_manual_trigger":{"enabledWorkflows":[]},"_links":{"self":[{"href":"https:\/\/blogdoeloiltoncajuhy.com.br\/site\/wp-json\/wp\/v2\/posts\/86470","targetHints":{"allow":["GET"]}}],"collection":[{"href":"https:\/\/blogdoeloiltoncajuhy.com.br\/site\/wp-json\/wp\/v2\/posts"}],"about":[{"href":"https:\/\/blogdoeloiltoncajuhy.com.br\/site\/wp-json\/wp\/v2\/types\/post"}],"author":[{"embeddable":true,"href":"https:\/\/blogdoeloiltoncajuhy.com.br\/site\/wp-json\/wp\/v2\/users\/2"}],"replies":[{"embeddable":true,"href":"https:\/\/blogdoeloiltoncajuhy.com.br\/site\/wp-json\/wp\/v2\/comments?post=86470"}],"version-history":[{"count":1,"href":"https:\/\/blogdoeloiltoncajuhy.com.br\/site\/wp-json\/wp\/v2\/posts\/86470\/revisions"}],"predecessor-version":[{"id":86473,"href":"https:\/\/blogdoeloiltoncajuhy.com.br\/site\/wp-json\/wp\/v2\/posts\/86470\/revisions\/86473"}],"wp:featuredmedia":[{"embeddable":true,"href":"https:\/\/blogdoeloiltoncajuhy.com.br\/site\/wp-json\/wp\/v2\/media\/86472"}],"wp:attachment":[{"href":"https:\/\/blogdoeloiltoncajuhy.com.br\/site\/wp-json\/wp\/v2\/media?parent=86470"}],"wp:term":[{"taxonomy":"category","embeddable":true,"href":"https:\/\/blogdoeloiltoncajuhy.com.br\/site\/wp-json\/wp\/v2\/categories?post=86470"},{"taxonomy":"post_tag","embeddable":true,"href":"https:\/\/blogdoeloiltoncajuhy.com.br\/site\/wp-json\/wp\/v2\/tags?post=86470"}],"curies":[{"name":"wp","href":"https:\/\/api.w.org\/{rel}","templated":true}]}}