{"id":86459,"date":"2025-03-17T15:39:43","date_gmt":"2025-03-17T18:39:43","guid":{"rendered":"https:\/\/blogdoeloiltoncajuhy.com.br\/site\/?p=86459"},"modified":"2025-03-17T15:39:45","modified_gmt":"2025-03-17T18:39:45","slug":"17-de-marco-centenario-de-nascimento-de-moises-cajuhy","status":"publish","type":"post","link":"https:\/\/blogdoeloiltoncajuhy.com.br\/site\/17-de-marco-centenario-de-nascimento-de-moises-cajuhy\/","title":{"rendered":"17 de mar\u00e7o: Centen\u00e1rio de nascimento de Mois\u00e9s Cajuhy"},"content":{"rendered":"\n<p class=\"has-text-align-right\"><strong>*Por Eloilton Cajuhy<\/strong><\/p>\n\n\n\n<figure class=\"wp-block-image aligncenter size-full\"><a href=\"https:\/\/i0.wp.com\/blogdoeloiltoncajuhy.com.br\/site\/wp-content\/uploads\/2025\/03\/Moises-Cajuhy-94-anos.jpg\"><img data-recalc-dims=\"1\" fetchpriority=\"high\" decoding=\"async\" width=\"720\" height=\"540\" src=\"https:\/\/i0.wp.com\/blogdoeloiltoncajuhy.com.br\/site\/wp-content\/uploads\/2025\/03\/Moises-Cajuhy-94-anos.jpg?resize=720%2C540\" alt=\"\" class=\"wp-image-86460\" srcset=\"https:\/\/i0.wp.com\/blogdoeloiltoncajuhy.com.br\/site\/wp-content\/uploads\/2025\/03\/Moises-Cajuhy-94-anos.jpg?w=720&amp;ssl=1 720w, https:\/\/i0.wp.com\/blogdoeloiltoncajuhy.com.br\/site\/wp-content\/uploads\/2025\/03\/Moises-Cajuhy-94-anos.jpg?resize=300%2C225&amp;ssl=1 300w\" sizes=\"(max-width: 720px) 100vw, 720px\" \/><\/a><figcaption class=\"wp-element-caption\"><sub>Em mar\u00e7o de 2019, foram comemorados os 94 anos de Mois\u00e9s Cajuhy<\/sub><\/figcaption><\/figure>\n\n\n\n<p>Neste 17 de mar\u00e7o de 2025, a fam\u00edlia Cajuhy celebra o centen\u00e1rio de nascimento de <strong>Mois\u00e9s Ferreira Cajuhy<\/strong>. Homem bastante querido na regi\u00e3o do S\u00edtio do A\u00e7ude, munic\u00edpio de Andorinha, &#8220;Seu Mois\u00e9s&#8221;, como era carinhosamente chamado, construiu uma larga hist\u00f3ria de trabalho, amizade e companheirismo.<\/p>\n\n\n\n<p>Pai de 6 filhos, <strong><mark style=\"background-color:rgba(0, 0, 0, 0)\" class=\"has-inline-color has-black-color\">H\u00e9lia, Elioneide, Eloilton, Elto, Ana Cristina e Ana Meire, Mois\u00e9s Cajuhy,<\/mark><\/strong> ap\u00f3s nascer na fazenda Cachoeira, em Jaguarari, teve que morar em outras localidades, j\u00e1 que a fam\u00edlia era perseguida por Lampi\u00e3o e seu bando.<\/p>\n\n\n\n<p>Antes de fixar resid\u00eancia no S\u00edtio do A\u00e7ude, sua \u00faltima morada com seus pais foi na fazenda Lajedo, na divisa entre Andorinha e Jaguarari. Ao longo de sua exist\u00eancia foi comerciante, criador de caprinos e ovinos e motorista, viajando constantemente para Senhor do Bonfim transportando passageiros.<\/p>\n\n\n\n<figure class=\"wp-block-image aligncenter size-full\"><a href=\"https:\/\/i0.wp.com\/blogdoeloiltoncajuhy.com.br\/site\/wp-content\/uploads\/2025\/03\/Moises-Cajuhy.jpg?ssl=1\"><img data-recalc-dims=\"1\" decoding=\"async\" width=\"600\" height=\"593\" src=\"https:\/\/i0.wp.com\/blogdoeloiltoncajuhy.com.br\/site\/wp-content\/uploads\/2025\/03\/Moises-Cajuhy.jpg?resize=600%2C593&#038;ssl=1\" alt=\"\" class=\"wp-image-86461\" srcset=\"https:\/\/i0.wp.com\/blogdoeloiltoncajuhy.com.br\/site\/wp-content\/uploads\/2025\/03\/Moises-Cajuhy.jpg?w=600&amp;ssl=1 600w, https:\/\/i0.wp.com\/blogdoeloiltoncajuhy.com.br\/site\/wp-content\/uploads\/2025\/03\/Moises-Cajuhy.jpg?resize=300%2C297&amp;ssl=1 300w\" sizes=\"(max-width: 600px) 100vw, 600px\" \/><\/a><figcaption class=\"wp-element-caption\"><sub>Foto: Arquivo da fam\u00edlia<\/sub><\/figcaption><\/figure>\n\n\n\n<p>Em Bonfim fez grandes amizades entre empres\u00e1rios e pol\u00edticos. Entre Andorinha (onde tamb\u00e9m teve um pequeno com\u00e9rcio), Santa Rosa, munic\u00edpio de Jaguarari, e outras localidades, sua presen\u00e7a era motivo de alegria para seus amigos.<\/p>\n\n\n\n<p>Em 2013, Seu Mois\u00e9s perdeu a vis\u00e3o por causa de um glaucoma e, a partir da\u00ed, teve sua sa\u00fade debilitada, vindo a falecer em 13 de fevereiro de 2021.<\/p>\n\n\n\n<p>Com os cora\u00e7\u00f5es cheios de gratid\u00e3o, seus familiares comemoraram os 100 anos de seu nascimento com muita saudade, mas, ao mesmo tempo, com uma imensa alegria pela conviv\u00eancia com um ser humano excepcional.<\/p>\n\n\n\n<p>A data ser\u00e1 lembrada com uma missa na Catedral de Senhor do Bonfim, nesta ter\u00e7a-feira, 18 de mar\u00e7o, \u00e0s 19h.<\/p>\n\n\n\n<p><a href=\"https:\/\/whatsapp.com\/channel\/0029VaAT7tDLI8Yfj5y9Z50Z\"><strong><mark style=\"background-color:rgba(0, 0, 0, 0)\" class=\"has-inline-color has-vivid-red-color\">Siga nosso canal no WhatsApp e veja mais not\u00edcias<\/mark><\/strong><\/a><\/p>\n","protected":false},"excerpt":{"rendered":"<p>*Por Eloilton Cajuhy Neste 17 de mar\u00e7o de 2025, a fam\u00edlia Cajuhy celebra o centen\u00e1rio de nascimento de Mois\u00e9s Ferreira Cajuhy. Homem bastante querido na regi\u00e3o do S\u00edtio do A\u00e7ude, munic\u00edpio de Andorinha, &#8220;Seu Mois\u00e9s&#8221;, como era carinhosamente chamado, construiu uma larga hist\u00f3ria de trabalho, amizade e companheirismo. Pai de 6 filhos, H\u00e9lia, Elioneide, Eloilton, [&hellip;]<\/p>\n","protected":false},"author":2,"featured_media":86461,"comment_status":"open","ping_status":"open","sticky":false,"template":"","format":"standard","meta":{"_acf_changed":false,"_monsterinsights_skip_tracking":false,"_monsterinsights_sitenote_active":false,"_monsterinsights_sitenote_note":"","_monsterinsights_sitenote_category":0,"_jetpack_memberships_contains_paid_content":false,"footnotes":"","jetpack_publicize_message":"","jetpack_publicize_feature_enabled":true,"jetpack_social_post_already_shared":true,"jetpack_social_options":{"image_generator_settings":{"template":"highway","default_image_id":0,"font":"","enabled":false},"version":2}},"categories":[4],"tags":[],"class_list":["post-86459","post","type-post","status-publish","format-standard","has-post-thumbnail","hentry","category-local"],"acf":[],"jetpack_publicize_connections":[],"jetpack_featured_media_url":"https:\/\/i0.wp.com\/blogdoeloiltoncajuhy.com.br\/site\/wp-content\/uploads\/2025\/03\/Moises-Cajuhy.jpg?fit=600%2C593&ssl=1","jetpack_sharing_enabled":true,"publishpress_future_workflow_manual_trigger":{"enabledWorkflows":[]},"_links":{"self":[{"href":"https:\/\/blogdoeloiltoncajuhy.com.br\/site\/wp-json\/wp\/v2\/posts\/86459","targetHints":{"allow":["GET"]}}],"collection":[{"href":"https:\/\/blogdoeloiltoncajuhy.com.br\/site\/wp-json\/wp\/v2\/posts"}],"about":[{"href":"https:\/\/blogdoeloiltoncajuhy.com.br\/site\/wp-json\/wp\/v2\/types\/post"}],"author":[{"embeddable":true,"href":"https:\/\/blogdoeloiltoncajuhy.com.br\/site\/wp-json\/wp\/v2\/users\/2"}],"replies":[{"embeddable":true,"href":"https:\/\/blogdoeloiltoncajuhy.com.br\/site\/wp-json\/wp\/v2\/comments?post=86459"}],"version-history":[{"count":1,"href":"https:\/\/blogdoeloiltoncajuhy.com.br\/site\/wp-json\/wp\/v2\/posts\/86459\/revisions"}],"predecessor-version":[{"id":86462,"href":"https:\/\/blogdoeloiltoncajuhy.com.br\/site\/wp-json\/wp\/v2\/posts\/86459\/revisions\/86462"}],"wp:featuredmedia":[{"embeddable":true,"href":"https:\/\/blogdoeloiltoncajuhy.com.br\/site\/wp-json\/wp\/v2\/media\/86461"}],"wp:attachment":[{"href":"https:\/\/blogdoeloiltoncajuhy.com.br\/site\/wp-json\/wp\/v2\/media?parent=86459"}],"wp:term":[{"taxonomy":"category","embeddable":true,"href":"https:\/\/blogdoeloiltoncajuhy.com.br\/site\/wp-json\/wp\/v2\/categories?post=86459"},{"taxonomy":"post_tag","embeddable":true,"href":"https:\/\/blogdoeloiltoncajuhy.com.br\/site\/wp-json\/wp\/v2\/tags?post=86459"}],"curies":[{"name":"wp","href":"https:\/\/api.w.org\/{rel}","templated":true}]}}