{"id":86456,"date":"2025-03-17T08:53:47","date_gmt":"2025-03-17T11:53:47","guid":{"rendered":"https:\/\/blogdoeloiltoncajuhy.com.br\/site\/?p=86456"},"modified":"2025-03-17T08:53:49","modified_gmt":"2025-03-17T11:53:49","slug":"homem-suspeito-de-participacao-em-assaltos-morre-em-confronto-com-a-pm-de-senhor-do-bonfim","status":"publish","type":"post","link":"https:\/\/blogdoeloiltoncajuhy.com.br\/site\/homem-suspeito-de-participacao-em-assaltos-morre-em-confronto-com-a-pm-de-senhor-do-bonfim\/","title":{"rendered":"Homem suspeito de participa\u00e7\u00e3o em assaltos morre em confronto com a PM de Senhor do Bonfim"},"content":{"rendered":"\n<p class=\"has-medium-font-size\"><strong>De acordo com a pol\u00edcia, o homem \u00e9 suspeito de participar dos assaltos ao s\u00edtio de uma professora e a um gelad\u00e3o no bairro do Mercado.<\/strong><\/p>\n\n\n\n<p><strong>Por Blog do Eloilton Cajuhy \u2013 BEC<\/strong><\/p>\n\n\n\n<figure class=\"wp-block-image aligncenter size-full\"><a href=\"https:\/\/i0.wp.com\/blogdoeloiltoncajuhy.com.br\/site\/wp-content\/uploads\/2025\/03\/PM_Bonfim_apreensao-arma-e-drogas_160325.jpeg?ssl=1\"><img data-recalc-dims=\"1\" fetchpriority=\"high\" decoding=\"async\" width=\"750\" height=\"620\" src=\"https:\/\/i0.wp.com\/blogdoeloiltoncajuhy.com.br\/site\/wp-content\/uploads\/2025\/03\/PM_Bonfim_apreensao-arma-e-drogas_160325.jpeg?resize=750%2C620&#038;ssl=1\" alt=\"\" class=\"wp-image-86457\" srcset=\"https:\/\/i0.wp.com\/blogdoeloiltoncajuhy.com.br\/site\/wp-content\/uploads\/2025\/03\/PM_Bonfim_apreensao-arma-e-drogas_160325.jpeg?w=750&amp;ssl=1 750w, https:\/\/i0.wp.com\/blogdoeloiltoncajuhy.com.br\/site\/wp-content\/uploads\/2025\/03\/PM_Bonfim_apreensao-arma-e-drogas_160325.jpeg?resize=300%2C248&amp;ssl=1 300w\" sizes=\"(max-width: 750px) 100vw, 750px\" \/><\/a><figcaption class=\"wp-element-caption\"><sub>Foto: Divulga\u00e7\u00e3o \/ PM de Senhor do Bonfim\/BA<\/sub><\/figcaption><\/figure>\n\n\n\n<p>A Pol\u00edcia Militar de Senhor do Bonfim realizou neste domingo (16), a Opera\u00e7\u00e3o Harpia, com o objetivo de combater a criminalidade, principalmente ap\u00f3s dois homens invadirem um s\u00edtio no interior do munic\u00edpio e o registro de um assalto a um gelad\u00e3o no bairro do Mercado.<\/p>\n\n\n\n<p>Por volta das 17h30, uma guarni\u00e7\u00e3o realizava patrulhamento t\u00e1tico nas imedia\u00e7\u00f5es da localidade conhecida com &#8220;Sovaco da Ema&#8221;, quando populares informaram que suspeitos de estarem realizando assaltos no com\u00e9rcio local, estavam armados naquela localidade. Ao chegarem no local, os policiais se depararam com dois suspeitos armados. Segundo a PM, eles tinhas as caracter\u00edsticas descritas por v\u00edtimas de assaltos ocorridos nos \u00faltimos dias no com\u00e9rcio e em localidades rurais da cidade.<\/p>\n\n\n\n<p>Percebendo a aproxima\u00e7\u00e3o da pol\u00edcia, os indiv\u00edduos teriam disparado tiros contra os policiais, dando in\u00edcio a um confronto. Cessados os disparos, os PMs verificaram que um dos suspeitos havia sido alvejado, sendo socorrido at\u00e9 a UPA 24h, onde foi constatada a sua morte. O nome do indiv\u00edduo n\u00e3o foi revelado.<\/p>\n\n\n\n<p>O outro elemento conseguiu fugir e at\u00e9 a produ\u00e7\u00e3o desta mat\u00e9ria ainda n\u00e3o havia sido localizado pela PM.<\/p>\n\n\n\n<p>Ainda de acordo com informa\u00e7\u00f5es da Pol\u00edcia Militar, foram apreendidos na a\u00e7\u00e3o, um rev\u00f3lver calibre 38, tr\u00eas muni\u00e7\u00f5es intactas e tr\u00eas deflagradas, uma balaclava, dez pacotes de maconha e doze pedras de crack.<\/p>\n","protected":false},"excerpt":{"rendered":"<p>De acordo com a pol\u00edcia, o homem \u00e9 suspeito de participar dos assaltos ao s\u00edtio de uma professora e a um gelad\u00e3o no bairro do Mercado. Por Blog do Eloilton Cajuhy \u2013 BEC A Pol\u00edcia Militar de Senhor do Bonfim realizou neste domingo (16), a Opera\u00e7\u00e3o Harpia, com o objetivo de combater a criminalidade, principalmente [&hellip;]<\/p>\n","protected":false},"author":2,"featured_media":86457,"comment_status":"open","ping_status":"open","sticky":false,"template":"","format":"standard","meta":{"_acf_changed":false,"_monsterinsights_skip_tracking":false,"_monsterinsights_sitenote_active":false,"_monsterinsights_sitenote_note":"","_monsterinsights_sitenote_category":0,"_jetpack_memberships_contains_paid_content":false,"footnotes":"","jetpack_publicize_message":"","jetpack_publicize_feature_enabled":true,"jetpack_social_post_already_shared":true,"jetpack_social_options":{"image_generator_settings":{"template":"highway","default_image_id":0,"font":"","enabled":false},"version":2}},"categories":[15],"tags":[],"class_list":["post-86456","post","type-post","status-publish","format-standard","has-post-thumbnail","hentry","category-policia"],"acf":[],"jetpack_publicize_connections":[],"jetpack_featured_media_url":"https:\/\/i0.wp.com\/blogdoeloiltoncajuhy.com.br\/site\/wp-content\/uploads\/2025\/03\/PM_Bonfim_apreensao-arma-e-drogas_160325.jpeg?fit=750%2C620&ssl=1","jetpack_sharing_enabled":true,"publishpress_future_workflow_manual_trigger":{"enabledWorkflows":[]},"_links":{"self":[{"href":"https:\/\/blogdoeloiltoncajuhy.com.br\/site\/wp-json\/wp\/v2\/posts\/86456","targetHints":{"allow":["GET"]}}],"collection":[{"href":"https:\/\/blogdoeloiltoncajuhy.com.br\/site\/wp-json\/wp\/v2\/posts"}],"about":[{"href":"https:\/\/blogdoeloiltoncajuhy.com.br\/site\/wp-json\/wp\/v2\/types\/post"}],"author":[{"embeddable":true,"href":"https:\/\/blogdoeloiltoncajuhy.com.br\/site\/wp-json\/wp\/v2\/users\/2"}],"replies":[{"embeddable":true,"href":"https:\/\/blogdoeloiltoncajuhy.com.br\/site\/wp-json\/wp\/v2\/comments?post=86456"}],"version-history":[{"count":1,"href":"https:\/\/blogdoeloiltoncajuhy.com.br\/site\/wp-json\/wp\/v2\/posts\/86456\/revisions"}],"predecessor-version":[{"id":86458,"href":"https:\/\/blogdoeloiltoncajuhy.com.br\/site\/wp-json\/wp\/v2\/posts\/86456\/revisions\/86458"}],"wp:featuredmedia":[{"embeddable":true,"href":"https:\/\/blogdoeloiltoncajuhy.com.br\/site\/wp-json\/wp\/v2\/media\/86457"}],"wp:attachment":[{"href":"https:\/\/blogdoeloiltoncajuhy.com.br\/site\/wp-json\/wp\/v2\/media?parent=86456"}],"wp:term":[{"taxonomy":"category","embeddable":true,"href":"https:\/\/blogdoeloiltoncajuhy.com.br\/site\/wp-json\/wp\/v2\/categories?post=86456"},{"taxonomy":"post_tag","embeddable":true,"href":"https:\/\/blogdoeloiltoncajuhy.com.br\/site\/wp-json\/wp\/v2\/tags?post=86456"}],"curies":[{"name":"wp","href":"https:\/\/api.w.org\/{rel}","templated":true}]}}