{"id":86437,"date":"2025-03-14T15:28:05","date_gmt":"2025-03-14T18:28:05","guid":{"rendered":"https:\/\/blogdoeloiltoncajuhy.com.br\/site\/?p=86437"},"modified":"2025-03-14T15:29:01","modified_gmt":"2025-03-14T18:29:01","slug":"apos-ganhar-titulos-de-miss-bahia-e-miss-culture-brasil-jovem-bonfinense-vai-representar-o-pais-em-concurso-de-beleza-internacional-na-republica-dominicana","status":"publish","type":"post","link":"https:\/\/blogdoeloiltoncajuhy.com.br\/site\/apos-ganhar-titulos-de-miss-bahia-e-miss-culture-brasil-jovem-bonfinense-vai-representar-o-pais-em-concurso-de-beleza-internacional-na-republica-dominicana\/","title":{"rendered":"Ap\u00f3s ganhar t\u00edtulos de Miss Bahia e Miss Culture Brasil, jovem bonfinense vai representar o pa\u00eds em concurso internacional na Rep\u00fablica Dominicana"},"content":{"rendered":"\n<p><strong>Por Blog do Eloilton Cajuhy &#8211; BEC<\/strong><\/p>\n\n\n\n<figure class=\"wp-block-image aligncenter size-full is-resized\"><a href=\"https:\/\/i0.wp.com\/blogdoeloiltoncajuhy.com.br\/site\/wp-content\/uploads\/2025\/03\/Julia-Santana_14-3-2025_Foto-Mauro-Coelho.jpeg?ssl=1\"><img data-recalc-dims=\"1\" fetchpriority=\"high\" decoding=\"async\" width=\"753\" height=\"829\" src=\"https:\/\/i0.wp.com\/blogdoeloiltoncajuhy.com.br\/site\/wp-content\/uploads\/2025\/03\/Julia-Santana_14-3-2025_Foto-Mauro-Coelho.jpeg?resize=753%2C829&#038;ssl=1\" alt=\"\" class=\"wp-image-86438\" style=\"width:695px;height:auto\" srcset=\"https:\/\/i0.wp.com\/blogdoeloiltoncajuhy.com.br\/site\/wp-content\/uploads\/2025\/03\/Julia-Santana_14-3-2025_Foto-Mauro-Coelho.jpeg?w=753&amp;ssl=1 753w, https:\/\/i0.wp.com\/blogdoeloiltoncajuhy.com.br\/site\/wp-content\/uploads\/2025\/03\/Julia-Santana_14-3-2025_Foto-Mauro-Coelho.jpeg?resize=272%2C300&amp;ssl=1 272w\" sizes=\"(max-width: 753px) 100vw, 753px\" \/><\/a><figcaption class=\"wp-element-caption\"><sub>Foto: Mauro Coelho<\/sub><\/figcaption><\/figure>\n\n\n\n<p><strong><mark style=\"background-color:rgba(0, 0, 0, 0)\" class=\"has-inline-color has-black-color\">J\u00falia Santana<\/mark><\/strong>, nasceu em Salvador, mas escolheu morar em Senhor do Bonfim, por conta da qualidade de vida, seguran\u00e7a e receptividade que a cidade proporciona, se encantando com a diversidade cultural daqui.<\/p>\n\n\n\n<p>Bacharela e licenciada em Educa\u00e7\u00e3o F\u00edsica, ela \u00e9 apaixonada por cultura, dan\u00e7a, teatro e passarela.<\/p>\n\n\n\n<p><a href=\"https:\/\/whatsapp.com\/channel\/0029VaAT7tDLI8Yfj5y9Z50Z\"><strong><mark style=\"background-color:rgba(0, 0, 0, 0)\" class=\"has-inline-color has-vivid-red-color\">Siga nosso canal no WhatsApp e veja mais not\u00edcias<\/mark><\/strong><\/a><\/p>\n\n\n\n<p>Recentemente, J\u00falia, de 25 anos, foi selecionada pela comiss\u00e3o organizadora do <strong>Miss Bahia Connection<\/strong> e escolheu representar a cidade de Senhor do Bonfim, onde recebeu titulo de <strong>Miss Bahia Destaque<\/strong>, sendo convidada a representar a Bahia no concurso de beleza e cultura <strong>Miss e Mister Brasil Culture 2025<\/strong>, que aconteceu em fevereiro, em Curitiba no Paran\u00e1.<\/p>\n\n\n\n<p>Para este concurso, com muito esfor\u00e7o, J\u00falia Santana recebeu apoio e patroc\u00ednio de diversas empresas de Senhor do Bonfim, que contribu\u00edram diretamente para que ela participasse, tornando-se vencedora da categoria e trazendo para a nossa cidade a coroa e e faixa com o titulo de <strong>Miss Brasil Petite Culture 2025<\/strong>, uma nova conquista que elevou o nome da cidade no seu principal destaque, a Capital Baiana do Forro.<\/p>\n\n\n\n<p>J\u00falia vestiu na etapa cultural &#8220;Traje T\u00edpico&#8221;, uma fantasia oficial da quadrilha Alegria Que Contagia (AQC), vencedora do concurso de quadrilhas do nosso munic\u00edpio.<\/p>\n\n\n\n<figure class=\"wp-block-image aligncenter size-full is-resized\"><a href=\"https:\/\/i0.wp.com\/blogdoeloiltoncajuhy.com.br\/site\/wp-content\/uploads\/2025\/03\/Julia-Santana_14-3-2025_Foto-Mauro-Coelho-02.png?ssl=1\"><img data-recalc-dims=\"1\" decoding=\"async\" width=\"438\" height=\"642\" src=\"https:\/\/i0.wp.com\/blogdoeloiltoncajuhy.com.br\/site\/wp-content\/uploads\/2025\/03\/Julia-Santana_14-3-2025_Foto-Mauro-Coelho-02.png?resize=438%2C642&#038;ssl=1\" alt=\"\" class=\"wp-image-86439\" style=\"width:521px;height:auto\" srcset=\"https:\/\/i0.wp.com\/blogdoeloiltoncajuhy.com.br\/site\/wp-content\/uploads\/2025\/03\/Julia-Santana_14-3-2025_Foto-Mauro-Coelho-02.png?w=438&amp;ssl=1 438w, https:\/\/i0.wp.com\/blogdoeloiltoncajuhy.com.br\/site\/wp-content\/uploads\/2025\/03\/Julia-Santana_14-3-2025_Foto-Mauro-Coelho-02.png?resize=205%2C300&amp;ssl=1 205w\" sizes=\"(max-width: 438px) 100vw, 438px\" \/><\/a><figcaption class=\"wp-element-caption\"><sub>J\u00falia desfila no Cal\u00e7ad\u00e3o da Joviniano Duarte e posa para o fot\u00f3grafo Mauro Coelho<\/sub><\/figcaption><\/figure>\n\n\n\n<p>Na quarta-feira, dia 12, a jovem recebeu o convite para representar o Brasil no <strong>Concurso Internacional<\/strong> <strong>Miss Beleza Marina<\/strong>, que ocorrer\u00e1 em outubro na Republica Dominicana.<\/p>\n\n\n\n<p>Mais uma vez, sua equipe de produ\u00e7\u00e3o solicita novo apoio dos bonfinenses, uma vez que os custos para participar de uma etapa internacional s\u00e3o altos.<\/p>\n\n\n\n<blockquote class=\"wp-block-quote is-layout-flow wp-block-quote-is-layout-flow\">\n<p class=\"has-medium-font-size\"><strong><mark style=\"background-color:rgba(0, 0, 0, 0)\" class=\"has-inline-color has-black-color\">&#8220;J\u00falia se sente muito honrada de levar o nome da cidade que a abra\u00e7ou e que ela escolheu morar, para todo o Brasil e para fora dele&#8221;, diz a produ\u00e7\u00e3o da Miss Bahia e Miss Bonfim 2024.<\/mark><\/strong><\/p>\n<\/blockquote>\n","protected":false},"excerpt":{"rendered":"<p>Por Blog do Eloilton Cajuhy &#8211; BEC J\u00falia Santana, nasceu em Salvador, mas escolheu morar em Senhor do Bonfim, por conta da qualidade de vida, seguran\u00e7a e receptividade que a cidade proporciona, se encantando com a diversidade cultural daqui. Bacharela e licenciada em Educa\u00e7\u00e3o F\u00edsica, ela \u00e9 apaixonada por cultura, dan\u00e7a, teatro e passarela. Siga [&hellip;]<\/p>\n","protected":false},"author":2,"featured_media":86438,"comment_status":"open","ping_status":"open","sticky":false,"template":"","format":"standard","meta":{"_acf_changed":false,"_monsterinsights_skip_tracking":false,"_monsterinsights_sitenote_active":false,"_monsterinsights_sitenote_note":"","_monsterinsights_sitenote_category":0,"_jetpack_memberships_contains_paid_content":false,"footnotes":"","jetpack_publicize_message":"","jetpack_publicize_feature_enabled":true,"jetpack_social_post_already_shared":true,"jetpack_social_options":{"image_generator_settings":{"template":"highway","default_image_id":0,"font":"","enabled":false},"version":2}},"categories":[4],"tags":[],"class_list":["post-86437","post","type-post","status-publish","format-standard","has-post-thumbnail","hentry","category-local"],"acf":[],"jetpack_publicize_connections":[],"jetpack_featured_media_url":"https:\/\/i0.wp.com\/blogdoeloiltoncajuhy.com.br\/site\/wp-content\/uploads\/2025\/03\/Julia-Santana_14-3-2025_Foto-Mauro-Coelho.jpeg?fit=753%2C829&ssl=1","jetpack_sharing_enabled":true,"publishpress_future_workflow_manual_trigger":{"enabledWorkflows":[]},"_links":{"self":[{"href":"https:\/\/blogdoeloiltoncajuhy.com.br\/site\/wp-json\/wp\/v2\/posts\/86437","targetHints":{"allow":["GET"]}}],"collection":[{"href":"https:\/\/blogdoeloiltoncajuhy.com.br\/site\/wp-json\/wp\/v2\/posts"}],"about":[{"href":"https:\/\/blogdoeloiltoncajuhy.com.br\/site\/wp-json\/wp\/v2\/types\/post"}],"author":[{"embeddable":true,"href":"https:\/\/blogdoeloiltoncajuhy.com.br\/site\/wp-json\/wp\/v2\/users\/2"}],"replies":[{"embeddable":true,"href":"https:\/\/blogdoeloiltoncajuhy.com.br\/site\/wp-json\/wp\/v2\/comments?post=86437"}],"version-history":[{"count":2,"href":"https:\/\/blogdoeloiltoncajuhy.com.br\/site\/wp-json\/wp\/v2\/posts\/86437\/revisions"}],"predecessor-version":[{"id":86441,"href":"https:\/\/blogdoeloiltoncajuhy.com.br\/site\/wp-json\/wp\/v2\/posts\/86437\/revisions\/86441"}],"wp:featuredmedia":[{"embeddable":true,"href":"https:\/\/blogdoeloiltoncajuhy.com.br\/site\/wp-json\/wp\/v2\/media\/86438"}],"wp:attachment":[{"href":"https:\/\/blogdoeloiltoncajuhy.com.br\/site\/wp-json\/wp\/v2\/media?parent=86437"}],"wp:term":[{"taxonomy":"category","embeddable":true,"href":"https:\/\/blogdoeloiltoncajuhy.com.br\/site\/wp-json\/wp\/v2\/categories?post=86437"},{"taxonomy":"post_tag","embeddable":true,"href":"https:\/\/blogdoeloiltoncajuhy.com.br\/site\/wp-json\/wp\/v2\/tags?post=86437"}],"curies":[{"name":"wp","href":"https:\/\/api.w.org\/{rel}","templated":true}]}}