{"id":86426,"date":"2025-03-14T08:47:38","date_gmt":"2025-03-14T11:47:38","guid":{"rendered":"https:\/\/blogdoeloiltoncajuhy.com.br\/site\/?p=86426"},"modified":"2025-03-14T08:47:40","modified_gmt":"2025-03-14T11:47:40","slug":"stf-marca-julgamento-de-denuncia-contra-bolsonaro-para-25-de-marco","status":"publish","type":"post","link":"https:\/\/blogdoeloiltoncajuhy.com.br\/site\/stf-marca-julgamento-de-denuncia-contra-bolsonaro-para-25-de-marco\/","title":{"rendered":"STF marca julgamento de den\u00fancia contra Bolsonaro para 25 de mar\u00e7o"},"content":{"rendered":"\n<p class=\"has-medium-font-size\"><strong>Braga Netto, Augusto Heleno tamb\u00e9m ser\u00e3o julgados pela Corte<\/strong><\/p>\n\n\n\n<p><strong>Andr\u00e9 Richter\/Ag\u00eancia Brasil<\/strong><\/p>\n\n\n\n<figure class=\"wp-block-image aligncenter size-full\"><a href=\"https:\/\/i0.wp.com\/blogdoeloiltoncajuhy.com.br\/site\/wp-content\/uploads\/2024\/08\/STF_Foto-Marcello-Casal-Jr-Agencia-Brasil-Arquivo.jpeg\"><img data-recalc-dims=\"1\" fetchpriority=\"high\" decoding=\"async\" width=\"760\" height=\"455\" src=\"https:\/\/i0.wp.com\/blogdoeloiltoncajuhy.com.br\/site\/wp-content\/uploads\/2024\/08\/STF_Foto-Marcello-Casal-Jr-Agencia-Brasil-Arquivo.jpeg?resize=760%2C455\" alt=\"\" class=\"wp-image-82582\" srcset=\"https:\/\/i0.wp.com\/blogdoeloiltoncajuhy.com.br\/site\/wp-content\/uploads\/2024\/08\/STF_Foto-Marcello-Casal-Jr-Agencia-Brasil-Arquivo.jpeg?w=760&amp;ssl=1 760w, https:\/\/i0.wp.com\/blogdoeloiltoncajuhy.com.br\/site\/wp-content\/uploads\/2024\/08\/STF_Foto-Marcello-Casal-Jr-Agencia-Brasil-Arquivo.jpeg?resize=300%2C180&amp;ssl=1 300w\" sizes=\"(max-width: 760px) 100vw, 760px\" \/><\/a><figcaption class=\"wp-element-caption\"><sub>Foto: Marcello Casal Jr.\/Ag\u00eancia Brasil\/Arquivo<\/sub><\/figcaption><\/figure>\n\n\n\n<p>O ministro Cristiano Zanin, do Supremo Tribunal Federal (STF), marcou para 25 de mar\u00e7o, \u00e0s 9h30, o julgamento da den\u00fancia da Procuradoria-Geral da Rep\u00fablica (PGR) contra o ex-presidente Jair Bolsonaro, o general Braga Netto e mais seis investigados pela trama golpista.<\/p>\n\n\n\n<p>A data foi marcada pelo ministro na condi\u00e7\u00e3o de presidente da Primeira Turma da Corte, colegiado que ser\u00e1 respons\u00e1vel pelo julgamento.<\/p>\n\n\n\n<p>Mais cedo, o relator do caso, ministro Alexandre de Moraes, liberou a den\u00fancia para julgamento ap\u00f3s receber a manifesta\u00e7\u00e3o favor\u00e1vel da PGR para tornar o ex-presidente e os demais acusados r\u00e9us pelas acusa\u00e7\u00f5es da trama golpista para impedir o terceiro mandato do presidente Luiz In\u00e1cio Lula da Silva.<\/p>\n\n\n\n<p>Os ministros da Primeira Turma v\u00e3o decidir se os acusados v\u00e3o responder a processo pelos crimes de golpe de Estado, tentativa de aboli\u00e7\u00e3o violenta do Estado Democr\u00e1tico de Direito, organiza\u00e7\u00e3o criminosa armada, dano qualificado pela viol\u00eancia e grave amea\u00e7a contra o patrim\u00f4nio da Uni\u00e3o e deteriora\u00e7\u00e3o de patrim\u00f4nio tombado.<\/p>\n\n\n\n<p>A den\u00fancia que ser\u00e1 julgada envolve o n\u00facleo 1 da investiga\u00e7\u00e3o sobre a trama golpista.<\/p>\n\n\n\n<p><a href=\"https:\/\/whatsapp.com\/channel\/0029VaAT7tDLI8Yfj5y9Z50Z\"><strong><mark style=\"background-color:rgba(0, 0, 0, 0)\" class=\"has-inline-color has-vivid-red-color\">Siga nosso canal no WhatsApp e veja mais not\u00edcias<\/mark><\/strong><\/a><\/p>\n\n\n\n<h4 class=\"wp-block-heading\"><strong><mark style=\"background-color:rgba(0, 0, 0, 0)\" class=\"has-inline-color has-black-color\">Veja abaixo a lista dos denunciados no n\u00facleo 1:<\/mark><\/strong><\/h4>\n\n\n\n<ul class=\"wp-block-list\">\n<li class=\"has-black-color has-text-color has-link-color wp-elements-9d791955b913dd8cf2251c4e5fd42396\">Jair Bolsonaro &#8211; ex-presidente da Rep\u00fablica;<\/li>\n\n\n\n<li class=\"has-black-color has-text-color has-link-color wp-elements-c270a16e03b95c5db7b803e50083597d\">Walter Braga Netto (general de Ex\u00e9rcito, ex-ministro e vice de Bolsonaro na chapa das elei\u00e7\u00f5es de 2022;<\/li>\n\n\n\n<li class=\"has-black-color has-text-color has-link-color wp-elements-0636c7899091f420709285e8a1a4575e\">General Augusto Heleno (ex-ministro do Gabinete de Seguran\u00e7a Institucional);<\/li>\n\n\n\n<li class=\"has-black-color has-text-color has-link-color wp-elements-95df8d144961ff21bdada3dce543d4f4\">Alexandre Ramagem (ex-diretor da Ag\u00eancia Brasileira de Intelig\u00eancia &#8211; Abin);<\/li>\n\n\n\n<li class=\"has-black-color has-text-color has-link-color wp-elements-6e88521e88f9c3334ef4f80fa7e82bbb\">Anderson Torres (ex-ministro da Justi\u00e7a e ex-secret\u00e1rio de seguran\u00e7a do Distrito Federal);<\/li>\n\n\n\n<li class=\"has-black-color has-text-color has-link-color wp-elements-cdf82e7eb0cc2141d2eb40e4b923a8dd\">Almir Garnier (ex-comandante da Marinha);<\/li>\n\n\n\n<li class=\"has-black-color has-text-color has-link-color wp-elements-ba809a7811c03ee9b707758b312d9570\">Paulo S\u00e9rgio Nogueira (general do Ex\u00e9rcito e ex-ministro da Defesa);<\/li>\n\n\n\n<li class=\"has-black-color has-text-color has-link-color wp-elements-eb491a079151b7d4077aa490d75111e4\">Mauro Cid (delator e ex-ajudante de ordens de Bolsonaro).<\/li>\n<\/ul>\n\n\n\n<p><\/p>\n\n\n\n<p>Al\u00e9m da sess\u00e3o marcada para a manh\u00e3 do dia 25, a Primeira Turma reservou as sess\u00f5es da tarde do mesmo dia e da manh\u00e3 do dia 26 para a an\u00e1lise do caso.<\/p>\n\n\n\n<h4 class=\"wp-block-heading\"><strong><mark style=\"background-color:rgba(0, 0, 0, 0)\" class=\"has-inline-color has-black-color\">Primeira Turma<\/mark><\/strong><\/h4>\n\n\n\n<p>O processo ser\u00e1 julgado pela Primeira Turma do Supremo. O colegiado \u00e9 composto pelo relator da den\u00fancia, Alexandre de Moraes, e os ministros Fl\u00e1vio Dino, Cristiano Zanin, C\u00e1rmen L\u00facia e Luiz Fux.<\/p>\n\n\n\n<p>Pelo regimento interno da Corte, cabe \u00e0s duas turmas do tribunal julgar a\u00e7\u00f5es penais. Como o relator faz parte da Primeira Turma, a acusa\u00e7\u00e3o ser\u00e1 julgada pelo colegiado.<\/p>\n\n\n\n<p>Se a maioria dos ministros aceitar a den\u00fancia, Bolsonaro e os outros acusados viram r\u00e9us e passam a responder a uma a\u00e7\u00e3o penal no STF.<\/p>\n","protected":false},"excerpt":{"rendered":"<p>Braga Netto, Augusto Heleno tamb\u00e9m ser\u00e3o julgados pela Corte Andr\u00e9 Richter\/Ag\u00eancia Brasil O ministro Cristiano Zanin, do Supremo Tribunal Federal (STF), marcou para 25 de mar\u00e7o, \u00e0s 9h30, o julgamento da den\u00fancia da Procuradoria-Geral da Rep\u00fablica (PGR) contra o ex-presidente Jair Bolsonaro, o general Braga Netto e mais seis investigados pela trama golpista. A data [&hellip;]<\/p>\n","protected":false},"author":2,"featured_media":82833,"comment_status":"open","ping_status":"open","sticky":false,"template":"","format":"standard","meta":{"_acf_changed":false,"_monsterinsights_skip_tracking":false,"_monsterinsights_sitenote_active":false,"_monsterinsights_sitenote_note":"","_monsterinsights_sitenote_category":0,"_jetpack_memberships_contains_paid_content":false,"footnotes":"","jetpack_publicize_message":"","jetpack_publicize_feature_enabled":true,"jetpack_social_post_already_shared":true,"jetpack_social_options":{"image_generator_settings":{"template":"highway","default_image_id":0,"font":"","enabled":false},"version":2}},"categories":[3],"tags":[],"class_list":["post-86426","post","type-post","status-publish","format-standard","has-post-thumbnail","hentry","category-politica"],"acf":[],"jetpack_publicize_connections":[],"jetpack_featured_media_url":"https:\/\/i0.wp.com\/blogdoeloiltoncajuhy.com.br\/site\/wp-content\/uploads\/2024\/09\/STF_Foto-Fabio-Rodrigues-Pozzebom-Agencia-Brasil_060924.jpg?fit=760%2C455&ssl=1","jetpack_sharing_enabled":true,"publishpress_future_workflow_manual_trigger":{"enabledWorkflows":[]},"_links":{"self":[{"href":"https:\/\/blogdoeloiltoncajuhy.com.br\/site\/wp-json\/wp\/v2\/posts\/86426","targetHints":{"allow":["GET"]}}],"collection":[{"href":"https:\/\/blogdoeloiltoncajuhy.com.br\/site\/wp-json\/wp\/v2\/posts"}],"about":[{"href":"https:\/\/blogdoeloiltoncajuhy.com.br\/site\/wp-json\/wp\/v2\/types\/post"}],"author":[{"embeddable":true,"href":"https:\/\/blogdoeloiltoncajuhy.com.br\/site\/wp-json\/wp\/v2\/users\/2"}],"replies":[{"embeddable":true,"href":"https:\/\/blogdoeloiltoncajuhy.com.br\/site\/wp-json\/wp\/v2\/comments?post=86426"}],"version-history":[{"count":1,"href":"https:\/\/blogdoeloiltoncajuhy.com.br\/site\/wp-json\/wp\/v2\/posts\/86426\/revisions"}],"predecessor-version":[{"id":86427,"href":"https:\/\/blogdoeloiltoncajuhy.com.br\/site\/wp-json\/wp\/v2\/posts\/86426\/revisions\/86427"}],"wp:featuredmedia":[{"embeddable":true,"href":"https:\/\/blogdoeloiltoncajuhy.com.br\/site\/wp-json\/wp\/v2\/media\/82833"}],"wp:attachment":[{"href":"https:\/\/blogdoeloiltoncajuhy.com.br\/site\/wp-json\/wp\/v2\/media?parent=86426"}],"wp:term":[{"taxonomy":"category","embeddable":true,"href":"https:\/\/blogdoeloiltoncajuhy.com.br\/site\/wp-json\/wp\/v2\/categories?post=86426"},{"taxonomy":"post_tag","embeddable":true,"href":"https:\/\/blogdoeloiltoncajuhy.com.br\/site\/wp-json\/wp\/v2\/tags?post=86426"}],"curies":[{"name":"wp","href":"https:\/\/api.w.org\/{rel}","templated":true}]}}