{"id":86423,"date":"2025-03-14T08:33:25","date_gmt":"2025-03-14T11:33:25","guid":{"rendered":"https:\/\/blogdoeloiltoncajuhy.com.br\/site\/?p=86423"},"modified":"2025-03-14T08:33:26","modified_gmt":"2025-03-14T11:33:26","slug":"preta-gil-deixa-uti-e-e-transferida-para-quarto-de-hospital-em-salvador","status":"publish","type":"post","link":"https:\/\/blogdoeloiltoncajuhy.com.br\/site\/preta-gil-deixa-uti-e-e-transferida-para-quarto-de-hospital-em-salvador\/","title":{"rendered":"Preta Gil deixa UTI e \u00e9 transferida para quarto de hospital em Salvador"},"content":{"rendered":"\n<p class=\"has-medium-font-size\"><strong>Cantora est\u00e1 internada desde o \u00faltimo s\u00e1bado (8) para tratar uma infec\u00e7\u00e3o urin\u00e1ria<\/strong><\/p>\n\n\n\n<p><strong>Por g1 BA<\/strong><\/p>\n\n\n\n<figure class=\"wp-block-image aligncenter size-full is-resized\"><a href=\"https:\/\/i0.wp.com\/blogdoeloiltoncajuhy.com.br\/site\/wp-content\/uploads\/2025\/03\/Preta-Gil-no-Carnaval-em-Salvador-no-inicio-deste-mes-Arquivo-%E2%80%94-Foto_Alana-Carvalho-g1.png?ssl=1\"><img data-recalc-dims=\"1\" fetchpriority=\"high\" decoding=\"async\" width=\"800\" height=\"548\" src=\"https:\/\/i0.wp.com\/blogdoeloiltoncajuhy.com.br\/site\/wp-content\/uploads\/2025\/03\/Preta-Gil-no-Carnaval-em-Salvador-no-inicio-deste-mes-Arquivo-%E2%80%94-Foto_Alana-Carvalho-g1.png?resize=800%2C548&#038;ssl=1\" alt=\"\" class=\"wp-image-86424\" style=\"width:695px;height:auto\" srcset=\"https:\/\/i0.wp.com\/blogdoeloiltoncajuhy.com.br\/site\/wp-content\/uploads\/2025\/03\/Preta-Gil-no-Carnaval-em-Salvador-no-inicio-deste-mes-Arquivo-%E2%80%94-Foto_Alana-Carvalho-g1.png?w=824&amp;ssl=1 824w, https:\/\/i0.wp.com\/blogdoeloiltoncajuhy.com.br\/site\/wp-content\/uploads\/2025\/03\/Preta-Gil-no-Carnaval-em-Salvador-no-inicio-deste-mes-Arquivo-%E2%80%94-Foto_Alana-Carvalho-g1.png?resize=300%2C205&amp;ssl=1 300w, https:\/\/i0.wp.com\/blogdoeloiltoncajuhy.com.br\/site\/wp-content\/uploads\/2025\/03\/Preta-Gil-no-Carnaval-em-Salvador-no-inicio-deste-mes-Arquivo-%E2%80%94-Foto_Alana-Carvalho-g1.png?resize=768%2C526&amp;ssl=1 768w\" sizes=\"(max-width: 800px) 100vw, 800px\" \/><\/a><figcaption class=\"wp-element-caption\"><sub>Preta Gil no Carnaval em Salvador, no in\u00edcio deste m\u00eas (Arquivo) \u2014 Foto: Alana Carvalho\/g1<\/sub><\/figcaption><\/figure>\n\n\n\n<p>Internada com infec\u00e7\u00e3o urin\u00e1ria em um hospital particular de Salvador, a cantora Preta Gil saiu da Unidade de Terapia Intensiva (UTI) e foi transferida para um quarto. A informa\u00e7\u00e3o foi divulgada nesta quinta-feira (13), pela assessoria da artista.<\/p>\n\n\n\n<p>Preta est\u00e1 hospitalizada desde o \u00faltimo s\u00e1bado (8), para monitoramento e cuidados m\u00e9dicos. Ainda conforme a assessoria, ela est\u00e1 bem e o quadro dela \u00e9 est\u00e1vel.<\/p>\n\n\n\n<p>Na noite desta segunda-feira (10), a artista publicou uma mensagem em uma rede social para acalmar os f\u00e3s.<\/p>\n\n\n\n<blockquote class=\"wp-block-quote is-layout-flow wp-block-quote-is-layout-flow\">\n<p class=\"has-medium-font-size\"><strong><mark style=\"background-color:rgba(0, 0, 0, 0)\" class=\"has-inline-color has-black-color\">&#8220;Amores, fiquem tranquilos! Estou sendo bem cuidada e em breve estarei em casa. Amo voc\u00eas!&#8221;, escreveu ela.<\/mark><\/strong><\/p>\n<\/blockquote>\n\n\n\n<p>A cantora foi diagnosticada com c\u00e2ncer colorretal em janeiro de 2023 e passou a fazer tratamento com quimioterapia e radioterapia. Posteriormente, a doen\u00e7a atingiu outras partes do corpo: dois linfonodos, o perit\u00f4nio e o ureter.<\/p>\n\n\n\n<p>Por meio de nota, a assessoria do hospital informou, tamb\u00e9m na segunda-feira, que Preta Gil estava sob os cuidados do coordenador da UTI, Diogo Azevedo, do urologista, doutor Frederico Mascarenhas, da equipe m\u00e9dica do hospital e do m\u00e9dico particular, Roberto Kalil Filho.<\/p>\n\n\n\n<p>Tr\u00eas dias antes de ser internada, a filha de Gilberto Gil curtiu o dia ensolarado em uma praia da capital baiana. A cantora revelou aos seguidores de uma rede social que teve libera\u00e7\u00e3o m\u00e9dica para dar um mergulho no mar.<\/p>\n\n\n\n<p>Em entrevista recente ao <strong>Fant\u00e1stico<\/strong>, concedida quando ela deixou um hospital em S\u00e3o Paulo ap\u00f3s uma longa cirurgia, Preta revelou que planejava passar o carnaval na Bahia e comentou o desejo de tomar um banho nas \u00e1guas da ba\u00eda de Todos-os-Santos.<\/p>\n","protected":false},"excerpt":{"rendered":"<p>Cantora est\u00e1 internada desde o \u00faltimo s\u00e1bado (8) para tratar uma infec\u00e7\u00e3o urin\u00e1ria Por g1 BA Internada com infec\u00e7\u00e3o urin\u00e1ria em um hospital particular de Salvador, a cantora Preta Gil saiu da Unidade de Terapia Intensiva (UTI) e foi transferida para um quarto. A informa\u00e7\u00e3o foi divulgada nesta quinta-feira (13), pela assessoria da artista. Preta [&hellip;]<\/p>\n","protected":false},"author":2,"featured_media":86424,"comment_status":"open","ping_status":"open","sticky":false,"template":"","format":"standard","meta":{"_acf_changed":false,"_monsterinsights_skip_tracking":false,"_monsterinsights_sitenote_active":false,"_monsterinsights_sitenote_note":"","_monsterinsights_sitenote_category":0,"_jetpack_memberships_contains_paid_content":false,"footnotes":"","jetpack_publicize_message":"","jetpack_publicize_feature_enabled":true,"jetpack_social_post_already_shared":true,"jetpack_social_options":{"image_generator_settings":{"template":"highway","default_image_id":0,"font":"","enabled":false},"version":2}},"categories":[8],"tags":[],"class_list":["post-86423","post","type-post","status-publish","format-standard","has-post-thumbnail","hentry","category-cultura"],"acf":[],"jetpack_publicize_connections":[],"jetpack_featured_media_url":"https:\/\/i0.wp.com\/blogdoeloiltoncajuhy.com.br\/site\/wp-content\/uploads\/2025\/03\/Preta-Gil-no-Carnaval-em-Salvador-no-inicio-deste-mes-Arquivo-%E2%80%94-Foto_Alana-Carvalho-g1.png?fit=824%2C564&ssl=1","jetpack_sharing_enabled":true,"publishpress_future_workflow_manual_trigger":{"enabledWorkflows":[]},"_links":{"self":[{"href":"https:\/\/blogdoeloiltoncajuhy.com.br\/site\/wp-json\/wp\/v2\/posts\/86423","targetHints":{"allow":["GET"]}}],"collection":[{"href":"https:\/\/blogdoeloiltoncajuhy.com.br\/site\/wp-json\/wp\/v2\/posts"}],"about":[{"href":"https:\/\/blogdoeloiltoncajuhy.com.br\/site\/wp-json\/wp\/v2\/types\/post"}],"author":[{"embeddable":true,"href":"https:\/\/blogdoeloiltoncajuhy.com.br\/site\/wp-json\/wp\/v2\/users\/2"}],"replies":[{"embeddable":true,"href":"https:\/\/blogdoeloiltoncajuhy.com.br\/site\/wp-json\/wp\/v2\/comments?post=86423"}],"version-history":[{"count":1,"href":"https:\/\/blogdoeloiltoncajuhy.com.br\/site\/wp-json\/wp\/v2\/posts\/86423\/revisions"}],"predecessor-version":[{"id":86425,"href":"https:\/\/blogdoeloiltoncajuhy.com.br\/site\/wp-json\/wp\/v2\/posts\/86423\/revisions\/86425"}],"wp:featuredmedia":[{"embeddable":true,"href":"https:\/\/blogdoeloiltoncajuhy.com.br\/site\/wp-json\/wp\/v2\/media\/86424"}],"wp:attachment":[{"href":"https:\/\/blogdoeloiltoncajuhy.com.br\/site\/wp-json\/wp\/v2\/media?parent=86423"}],"wp:term":[{"taxonomy":"category","embeddable":true,"href":"https:\/\/blogdoeloiltoncajuhy.com.br\/site\/wp-json\/wp\/v2\/categories?post=86423"},{"taxonomy":"post_tag","embeddable":true,"href":"https:\/\/blogdoeloiltoncajuhy.com.br\/site\/wp-json\/wp\/v2\/tags?post=86423"}],"curies":[{"name":"wp","href":"https:\/\/api.w.org\/{rel}","templated":true}]}}