{"id":86411,"date":"2025-03-13T15:38:19","date_gmt":"2025-03-13T18:38:19","guid":{"rendered":"https:\/\/blogdoeloiltoncajuhy.com.br\/site\/?p=86411"},"modified":"2025-03-13T15:38:21","modified_gmt":"2025-03-13T18:38:21","slug":"concurso-nacional-unificado-para-professores-sera-em-outubro-veja-data-das-inscricoes","status":"publish","type":"post","link":"https:\/\/blogdoeloiltoncajuhy.com.br\/site\/concurso-nacional-unificado-para-professores-sera-em-outubro-veja-data-das-inscricoes\/","title":{"rendered":"Concurso nacional unificado para professores ser\u00e1 em outubro; veja data das inscri\u00e7\u00f5es"},"content":{"rendered":"\n<p class=\"has-medium-font-size\"><strong>Presidente do Inep adiantou informa\u00e7\u00f5es sobre o cronograma da Prova Nacional Docente, que vai selecionar profissionais para lecionar na educa\u00e7\u00e3o b\u00e1sica da rede p\u00fablica de ensino<\/strong><\/p>\n\n\n\n<p><strong>Por Luiza Tenente, g1<\/strong><\/p>\n\n\n\n<p><a href=\"https:\/\/whatsapp.com\/channel\/0029VaAT7tDLI8Yfj5y9Z50Z\"><strong><mark style=\"background-color:rgba(0, 0, 0, 0)\" class=\"has-inline-color has-vivid-red-color\">Siga nosso canal no WhatsApp e veja mais not\u00edcias<\/mark><\/strong><\/a><\/p>\n\n\n\n<p><\/p>\n\n\n\n<figure class=\"wp-block-image aligncenter size-full is-resized\"><a href=\"https:\/\/i0.wp.com\/blogdoeloiltoncajuhy.com.br\/site\/wp-content\/uploads\/2025\/03\/Professor-em-sala-de-aula_Foto_Reproducao.jpeg?ssl=1\"><img data-recalc-dims=\"1\" fetchpriority=\"high\" decoding=\"async\" width=\"720\" height=\"503\" src=\"https:\/\/i0.wp.com\/blogdoeloiltoncajuhy.com.br\/site\/wp-content\/uploads\/2025\/03\/Professor-em-sala-de-aula_Foto_Reproducao.jpeg?resize=720%2C503&#038;ssl=1\" alt=\"\" class=\"wp-image-86412\" style=\"width:628px;height:auto\" srcset=\"https:\/\/i0.wp.com\/blogdoeloiltoncajuhy.com.br\/site\/wp-content\/uploads\/2025\/03\/Professor-em-sala-de-aula_Foto_Reproducao.jpeg?w=720&amp;ssl=1 720w, https:\/\/i0.wp.com\/blogdoeloiltoncajuhy.com.br\/site\/wp-content\/uploads\/2025\/03\/Professor-em-sala-de-aula_Foto_Reproducao.jpeg?resize=300%2C210&amp;ssl=1 300w\" sizes=\"(max-width: 720px) 100vw, 720px\" \/><\/a><figcaption class=\"wp-element-caption\"><sub>Foto: Reprodu\u00e7\u00e3o<\/sub><\/figcaption><\/figure>\n\n\n\n<p>A Prova Nacional Docente dever\u00e1 ser aplicada em outubro, afirma Manuel Palacios, presidente do <a href=\"https:\/\/g1.globo.com\/tudo-sobre\/inep\/\"><strong><mark style=\"background-color:rgba(0, 0, 0, 0)\" class=\"has-inline-color has-vivid-cyan-blue-color\">Instituto Nacional de Estudos e Pesquisas Educacionais<\/mark><\/strong><\/a> An\u00edsio Teixeira (Inep).<\/p>\n\n\n\n<p>Durante um evento promovido pela ONG Todos Pela Educa\u00e7\u00e3o nesta quinta-feira (13), em S\u00e3o Paulo, Palacios tamb\u00e9m adiantou que:<\/p>\n\n\n\n<ul class=\"wp-block-list\">\n<li>as inscri\u00e7\u00f5es devem come\u00e7ar em junho;<\/li>\n\n\n\n<li>os resultados ser\u00e3o divulgados em dezembro, para que as redes selecionem seus professores a tempo do in\u00edcio do novo ano letivo.<\/li>\n<\/ul>\n\n\n\n<p><\/p>\n\n\n\n<ul class=\"wp-block-list\">\n<li><strong><mark style=\"background-color:rgba(0, 0, 0, 0)\" class=\"has-inline-color has-black-color\">O que \u00e9?<\/mark><\/strong> Criada pelo Minist\u00e9rio da Educa\u00e7\u00e3o (MEC), a nova avalia\u00e7\u00e3o dever\u00e1 funcionar como um concurso nacional e unificado para selecionar professores de educa\u00e7\u00e3o b\u00e1sica que lecionar\u00e3o nas redes p\u00fablicas de ensino.<\/li>\n<\/ul>\n\n\n\n<p>Os munic\u00edpios e estados interessados em usar as notas para contratar seus docentes devem aderir ao programa at\u00e9 17 de abril. A cidade de S\u00e3o Paulo, por exemplo, j\u00e1 confirmou que adotar\u00e1 a prova em seu processo seletivo, afirma Fernando Padula, secret\u00e1rio municipal de Educa\u00e7\u00e3o.<\/p>\n\n\n\n<blockquote class=\"wp-block-quote is-layout-flow wp-block-quote-is-layout-flow\">\n<p class=\"has-medium-font-size\"><strong><mark style=\"background-color:rgba(0, 0, 0, 0)\" class=\"has-inline-color has-black-color\">Por meio da mesma avalia\u00e7\u00e3o, ser\u00e1 poss\u00edvel que um docente se candidate tanto para uma vaga de um munic\u00edpio no Sul do pa\u00eds quanto para uma oportunidade no Nordeste, por exemplo.<\/mark><\/strong><\/p>\n<\/blockquote>\n\n\n\n<ul class=\"wp-block-list\">\n<li><strong><mark style=\"background-color:rgba(0, 0, 0, 0)\" class=\"has-inline-color has-black-color\">Por que o concurso foi criado?<\/mark><\/strong> Entre os objetivos, est\u00e3o: aumentar o n\u00famero de profissionais efetivos (usando crit\u00e9rios adequados) e elevar a frequ\u00eancia das contrata\u00e7\u00f5es\u2014 sem exigir que cidades pequenas, que usualmente sofrem com problemas log\u00edsticos e or\u00e7ament\u00e1rios, tenham de organizar seus pr\u00f3prios processos seletivos.<\/li>\n<\/ul>\n\n\n\n<p><\/p>\n\n\n\n<p>\u201cAinda que o processo de ades\u00e3o n\u00e3o tenha sido conclu\u00eddo ainda, j\u00e1 sabemos que ser\u00e3o ao menos 250 mil candidatos que se formaram em cursos de licenciatura\u201d, afirma Palacios.<\/p>\n\n\n\n<p>Al\u00e9m disso, o presidente do Inep afirmou que &#8220;teremos crit\u00e9rios mais claros na admiss\u00e3o de professores&#8221; para estados e munic\u00edpios.<\/p>\n\n\n\n<ul class=\"wp-block-list\">\n<li><strong><mark style=\"background-color:rgba(0, 0, 0, 0)\" class=\"has-inline-color has-black-color\">Como ser\u00e1 a prova?<\/mark><\/strong> A avalia\u00e7\u00e3o usada no concurso \u00e9 o Exame Nacional de Desempenho dos Estudantes (Enade), na vers\u00e3o espec\u00edfica para licenciaturas, criada em 2024.<\/li>\n<\/ul>\n\n\n\n<p><\/p>\n\n\n\n<p>Um ter\u00e7o do exame, aplicado anualmente, ser\u00e1 de perguntas gerais para professores, e dois ter\u00e7os, de quest\u00f5es espec\u00edficas da disciplina lecionada pelo candidato.<\/p>\n","protected":false},"excerpt":{"rendered":"<p>Presidente do Inep adiantou informa\u00e7\u00f5es sobre o cronograma da Prova Nacional Docente, que vai selecionar profissionais para lecionar na educa\u00e7\u00e3o b\u00e1sica da rede p\u00fablica de ensino Por Luiza Tenente, g1 Siga nosso canal no WhatsApp e veja mais not\u00edcias A Prova Nacional Docente dever\u00e1 ser aplicada em outubro, afirma Manuel Palacios, presidente do Instituto Nacional [&hellip;]<\/p>\n","protected":false},"author":2,"featured_media":86412,"comment_status":"open","ping_status":"open","sticky":false,"template":"","format":"standard","meta":{"_acf_changed":false,"_monsterinsights_skip_tracking":false,"_monsterinsights_sitenote_active":false,"_monsterinsights_sitenote_note":"","_monsterinsights_sitenote_category":0,"_jetpack_memberships_contains_paid_content":false,"footnotes":"","jetpack_publicize_message":"","jetpack_publicize_feature_enabled":true,"jetpack_social_post_already_shared":true,"jetpack_social_options":{"image_generator_settings":{"template":"highway","default_image_id":0,"font":"","enabled":false},"version":2}},"categories":[14],"tags":[],"class_list":["post-86411","post","type-post","status-publish","format-standard","has-post-thumbnail","hentry","category-educacao"],"acf":[],"jetpack_publicize_connections":[],"jetpack_featured_media_url":"https:\/\/i0.wp.com\/blogdoeloiltoncajuhy.com.br\/site\/wp-content\/uploads\/2025\/03\/Professor-em-sala-de-aula_Foto_Reproducao.jpeg?fit=720%2C503&ssl=1","jetpack_sharing_enabled":true,"publishpress_future_workflow_manual_trigger":{"enabledWorkflows":[]},"_links":{"self":[{"href":"https:\/\/blogdoeloiltoncajuhy.com.br\/site\/wp-json\/wp\/v2\/posts\/86411","targetHints":{"allow":["GET"]}}],"collection":[{"href":"https:\/\/blogdoeloiltoncajuhy.com.br\/site\/wp-json\/wp\/v2\/posts"}],"about":[{"href":"https:\/\/blogdoeloiltoncajuhy.com.br\/site\/wp-json\/wp\/v2\/types\/post"}],"author":[{"embeddable":true,"href":"https:\/\/blogdoeloiltoncajuhy.com.br\/site\/wp-json\/wp\/v2\/users\/2"}],"replies":[{"embeddable":true,"href":"https:\/\/blogdoeloiltoncajuhy.com.br\/site\/wp-json\/wp\/v2\/comments?post=86411"}],"version-history":[{"count":1,"href":"https:\/\/blogdoeloiltoncajuhy.com.br\/site\/wp-json\/wp\/v2\/posts\/86411\/revisions"}],"predecessor-version":[{"id":86413,"href":"https:\/\/blogdoeloiltoncajuhy.com.br\/site\/wp-json\/wp\/v2\/posts\/86411\/revisions\/86413"}],"wp:featuredmedia":[{"embeddable":true,"href":"https:\/\/blogdoeloiltoncajuhy.com.br\/site\/wp-json\/wp\/v2\/media\/86412"}],"wp:attachment":[{"href":"https:\/\/blogdoeloiltoncajuhy.com.br\/site\/wp-json\/wp\/v2\/media?parent=86411"}],"wp:term":[{"taxonomy":"category","embeddable":true,"href":"https:\/\/blogdoeloiltoncajuhy.com.br\/site\/wp-json\/wp\/v2\/categories?post=86411"},{"taxonomy":"post_tag","embeddable":true,"href":"https:\/\/blogdoeloiltoncajuhy.com.br\/site\/wp-json\/wp\/v2\/tags?post=86411"}],"curies":[{"name":"wp","href":"https:\/\/api.w.org\/{rel}","templated":true}]}}