{"id":86408,"date":"2025-03-13T15:06:33","date_gmt":"2025-03-13T18:06:33","guid":{"rendered":"https:\/\/blogdoeloiltoncajuhy.com.br\/site\/?p=86408"},"modified":"2025-03-13T15:06:35","modified_gmt":"2025-03-13T18:06:35","slug":"criancas-na-bahia-passam-a-contar-com-vacina-contra-a-gripe-no-calendario-nacional","status":"publish","type":"post","link":"https:\/\/blogdoeloiltoncajuhy.com.br\/site\/criancas-na-bahia-passam-a-contar-com-vacina-contra-a-gripe-no-calendario-nacional\/","title":{"rendered":"Crian\u00e7as na Bahia passam a contar com vacina contra a gripe no calend\u00e1rio nacional"},"content":{"rendered":"\n<p class=\"has-medium-font-size\"><strong>Vacina\u00e7\u00e3o contra influenza estar\u00e1 dispon\u00edvel em todas as salas de vacina do estado, assim como no restante do pa\u00eds, a partir da segunda quinzena deste m\u00eas de mar\u00e7o<\/strong><\/p>\n\n\n\n<p><strong>Por g1 BA<\/strong><\/p>\n\n\n\n<figure class=\"wp-block-image aligncenter size-full\"><a href=\"https:\/\/i0.wp.com\/blogdoeloiltoncajuhy.com.br\/site\/wp-content\/uploads\/2025\/03\/Criancas-na-Bahia-passam-a-contar-com-vacina-contra-a-gripe-no-calendario-nacional-%E2%80%94-Foto_Carlos-Bassan.jpeg?ssl=1\"><img data-recalc-dims=\"1\" fetchpriority=\"high\" decoding=\"async\" width=\"740\" height=\"514\" src=\"https:\/\/i0.wp.com\/blogdoeloiltoncajuhy.com.br\/site\/wp-content\/uploads\/2025\/03\/Criancas-na-Bahia-passam-a-contar-com-vacina-contra-a-gripe-no-calendario-nacional-%E2%80%94-Foto_Carlos-Bassan.jpeg?resize=740%2C514&#038;ssl=1\" alt=\"\" class=\"wp-image-86409\" srcset=\"https:\/\/i0.wp.com\/blogdoeloiltoncajuhy.com.br\/site\/wp-content\/uploads\/2025\/03\/Criancas-na-Bahia-passam-a-contar-com-vacina-contra-a-gripe-no-calendario-nacional-%E2%80%94-Foto_Carlos-Bassan.jpeg?w=740&amp;ssl=1 740w, https:\/\/i0.wp.com\/blogdoeloiltoncajuhy.com.br\/site\/wp-content\/uploads\/2025\/03\/Criancas-na-Bahia-passam-a-contar-com-vacina-contra-a-gripe-no-calendario-nacional-%E2%80%94-Foto_Carlos-Bassan.jpeg?resize=300%2C208&amp;ssl=1 300w\" sizes=\"(max-width: 740px) 100vw, 740px\" \/><\/a><figcaption class=\"wp-element-caption\"><sub>Crian\u00e7as na Bahia passam a contar com vacina contra a gripe no calend\u00e1rio nacional \u2014 Foto: Carlos Bassan<\/sub><\/figcaption><\/figure>\n\n\n\n<p>Crian\u00e7as de seis meses a menores de 6 anos na Bahia v\u00e3o passar a contar com a vacina contra a gripe no calend\u00e1rio nacional. A vacina\u00e7\u00e3o contra influenza estar\u00e1 dispon\u00edvel em todas as salas de vacina do estado, assim como no restante do pa\u00eds, a partir da segunda quinzena de mar\u00e7o, n\u00e3o apenas em campanhas sazonais.<\/p>\n\n\n\n<p>Em 2024, cerca de 380,9 mil crian\u00e7as foram vacinadas contra influenza na Bahia.<\/p>\n\n\n\n<p>A prote\u00e7\u00e3o permanente com o imunizante tamb\u00e9m se estende a outros grupos como gestantes e idosos (a partir de 60 anos de idade). J\u00e1 outros grupos continuar\u00e3o a receber o imunizante em estrat\u00e9gias especiais, incluindo profissionais da sa\u00fade, professores, for\u00e7as de seguran\u00e7a, popula\u00e7\u00e3o privada de liberdade e pessoas com doen\u00e7as cr\u00f4nicas ou defici\u00eancias.<\/p>\n\n\n\n<p><a href=\"https:\/\/whatsapp.com\/channel\/0029VaAT7tDLI8Yfj5y9Z50Z\"><strong><mark style=\"background-color:rgba(0, 0, 0, 0)\" class=\"has-inline-color has-vivid-red-color\">Siga nosso canal no WhatsApp e veja mais not\u00edcias<\/mark><\/strong><\/a><\/p>\n\n\n\n<p>Al\u00e9m da inclus\u00e3o do imunizante contra gripe, outras mudan\u00e7as foram adotadas para 2025, como a amplia\u00e7\u00e3o do per\u00edodo para aplica\u00e7\u00e3o da vacina contra rotav\u00edrus e a substitui\u00e7\u00e3o das doses de refor\u00e7o da vacina oral contra poliomielite por uma dose inativada &#8211; tipo de vacina incapaz de causar infec\u00e7\u00e3o ou efeitos adversos.<\/p>\n\n\n\n<ul class=\"wp-block-list\">\n<li>No combate \u00e0 poliomielite, o esquema vacinal e o refor\u00e7o passam a ser exclusivamente com a vacina inativada (VIP), que \u00e9 injet\u00e1vel.<\/li>\n<\/ul>\n\n\n\n<ul class=\"wp-block-list\">\n<li>J\u00e1 a vacina contra o rotav\u00edrus teve o per\u00edodo para aplica\u00e7\u00e3o das doses ampliado: agora, a primeira dose, indicada aos dois meses de idade, pode ser administrada at\u00e9 os 11 meses e 29 dias; enquanto a segunda dose, indicada aos quatro meses, poder\u00e1 ser aplicada at\u00e9 os 23 meses e 29 dias.<\/li>\n<\/ul>\n","protected":false},"excerpt":{"rendered":"<p>Vacina\u00e7\u00e3o contra influenza estar\u00e1 dispon\u00edvel em todas as salas de vacina do estado, assim como no restante do pa\u00eds, a partir da segunda quinzena deste m\u00eas de mar\u00e7o Por g1 BA Crian\u00e7as de seis meses a menores de 6 anos na Bahia v\u00e3o passar a contar com a vacina contra a gripe no calend\u00e1rio nacional. [&hellip;]<\/p>\n","protected":false},"author":2,"featured_media":86409,"comment_status":"open","ping_status":"open","sticky":false,"template":"","format":"standard","meta":{"_acf_changed":false,"_monsterinsights_skip_tracking":false,"_monsterinsights_sitenote_active":false,"_monsterinsights_sitenote_note":"","_monsterinsights_sitenote_category":0,"_jetpack_memberships_contains_paid_content":false,"footnotes":"","jetpack_publicize_message":"","jetpack_publicize_feature_enabled":true,"jetpack_social_post_already_shared":true,"jetpack_social_options":{"image_generator_settings":{"template":"highway","default_image_id":0,"font":"","enabled":false},"version":2}},"categories":[7],"tags":[],"class_list":["post-86408","post","type-post","status-publish","format-standard","has-post-thumbnail","hentry","category-saude"],"acf":[],"jetpack_publicize_connections":[],"jetpack_featured_media_url":"https:\/\/i0.wp.com\/blogdoeloiltoncajuhy.com.br\/site\/wp-content\/uploads\/2025\/03\/Criancas-na-Bahia-passam-a-contar-com-vacina-contra-a-gripe-no-calendario-nacional-%E2%80%94-Foto_Carlos-Bassan.jpeg?fit=740%2C514&ssl=1","jetpack_sharing_enabled":true,"publishpress_future_workflow_manual_trigger":{"enabledWorkflows":[]},"_links":{"self":[{"href":"https:\/\/blogdoeloiltoncajuhy.com.br\/site\/wp-json\/wp\/v2\/posts\/86408","targetHints":{"allow":["GET"]}}],"collection":[{"href":"https:\/\/blogdoeloiltoncajuhy.com.br\/site\/wp-json\/wp\/v2\/posts"}],"about":[{"href":"https:\/\/blogdoeloiltoncajuhy.com.br\/site\/wp-json\/wp\/v2\/types\/post"}],"author":[{"embeddable":true,"href":"https:\/\/blogdoeloiltoncajuhy.com.br\/site\/wp-json\/wp\/v2\/users\/2"}],"replies":[{"embeddable":true,"href":"https:\/\/blogdoeloiltoncajuhy.com.br\/site\/wp-json\/wp\/v2\/comments?post=86408"}],"version-history":[{"count":1,"href":"https:\/\/blogdoeloiltoncajuhy.com.br\/site\/wp-json\/wp\/v2\/posts\/86408\/revisions"}],"predecessor-version":[{"id":86410,"href":"https:\/\/blogdoeloiltoncajuhy.com.br\/site\/wp-json\/wp\/v2\/posts\/86408\/revisions\/86410"}],"wp:featuredmedia":[{"embeddable":true,"href":"https:\/\/blogdoeloiltoncajuhy.com.br\/site\/wp-json\/wp\/v2\/media\/86409"}],"wp:attachment":[{"href":"https:\/\/blogdoeloiltoncajuhy.com.br\/site\/wp-json\/wp\/v2\/media?parent=86408"}],"wp:term":[{"taxonomy":"category","embeddable":true,"href":"https:\/\/blogdoeloiltoncajuhy.com.br\/site\/wp-json\/wp\/v2\/categories?post=86408"},{"taxonomy":"post_tag","embeddable":true,"href":"https:\/\/blogdoeloiltoncajuhy.com.br\/site\/wp-json\/wp\/v2\/tags?post=86408"}],"curies":[{"name":"wp","href":"https:\/\/api.w.org\/{rel}","templated":true}]}}