{"id":86404,"date":"2025-03-13T14:32:27","date_gmt":"2025-03-13T17:32:27","guid":{"rendered":"https:\/\/blogdoeloiltoncajuhy.com.br\/site\/?p=86404"},"modified":"2025-03-13T14:32:29","modified_gmt":"2025-03-13T17:32:29","slug":"cafe-com-o-legislativo-encontro-vai-reunir-mulheres-bonfinenses-na-camara-municipal","status":"publish","type":"post","link":"https:\/\/blogdoeloiltoncajuhy.com.br\/site\/cafe-com-o-legislativo-encontro-vai-reunir-mulheres-bonfinenses-na-camara-municipal\/","title":{"rendered":"Caf\u00e9 com o Legislativo: Encontro vai reunir mulheres bonfinenses na C\u00e2mara Municipal"},"content":{"rendered":"\n<p class=\"has-medium-font-size\"><strong>Evento ser\u00e1 realizado na manh\u00e3 desta sexta-feira (14)<\/strong><\/p>\n\n\n\n<p><strong>Por Blog do Eloilton Cajuhy &#8211; BEC<\/strong><\/p>\n\n\n\n<figure class=\"wp-block-image aligncenter size-full\"><a href=\"https:\/\/i0.wp.com\/blogdoeloiltoncajuhy.com.br\/site\/wp-content\/uploads\/2025\/03\/encontro-mulheres_camara.jpeg?ssl=1\"><img data-recalc-dims=\"1\" decoding=\"async\" src=\"https:\/\/i0.wp.com\/blogdoeloiltoncajuhy.com.br\/site\/wp-content\/uploads\/2025\/03\/encontro-mulheres_camara.jpeg?w=800&#038;ssl=1\" alt=\"\" class=\"wp-image-86405\"\/><\/a><\/figure>\n\n\n\n<p>Ser\u00e1 realizado nesta sexta-feira (14), na C\u00e2mara Municipal de Senhor do Bonfim, \u00e0s 8h30, o 3\u00ba encontro do projeto <strong><mark style=\"background-color:rgba(0, 0, 0, 0)\" class=\"has-inline-color has-black-color\">Caf\u00e9 com o Legislativo<\/mark><\/strong>. De acordo com as vereadoras Sarah do Nilt\u00e3o e Socorro do Pel\u00e9, o objetivo \u00e9 promover encontros para ouvir as necessidades das entidades, institui\u00e7\u00f5es e comunidade. O tema deste ano \u00e9 <strong><mark style=\"background-color:rgba(0, 0, 0, 0)\" class=\"has-inline-color has-black-color\">Falas Femininas<\/mark><\/strong>.<\/p>\n\n\n\n<p>O evento tamb\u00e9m servir\u00e1 para fazer uma celebra\u00e7\u00e3o do Dia Internacional da Mulher, comemorado no \u00faltimo dia 8.<\/p>\n\n\n\n<p><a href=\"https:\/\/whatsapp.com\/channel\/0029VaAT7tDLI8Yfj5y9Z50Z\"><strong><mark style=\"background-color:rgba(0, 0, 0, 0)\" class=\"has-inline-color has-vivid-red-color\">Siga nosso canal no WhatsApp e veja mais not\u00edcias<\/mark><\/strong><\/a><\/p>\n","protected":false},"excerpt":{"rendered":"<p>Evento ser\u00e1 realizado na manh\u00e3 desta sexta-feira (14) Por Blog do Eloilton Cajuhy &#8211; BEC Ser\u00e1 realizado nesta sexta-feira (14), na C\u00e2mara Municipal de Senhor do Bonfim, \u00e0s 8h30, o 3\u00ba encontro do projeto Caf\u00e9 com o Legislativo. De acordo com as vereadoras Sarah do Nilt\u00e3o e Socorro do Pel\u00e9, o objetivo \u00e9 promover encontros [&hellip;]<\/p>\n","protected":false},"author":2,"featured_media":86406,"comment_status":"open","ping_status":"open","sticky":false,"template":"","format":"standard","meta":{"_acf_changed":false,"_monsterinsights_skip_tracking":false,"_monsterinsights_sitenote_active":false,"_monsterinsights_sitenote_note":"","_monsterinsights_sitenote_category":0,"_jetpack_memberships_contains_paid_content":false,"footnotes":"","jetpack_publicize_message":"","jetpack_publicize_feature_enabled":true,"jetpack_social_post_already_shared":true,"jetpack_social_options":{"image_generator_settings":{"template":"highway","default_image_id":0,"font":"","enabled":false},"version":2}},"categories":[4],"tags":[],"class_list":["post-86404","post","type-post","status-publish","format-standard","has-post-thumbnail","hentry","category-local"],"acf":[],"jetpack_publicize_connections":[],"jetpack_featured_media_url":"https:\/\/i0.wp.com\/blogdoeloiltoncajuhy.com.br\/site\/wp-content\/uploads\/2025\/03\/Camara-de-Senhor-do-Bonfim_130325.jpeg?fit=850%2C478&ssl=1","jetpack_sharing_enabled":true,"publishpress_future_workflow_manual_trigger":{"enabledWorkflows":[]},"_links":{"self":[{"href":"https:\/\/blogdoeloiltoncajuhy.com.br\/site\/wp-json\/wp\/v2\/posts\/86404","targetHints":{"allow":["GET"]}}],"collection":[{"href":"https:\/\/blogdoeloiltoncajuhy.com.br\/site\/wp-json\/wp\/v2\/posts"}],"about":[{"href":"https:\/\/blogdoeloiltoncajuhy.com.br\/site\/wp-json\/wp\/v2\/types\/post"}],"author":[{"embeddable":true,"href":"https:\/\/blogdoeloiltoncajuhy.com.br\/site\/wp-json\/wp\/v2\/users\/2"}],"replies":[{"embeddable":true,"href":"https:\/\/blogdoeloiltoncajuhy.com.br\/site\/wp-json\/wp\/v2\/comments?post=86404"}],"version-history":[{"count":1,"href":"https:\/\/blogdoeloiltoncajuhy.com.br\/site\/wp-json\/wp\/v2\/posts\/86404\/revisions"}],"predecessor-version":[{"id":86407,"href":"https:\/\/blogdoeloiltoncajuhy.com.br\/site\/wp-json\/wp\/v2\/posts\/86404\/revisions\/86407"}],"wp:featuredmedia":[{"embeddable":true,"href":"https:\/\/blogdoeloiltoncajuhy.com.br\/site\/wp-json\/wp\/v2\/media\/86406"}],"wp:attachment":[{"href":"https:\/\/blogdoeloiltoncajuhy.com.br\/site\/wp-json\/wp\/v2\/media?parent=86404"}],"wp:term":[{"taxonomy":"category","embeddable":true,"href":"https:\/\/blogdoeloiltoncajuhy.com.br\/site\/wp-json\/wp\/v2\/categories?post=86404"},{"taxonomy":"post_tag","embeddable":true,"href":"https:\/\/blogdoeloiltoncajuhy.com.br\/site\/wp-json\/wp\/v2\/tags?post=86404"}],"curies":[{"name":"wp","href":"https:\/\/api.w.org\/{rel}","templated":true}]}}