{"id":86401,"date":"2025-03-13T09:28:29","date_gmt":"2025-03-13T12:28:29","guid":{"rendered":"https:\/\/blogdoeloiltoncajuhy.com.br\/site\/?p=86401"},"modified":"2025-03-13T09:28:31","modified_gmt":"2025-03-13T12:28:31","slug":"inaceitavel-e-criminoso-deputada-aciona-o-mp-apos-baby-do-brasil-pedir-para-vitimas-de-abuso-sexual-perdoarem-agressores","status":"publish","type":"post","link":"https:\/\/blogdoeloiltoncajuhy.com.br\/site\/inaceitavel-e-criminoso-deputada-aciona-o-mp-apos-baby-do-brasil-pedir-para-vitimas-de-abuso-sexual-perdoarem-agressores\/","title":{"rendered":"&#8216;Inaceit\u00e1vel e criminoso&#8217;: Deputada aciona o MP ap\u00f3s Baby do Brasil pedir para v\u00edtimas de abuso sexual perdoarem agressores"},"content":{"rendered":"\n<p class=\"has-medium-font-size\"><strong>A fala ocorreu durante a realiza\u00e7\u00e3o de um culto na casa de shows D-Edge, na Barra Funda, em S\u00e3o Paulo; A deputada federal S\u00e2mia Bomfim (PSOL-SP) afirmou que a cantora cometeu incita\u00e7\u00e3o ao crime e condescend\u00eancia criminosa<\/strong><\/p>\n\n\n\n<p><strong>Por Filipe Vidon e Rafaela Gama\/O Globo<\/strong> \u2014 Rio de Janeiro<\/p>\n\n\n\n<figure class=\"wp-block-image aligncenter size-full is-resized\"><a href=\"https:\/\/i0.wp.com\/blogdoeloiltoncajuhy.com.br\/site\/wp-content\/uploads\/2025\/03\/Baby-do-Brasil-%E2%80%94-Foto_Reproducao.jpeg?ssl=1\"><img data-recalc-dims=\"1\" fetchpriority=\"high\" decoding=\"async\" width=\"720\" height=\"544\" src=\"https:\/\/i0.wp.com\/blogdoeloiltoncajuhy.com.br\/site\/wp-content\/uploads\/2025\/03\/Baby-do-Brasil-%E2%80%94-Foto_Reproducao.jpeg?resize=720%2C544&#038;ssl=1\" alt=\"\" class=\"wp-image-86402\" style=\"width:643px;height:auto\" srcset=\"https:\/\/i0.wp.com\/blogdoeloiltoncajuhy.com.br\/site\/wp-content\/uploads\/2025\/03\/Baby-do-Brasil-%E2%80%94-Foto_Reproducao.jpeg?w=720&amp;ssl=1 720w, https:\/\/i0.wp.com\/blogdoeloiltoncajuhy.com.br\/site\/wp-content\/uploads\/2025\/03\/Baby-do-Brasil-%E2%80%94-Foto_Reproducao.jpeg?resize=300%2C227&amp;ssl=1 300w\" sizes=\"(max-width: 720px) 100vw, 720px\" \/><\/a><figcaption class=\"wp-element-caption\"><sub>Baby do Brasil \u2014 Foto: Reprodu\u00e7\u00e3o<\/sub><\/figcaption><\/figure>\n\n\n\n<p>A deputada federal S\u00e2mia Bomfim (PSOL-SP) acionou o Minist\u00e9rio P\u00fablico de S\u00e3o Paulo para investigar culto evang\u00e9lico realizado na boate D-Edge, na Barra Funda, em S\u00e3o Paulo, ap\u00f3s a cantora Baby do Brasil viralizar nas redes pedindo a v\u00edtimas de abusos sexuais que &#8220;perdoem&#8221; seus abusadores, inclusive se eles forem da pr\u00f3pria fam\u00edlia.<\/p>\n\n\n\n<p><a href=\"https:\/\/whatsapp.com\/channel\/0029VaAT7tDLI8Yfj5y9Z50Z\"><strong><mark style=\"background-color:rgba(0, 0, 0, 0)\" class=\"has-inline-color has-vivid-red-color\">Siga nosso canal no WhatsApp e veja mais not\u00edcias<\/mark><\/strong><\/a><\/p>\n\n\n\n<p>S\u00e2mia afirmou que o discurso feito por Baby \u00e9 &#8220;inaceit\u00e1vel e criminoso&#8221;. A deputada acionou a promotoria para que &#8220;investigue e responsabilize pelos crimes cometidos em um culto&#8221;.<\/p>\n\n\n\n<p>&#8220;Baby flagrantemente cometeu incita\u00e7\u00e3o ao crime e condescend\u00eancia criminosa, pois refor\u00e7ou uma cultura de silenciamento e impunidade, incentivando que crimes de viol\u00eancia sexual fiquem sem a devida responsabiliza\u00e7\u00e3o e favorecendo aqueles que o cometeram&#8221;, criticou a deputada.<\/p>\n\n\n\n<p>A parlamentar tamb\u00e9m apontou que a maioria dos abusos acontecem dentro de casa, praticados por falimiares. A parlamentar citou que no Brasil 9 estupros s\u00e3o registrados por hora, e que em 61% dos casos as v\u00edtimas t\u00eam menos de 14 anos.<\/p>\n\n\n\n<blockquote class=\"wp-block-quote is-layout-flow wp-block-quote-is-layout-flow\">\n<p class=\"has-medium-font-size\"><strong><mark style=\"background-color:rgba(0, 0, 0, 0)\" class=\"has-inline-color has-black-color\">&#8220;Essa indigna\u00e7\u00e3o \u00e9 igualmente compartilhada por esta parlamentar, tendo em vista o reconhecimento da notificante (Baby do Brasil) n\u00e3o apenas como artista, mas tamb\u00e9m como autoridade religiosa, cuja influ\u00eancia pode levar pessoas \u2014 especialmente v\u00edtimas vulner\u00e1veis \u2014 a deixarem de denunciar ou at\u00e9 mesmo a encobrir abusos&#8221;, afirma a deputada na den\u00fancia.<\/mark><\/strong><\/p>\n<\/blockquote>\n\n\n\n<p>S\u00e2mia tamb\u00e9m diz na comunica\u00e7\u00e3o ao MP que &#8220;o discurso da cantora ultrapassa os limites da liberdade religiosa e de express\u00e3o&#8221;. Para ela, a fala vai al\u00e9m de orienta\u00e7\u00e3o espiritual individual e incita conduta que pode resultar na impunidade de crimes graves.<\/p>\n\n\n\n<p>Al\u00e9m de investigar Baby do Brasil, S\u00e2mia tamb\u00e9m pediu ao MPSP que investigue a casa noturna D-Edge &#8220;por omiss\u00e3o&#8221;. Segundo a parlamentar, a falta de a\u00e7\u00e3o do s\u00f3cio-propriet\u00e1rio da casa noturna D-EDGE, Renato Ratier, para impedir a dissemina\u00e7\u00e3o de discursos potencialmente criminosos em seu estabelecimento pode ser considerada condescend\u00eancia criminosa, conforme o artigo 349 do C\u00f3digo Penal.<\/p>\n","protected":false},"excerpt":{"rendered":"<p>A fala ocorreu durante a realiza\u00e7\u00e3o de um culto na casa de shows D-Edge, na Barra Funda, em S\u00e3o Paulo; A deputada federal S\u00e2mia Bomfim (PSOL-SP) afirmou que a cantora cometeu incita\u00e7\u00e3o ao crime e condescend\u00eancia criminosa Por Filipe Vidon e Rafaela Gama\/O Globo \u2014 Rio de Janeiro A deputada federal S\u00e2mia Bomfim (PSOL-SP) acionou [&hellip;]<\/p>\n","protected":false},"author":2,"featured_media":86402,"comment_status":"open","ping_status":"open","sticky":false,"template":"","format":"standard","meta":{"_acf_changed":false,"_monsterinsights_skip_tracking":false,"_monsterinsights_sitenote_active":false,"_monsterinsights_sitenote_note":"","_monsterinsights_sitenote_category":0,"_jetpack_memberships_contains_paid_content":false,"footnotes":"","jetpack_publicize_message":"","jetpack_publicize_feature_enabled":true,"jetpack_social_post_already_shared":true,"jetpack_social_options":{"image_generator_settings":{"template":"highway","default_image_id":0,"font":"","enabled":false},"version":2}},"categories":[3],"tags":[],"class_list":["post-86401","post","type-post","status-publish","format-standard","has-post-thumbnail","hentry","category-politica"],"acf":[],"jetpack_publicize_connections":[],"jetpack_featured_media_url":"https:\/\/i0.wp.com\/blogdoeloiltoncajuhy.com.br\/site\/wp-content\/uploads\/2025\/03\/Baby-do-Brasil-%E2%80%94-Foto_Reproducao.jpeg?fit=720%2C544&ssl=1","jetpack_sharing_enabled":true,"publishpress_future_workflow_manual_trigger":{"enabledWorkflows":[]},"_links":{"self":[{"href":"https:\/\/blogdoeloiltoncajuhy.com.br\/site\/wp-json\/wp\/v2\/posts\/86401","targetHints":{"allow":["GET"]}}],"collection":[{"href":"https:\/\/blogdoeloiltoncajuhy.com.br\/site\/wp-json\/wp\/v2\/posts"}],"about":[{"href":"https:\/\/blogdoeloiltoncajuhy.com.br\/site\/wp-json\/wp\/v2\/types\/post"}],"author":[{"embeddable":true,"href":"https:\/\/blogdoeloiltoncajuhy.com.br\/site\/wp-json\/wp\/v2\/users\/2"}],"replies":[{"embeddable":true,"href":"https:\/\/blogdoeloiltoncajuhy.com.br\/site\/wp-json\/wp\/v2\/comments?post=86401"}],"version-history":[{"count":1,"href":"https:\/\/blogdoeloiltoncajuhy.com.br\/site\/wp-json\/wp\/v2\/posts\/86401\/revisions"}],"predecessor-version":[{"id":86403,"href":"https:\/\/blogdoeloiltoncajuhy.com.br\/site\/wp-json\/wp\/v2\/posts\/86401\/revisions\/86403"}],"wp:featuredmedia":[{"embeddable":true,"href":"https:\/\/blogdoeloiltoncajuhy.com.br\/site\/wp-json\/wp\/v2\/media\/86402"}],"wp:attachment":[{"href":"https:\/\/blogdoeloiltoncajuhy.com.br\/site\/wp-json\/wp\/v2\/media?parent=86401"}],"wp:term":[{"taxonomy":"category","embeddable":true,"href":"https:\/\/blogdoeloiltoncajuhy.com.br\/site\/wp-json\/wp\/v2\/categories?post=86401"},{"taxonomy":"post_tag","embeddable":true,"href":"https:\/\/blogdoeloiltoncajuhy.com.br\/site\/wp-json\/wp\/v2\/tags?post=86401"}],"curies":[{"name":"wp","href":"https:\/\/api.w.org\/{rel}","templated":true}]}}