{"id":86393,"date":"2025-03-13T08:06:20","date_gmt":"2025-03-13T11:06:20","guid":{"rendered":"https:\/\/blogdoeloiltoncajuhy.com.br\/site\/?p=86393"},"modified":"2025-03-13T08:06:22","modified_gmt":"2025-03-13T11:06:22","slug":"rede-varejista-abre-381-vagas-temporarias-de-empregos-para-a-pascoa-em-bonfim-e-outras-cidades-da-bahia","status":"publish","type":"post","link":"https:\/\/blogdoeloiltoncajuhy.com.br\/site\/rede-varejista-abre-381-vagas-temporarias-de-empregos-para-a-pascoa-em-bonfim-e-outras-cidades-da-bahia\/","title":{"rendered":"Rede varejista abre 381 vagas tempor\u00e1rias de empregos para a P\u00e1scoa em Bonfim e outras cidades da Bahia"},"content":{"rendered":"\n<p><strong>Blog do Eloilton Cajuhy \u2013 BEC<\/strong><\/p>\n\n\n\n<figure class=\"wp-block-image aligncenter size-full is-resized\"><a href=\"https:\/\/i0.wp.com\/blogdoeloiltoncajuhy.com.br\/site\/wp-content\/uploads\/2024\/10\/Lojas-Americanas-Senhor-do-Bonfim.jpg\"><img data-recalc-dims=\"1\" fetchpriority=\"high\" decoding=\"async\" width=\"500\" height=\"375\" src=\"https:\/\/i0.wp.com\/blogdoeloiltoncajuhy.com.br\/site\/wp-content\/uploads\/2024\/10\/Lojas-Americanas-Senhor-do-Bonfim.jpg?resize=500%2C375\" alt=\"\" class=\"wp-image-83761\" style=\"width:599px;height:auto\" srcset=\"https:\/\/i0.wp.com\/blogdoeloiltoncajuhy.com.br\/site\/wp-content\/uploads\/2024\/10\/Lojas-Americanas-Senhor-do-Bonfim.jpg?w=500&amp;ssl=1 500w, https:\/\/i0.wp.com\/blogdoeloiltoncajuhy.com.br\/site\/wp-content\/uploads\/2024\/10\/Lojas-Americanas-Senhor-do-Bonfim.jpg?resize=300%2C225&amp;ssl=1 300w\" sizes=\"(max-width: 500px) 100vw, 500px\" \/><\/a><figcaption class=\"wp-element-caption\"><sub>Lojas Americanas &#8211; Senhor do Bonfim \/ Reprodu\u00e7\u00e3o<\/sub><\/figcaption><\/figure>\n\n\n\n<p>A rede varejista <strong><mark style=\"background-color:rgba(0, 0, 0, 0)\" class=\"has-inline-color has-black-color\">Americanas<\/mark><\/strong> est\u00e1 com 381 vagas tempor\u00e1rias de trabalho dispon\u00edveis em 69 cidades da Bahia. A iniciativa visa atender o movimento do per\u00edodo da P\u00e1scoa. As oportunidades est\u00e3o dispon\u00edveis tamb\u00e9m para a loja de <strong><mark style=\"background-color:rgba(0, 0, 0, 0)\" class=\"has-inline-color has-black-color\">Senhor do Bonfim<\/mark><\/strong>. <strong><em>[Veja lista completa ao final da mat\u00e9ria]<\/em><\/strong><\/p>\n\n\n\n<p>A empresa busca pessoas proativas e din\u00e2micas, com idade a partir de 18 anos e ensino m\u00e9dio completo. As oportunidades abrangem diversas \u00e1reas e n\u00e3o exigem experi\u00eancia. Interessados podem se inscrever at\u00e9 28 de mar\u00e7o pelo <a href=\"https:\/\/americanas-sa.pandape.infojobs.com.br\/Detail?id=71C6D53EED9F0FD7\"><mark style=\"background-color:rgba(0, 0, 0, 0)\" class=\"has-inline-color has-vivid-cyan-blue-color\"><strong>site da empresa<\/strong><\/mark><\/a>.<\/p>\n\n\n\n<p>\u202fO processo seletivo para as vagas tempor\u00e1rias acontecer\u00e1 de forma online e presencial. Os contratados desempenhar\u00e3o atividades como atendimento ao cliente, opera\u00e7\u00e3o de loja e de caixa, organiza\u00e7\u00e3o de itens nas g\u00f4ndolas, nas parreiras de ovos e suporte na retirada e entrega de pedidos feitos pelo site e aplicativo da rede.<\/p>\n\n\n\n<p>Al\u00e9m de sal\u00e1rio, os contratados selecionados receber\u00e3o benef\u00edcios como vale-transporte, vale-refei\u00e7\u00e3o, seguro de vida e acesso ao Americanas Educa \u2013 plataforma de treinamento da companhia. Os tempor\u00e1rios passar\u00e3o por treinamentos, integra\u00e7\u00e3o e ambienta\u00e7\u00e3o nas unidades de trabalho.<\/p>\n\n\n\n<p><a href=\"https:\/\/whatsapp.com\/channel\/0029VaAT7tDLI8Yfj5y9Z50Z\"><strong><mark style=\"background-color:rgba(0, 0, 0, 0)\" class=\"has-inline-color has-vivid-red-color\">Siga nosso canal no WhatsApp e veja mais not\u00edcias<\/mark><\/strong><\/a><\/p>\n\n\n\n<h5 class=\"wp-block-heading\"><strong><mark style=\"background-color:rgba(0, 0, 0, 0)\" class=\"has-inline-color has-black-color\">As vagas est\u00e3o dispon\u00edveis nas seguintes cidades:<\/mark><\/strong><\/h5>\n\n\n\n<ul class=\"wp-block-list\">\n<li>Alagoinhas<\/li>\n\n\n\n<li>Amargosa<\/li>\n\n\n\n<li>Barreiras<\/li>\n\n\n\n<li>Bom Jesus da Lapa<\/li>\n\n\n\n<li>Brumado<\/li>\n\n\n\n<li>Cachoeira<\/li>\n\n\n\n<li>Caetit\u00e9<\/li>\n\n\n\n<li>Camac\u00e3<\/li>\n\n\n\n<li>Cama\u00e7ari<\/li>\n\n\n\n<li>Camamu<\/li>\n\n\n\n<li><strong>Campo Formoso<\/strong><\/li>\n\n\n\n<li>Candeias<\/li>\n\n\n\n<li>Catu<\/li>\n\n\n\n<li>Concei\u00e7\u00e3o de Jacu\u00edpe<\/li>\n\n\n\n<li>Concei\u00e7\u00e3o do Coit\u00e9<\/li>\n\n\n\n<li>Cruz das Almas<\/li>\n\n\n\n<li>Dias D&#8217;\u00c1vila<\/li>\n\n\n\n<li>Entre Rios<\/li>\n\n\n\n<li>Esplanada<\/li>\n\n\n\n<li>Euclides da Cunha<\/li>\n\n\n\n<li>Eun\u00e1polis<\/li>\n\n\n\n<li>Feira de Santana<\/li>\n\n\n\n<li>Gandu<\/li>\n\n\n\n<li>Ibotirama<\/li>\n\n\n\n<li>Igua\u00ed<\/li>\n\n\n\n<li>Ilh\u00e9us<\/li>\n\n\n\n<li>Ipia\u00fa<\/li>\n\n\n\n<li>Ipir\u00e1<\/li>\n\n\n\n<li>Irar\u00e1<\/li>\n\n\n\n<li>Irec\u00ea<\/li>\n\n\n\n<li>Itaberaba<\/li>\n\n\n\n<li>Itabuna<\/li>\n\n\n\n<li>Itamaraju<\/li>\n\n\n\n<li>Itapetinga<\/li>\n\n\n\n<li><strong>Jacobina<\/strong><\/li>\n\n\n\n<li>Jaguaquara<\/li>\n\n\n\n<li>Jequi\u00e9<\/li>\n\n\n\n<li><strong>Juazeiro<\/strong><\/li>\n\n\n\n<li>Lauro de Freitas<\/li>\n\n\n\n<li>Livramento de Nossa Senhora<\/li>\n\n\n\n<li>Lu\u00eds Eduardo Magalh\u00e3es<\/li>\n\n\n\n<li>Mara\u00fa<\/li>\n\n\n\n<li>Mata de S\u00e3o Jo\u00e3o<\/li>\n\n\n\n<li><strong>Monte Santo<\/strong><\/li>\n\n\n\n<li>Nova Vi\u00e7osa<\/li>\n\n\n\n<li>Paulo Afonso<\/li>\n\n\n\n<li>Pojuca<\/li>\n\n\n\n<li>Porto Seguro<\/li>\n\n\n\n<li>Remanso<\/li>\n\n\n\n<li>Ribeira do Pombal<\/li>\n\n\n\n<li>Salvador<\/li>\n\n\n\n<li>Santa Cruz Cabr\u00e1lia<\/li>\n\n\n\n<li>Santa Luz<\/li>\n\n\n\n<li>Santa Maria da Vit\u00f3ria<\/li>\n\n\n\n<li>Santo Amaro<\/li>\n\n\n\n<li>Santo Ant\u00f4nio de Jesus<\/li>\n\n\n\n<li>Santo Estev\u00e3o<\/li>\n\n\n\n<li>S\u00e3o Gon\u00e7alo dos Campos<\/li>\n\n\n\n<li>Seabra<\/li>\n\n\n\n<li><strong>Senhor do Bonfim<\/strong><\/li>\n\n\n\n<li>Serrinha<\/li>\n\n\n\n<li>Sim\u00f5es Filho<\/li>\n\n\n\n<li>Teixeira de Freitas<\/li>\n\n\n\n<li>Tucano<\/li>\n\n\n\n<li>Ubaitaba<\/li>\n\n\n\n<li>Ubat\u00e3<\/li>\n\n\n\n<li>Valen\u00e7a<\/li>\n\n\n\n<li>Vera Cruz<\/li>\n\n\n\n<li>Vit\u00f3ria da Conquista<\/li>\n<\/ul>\n","protected":false},"excerpt":{"rendered":"<p>Blog do Eloilton Cajuhy \u2013 BEC A rede varejista Americanas est\u00e1 com 381 vagas tempor\u00e1rias de trabalho dispon\u00edveis em 69 cidades da Bahia. A iniciativa visa atender o movimento do per\u00edodo da P\u00e1scoa. As oportunidades est\u00e3o dispon\u00edveis tamb\u00e9m para a loja de Senhor do Bonfim. [Veja lista completa ao final da mat\u00e9ria] A empresa busca [&hellip;]<\/p>\n","protected":false},"author":2,"featured_media":83761,"comment_status":"open","ping_status":"open","sticky":false,"template":"","format":"standard","meta":{"_acf_changed":false,"_monsterinsights_skip_tracking":false,"_monsterinsights_sitenote_active":false,"_monsterinsights_sitenote_note":"","_monsterinsights_sitenote_category":0,"_jetpack_memberships_contains_paid_content":false,"footnotes":"","jetpack_publicize_message":"","jetpack_publicize_feature_enabled":true,"jetpack_social_post_already_shared":false,"jetpack_social_options":{"image_generator_settings":{"template":"highway","enabled":false},"version":2}},"categories":[32],"tags":[],"class_list":["post-86393","post","type-post","status-publish","format-standard","has-post-thumbnail","hentry","category-emprego"],"acf":[],"jetpack_publicize_connections":[],"jetpack_featured_media_url":"https:\/\/i0.wp.com\/blogdoeloiltoncajuhy.com.br\/site\/wp-content\/uploads\/2024\/10\/Lojas-Americanas-Senhor-do-Bonfim.jpg?fit=500%2C375&ssl=1","jetpack_sharing_enabled":true,"publishpress_future_workflow_manual_trigger":{"enabledWorkflows":[]},"_links":{"self":[{"href":"https:\/\/blogdoeloiltoncajuhy.com.br\/site\/wp-json\/wp\/v2\/posts\/86393","targetHints":{"allow":["GET"]}}],"collection":[{"href":"https:\/\/blogdoeloiltoncajuhy.com.br\/site\/wp-json\/wp\/v2\/posts"}],"about":[{"href":"https:\/\/blogdoeloiltoncajuhy.com.br\/site\/wp-json\/wp\/v2\/types\/post"}],"author":[{"embeddable":true,"href":"https:\/\/blogdoeloiltoncajuhy.com.br\/site\/wp-json\/wp\/v2\/users\/2"}],"replies":[{"embeddable":true,"href":"https:\/\/blogdoeloiltoncajuhy.com.br\/site\/wp-json\/wp\/v2\/comments?post=86393"}],"version-history":[{"count":1,"href":"https:\/\/blogdoeloiltoncajuhy.com.br\/site\/wp-json\/wp\/v2\/posts\/86393\/revisions"}],"predecessor-version":[{"id":86394,"href":"https:\/\/blogdoeloiltoncajuhy.com.br\/site\/wp-json\/wp\/v2\/posts\/86393\/revisions\/86394"}],"wp:featuredmedia":[{"embeddable":true,"href":"https:\/\/blogdoeloiltoncajuhy.com.br\/site\/wp-json\/wp\/v2\/media\/83761"}],"wp:attachment":[{"href":"https:\/\/blogdoeloiltoncajuhy.com.br\/site\/wp-json\/wp\/v2\/media?parent=86393"}],"wp:term":[{"taxonomy":"category","embeddable":true,"href":"https:\/\/blogdoeloiltoncajuhy.com.br\/site\/wp-json\/wp\/v2\/categories?post=86393"},{"taxonomy":"post_tag","embeddable":true,"href":"https:\/\/blogdoeloiltoncajuhy.com.br\/site\/wp-json\/wp\/v2\/tags?post=86393"}],"curies":[{"name":"wp","href":"https:\/\/api.w.org\/{rel}","templated":true}]}}