{"id":86384,"date":"2025-03-12T15:24:13","date_gmt":"2025-03-12T18:24:13","guid":{"rendered":"https:\/\/blogdoeloiltoncajuhy.com.br\/site\/?p=86384"},"modified":"2025-03-12T15:24:15","modified_gmt":"2025-03-12T18:24:15","slug":"bonfim-homem-que-fez-transplante-de-coracao-no-hospital-ana-neri-precisa-passar-por-novo-procedimento","status":"publish","type":"post","link":"https:\/\/blogdoeloiltoncajuhy.com.br\/site\/bonfim-homem-que-fez-transplante-de-coracao-no-hospital-ana-neri-precisa-passar-por-novo-procedimento\/","title":{"rendered":"Bonfim: Homem que fez transplante de cora\u00e7\u00e3o no Hospital Ana Neri precisa passar por novo procedimento"},"content":{"rendered":"\n<p class=\"has-medium-font-size\"><strong>Reginaldo Ferreira, mais conhecido como Nenzinho, \u00e9 morador do Alto da Maravilha<\/strong><\/p>\n\n\n\n<p><strong>Por Blog do Eloilton Cajuhy \u2013 BEC<\/strong><\/p>\n\n\n\n<figure class=\"wp-block-image aligncenter size-full is-resized\"><a href=\"https:\/\/i0.wp.com\/blogdoeloiltoncajuhy.com.br\/site\/wp-content\/uploads\/2025\/03\/Nenzinho_12-3-2025.jpeg?ssl=1\"><img data-recalc-dims=\"1\" fetchpriority=\"high\" decoding=\"async\" width=\"800\" height=\"447\" src=\"https:\/\/i0.wp.com\/blogdoeloiltoncajuhy.com.br\/site\/wp-content\/uploads\/2025\/03\/Nenzinho_12-3-2025.jpeg?resize=800%2C447&#038;ssl=1\" alt=\"\" class=\"wp-image-86385\" style=\"width:779px;height:auto\" srcset=\"https:\/\/i0.wp.com\/blogdoeloiltoncajuhy.com.br\/site\/wp-content\/uploads\/2025\/03\/Nenzinho_12-3-2025.jpeg?w=888&amp;ssl=1 888w, https:\/\/i0.wp.com\/blogdoeloiltoncajuhy.com.br\/site\/wp-content\/uploads\/2025\/03\/Nenzinho_12-3-2025.jpeg?resize=300%2C168&amp;ssl=1 300w, https:\/\/i0.wp.com\/blogdoeloiltoncajuhy.com.br\/site\/wp-content\/uploads\/2025\/03\/Nenzinho_12-3-2025.jpeg?resize=768%2C429&amp;ssl=1 768w\" sizes=\"(max-width: 800px) 100vw, 800px\" \/><\/a><figcaption class=\"wp-element-caption\"><sub>Fam\u00edlia faz campanha em prol de Nenzinho do Alto da Maravilha<\/sub><\/figcaption><\/figure>\n\n\n\n<p><strong><mark style=\"background-color:rgba(0, 0, 0, 0)\" class=\"has-inline-color has-black-color\">Reginaldo Ferreira Xisto<\/mark><\/strong>, de 57 anos, mais conhecido como <strong><mark style=\"background-color:rgba(0, 0, 0, 0)\" class=\"has-inline-color has-black-color\">Nenzinho<\/mark><\/strong>, morador do Alto da Maravilha, em Senhor do Bonfim, vai precisar passar por nova cirurgia ap\u00f3s realizar transplante de cora\u00e7\u00e3o no Hospital Ana Neri, em Salvador, em outubro de 2023.<\/p>\n\n\n\n<p>Segundo informa\u00e7\u00f5es da fam\u00edlia, houve um pequeno problema na v\u00e1lvula do cora\u00e7\u00e3o e ele precisa passar por mais um internamento em Salvador nos pr\u00f3ximos dias, para realiza\u00e7\u00e3o de exames e cirurgia.<\/p>\n\n\n\n<p>Em campanha que est\u00e1 sendo realizada, pois as despesas com deslocamento, alimenta\u00e7\u00e3o e outros custos extras, pesam bastante, familiares de Nenzinho pedem a contribui\u00e7\u00e3o de amigos e popula\u00e7\u00e3o bonfinense.<\/p>\n\n\n\n<p>&#8220;Qualquer contribui\u00e7\u00e3o ser\u00e1 fundamental para garantir que ele consiga seguir com o tratamento&#8221;, refor\u00e7a a fam\u00edlia. &#8220;Qualquer valor faz a diferen\u00e7a!&#8221;<\/p>\n\n\n\n<p>As doa\u00e7\u00f5es podem ser feitas no <strong><mark style=\"background-color:rgba(0, 0, 0, 0)\" class=\"has-inline-color has-vivid-purple-color\">Pix: 521 203 175 34<\/mark><\/strong> &#8211; Banco do Brasil.<\/p>\n\n\n\n<figure class=\"wp-block-image aligncenter size-full\"><a href=\"https:\/\/i0.wp.com\/blogdoeloiltoncajuhy.com.br\/site\/wp-content\/uploads\/2023\/10\/Nezinho-151023-E.jpg\"><img data-recalc-dims=\"1\" decoding=\"async\" width=\"641\" height=\"750\" src=\"https:\/\/i0.wp.com\/blogdoeloiltoncajuhy.com.br\/site\/wp-content\/uploads\/2023\/10\/Nezinho-151023-E.jpg?resize=641%2C750\" alt=\"\" class=\"wp-image-77051\" srcset=\"https:\/\/i0.wp.com\/blogdoeloiltoncajuhy.com.br\/site\/wp-content\/uploads\/2023\/10\/Nezinho-151023-E.jpg?w=641&amp;ssl=1 641w, https:\/\/i0.wp.com\/blogdoeloiltoncajuhy.com.br\/site\/wp-content\/uploads\/2023\/10\/Nezinho-151023-E.jpg?resize=256%2C300&amp;ssl=1 256w\" sizes=\"(max-width: 641px) 100vw, 641px\" \/><\/a><figcaption class=\"wp-element-caption\"><sub>Nenzinho quando recebeu novo cora\u00e7\u00e3o no Hospital Ana Neri em Salvador &#8211; Foto: Arquivo Pessoal<\/sub><\/figcaption><\/figure>\n\n\n\n<p><a href=\"https:\/\/whatsapp.com\/channel\/0029VaAT7tDLI8Yfj5y9Z50Z\"><strong><mark style=\"background-color:rgba(0, 0, 0, 0)\" class=\"has-inline-color has-vivid-red-color\">Siga nosso canal no WhatsApp e veja mais not\u00edcias<\/mark><\/strong><\/a><\/p>\n","protected":false},"excerpt":{"rendered":"<p>Reginaldo Ferreira, mais conhecido como Nenzinho, \u00e9 morador do Alto da Maravilha Por Blog do Eloilton Cajuhy \u2013 BEC Reginaldo Ferreira Xisto, de 57 anos, mais conhecido como Nenzinho, morador do Alto da Maravilha, em Senhor do Bonfim, vai precisar passar por nova cirurgia ap\u00f3s realizar transplante de cora\u00e7\u00e3o no Hospital Ana Neri, em Salvador, [&hellip;]<\/p>\n","protected":false},"author":2,"featured_media":77051,"comment_status":"open","ping_status":"open","sticky":false,"template":"","format":"standard","meta":{"_acf_changed":false,"_monsterinsights_skip_tracking":false,"_monsterinsights_sitenote_active":false,"_monsterinsights_sitenote_note":"","_monsterinsights_sitenote_category":0,"_jetpack_memberships_contains_paid_content":false,"footnotes":"","jetpack_publicize_message":"","jetpack_publicize_feature_enabled":true,"jetpack_social_post_already_shared":true,"jetpack_social_options":{"image_generator_settings":{"template":"highway","default_image_id":0,"font":"","enabled":false},"version":2}},"categories":[4],"tags":[],"class_list":["post-86384","post","type-post","status-publish","format-standard","has-post-thumbnail","hentry","category-local"],"acf":[],"jetpack_publicize_connections":[],"jetpack_featured_media_url":"https:\/\/i0.wp.com\/blogdoeloiltoncajuhy.com.br\/site\/wp-content\/uploads\/2023\/10\/Nezinho-151023-E.jpg?fit=641%2C750&ssl=1","jetpack_sharing_enabled":true,"publishpress_future_workflow_manual_trigger":{"enabledWorkflows":[]},"_links":{"self":[{"href":"https:\/\/blogdoeloiltoncajuhy.com.br\/site\/wp-json\/wp\/v2\/posts\/86384","targetHints":{"allow":["GET"]}}],"collection":[{"href":"https:\/\/blogdoeloiltoncajuhy.com.br\/site\/wp-json\/wp\/v2\/posts"}],"about":[{"href":"https:\/\/blogdoeloiltoncajuhy.com.br\/site\/wp-json\/wp\/v2\/types\/post"}],"author":[{"embeddable":true,"href":"https:\/\/blogdoeloiltoncajuhy.com.br\/site\/wp-json\/wp\/v2\/users\/2"}],"replies":[{"embeddable":true,"href":"https:\/\/blogdoeloiltoncajuhy.com.br\/site\/wp-json\/wp\/v2\/comments?post=86384"}],"version-history":[{"count":1,"href":"https:\/\/blogdoeloiltoncajuhy.com.br\/site\/wp-json\/wp\/v2\/posts\/86384\/revisions"}],"predecessor-version":[{"id":86386,"href":"https:\/\/blogdoeloiltoncajuhy.com.br\/site\/wp-json\/wp\/v2\/posts\/86384\/revisions\/86386"}],"wp:featuredmedia":[{"embeddable":true,"href":"https:\/\/blogdoeloiltoncajuhy.com.br\/site\/wp-json\/wp\/v2\/media\/77051"}],"wp:attachment":[{"href":"https:\/\/blogdoeloiltoncajuhy.com.br\/site\/wp-json\/wp\/v2\/media?parent=86384"}],"wp:term":[{"taxonomy":"category","embeddable":true,"href":"https:\/\/blogdoeloiltoncajuhy.com.br\/site\/wp-json\/wp\/v2\/categories?post=86384"},{"taxonomy":"post_tag","embeddable":true,"href":"https:\/\/blogdoeloiltoncajuhy.com.br\/site\/wp-json\/wp\/v2\/tags?post=86384"}],"curies":[{"name":"wp","href":"https:\/\/api.w.org\/{rel}","templated":true}]}}