{"id":86381,"date":"2025-03-12T14:50:37","date_gmt":"2025-03-12T17:50:37","guid":{"rendered":"https:\/\/blogdoeloiltoncajuhy.com.br\/site\/?p=86381"},"modified":"2025-03-12T14:50:39","modified_gmt":"2025-03-12T17:50:39","slug":"natural-de-bonfim-uriel-bezerra-assume-cargo-na-fundacao-cultural-do-estado-da-bahia","status":"publish","type":"post","link":"https:\/\/blogdoeloiltoncajuhy.com.br\/site\/natural-de-bonfim-uriel-bezerra-assume-cargo-na-fundacao-cultural-do-estado-da-bahia\/","title":{"rendered":"Natural de Bonfim, Uriel Bezerra assume cargo na Funda\u00e7\u00e3o Cultural do Estado da Bahia"},"content":{"rendered":"\n<p><strong>Blog do Eloilton Cajuhy \u2013 BEC<\/strong><\/p>\n\n\n\n<figure class=\"wp-block-image aligncenter size-full is-resized\"><a href=\"https:\/\/i0.wp.com\/blogdoeloiltoncajuhy.com.br\/site\/wp-content\/uploads\/2025\/03\/Uriel-Bezerra_Foto-Lucas-Malkut.jpg?ssl=1\"><img data-recalc-dims=\"1\" fetchpriority=\"high\" decoding=\"async\" width=\"720\" height=\"621\" src=\"https:\/\/i0.wp.com\/blogdoeloiltoncajuhy.com.br\/site\/wp-content\/uploads\/2025\/03\/Uriel-Bezerra_Foto-Lucas-Malkut.jpg?resize=720%2C621&#038;ssl=1\" alt=\"\" class=\"wp-image-86382\" style=\"width:641px;height:auto\" srcset=\"https:\/\/i0.wp.com\/blogdoeloiltoncajuhy.com.br\/site\/wp-content\/uploads\/2025\/03\/Uriel-Bezerra_Foto-Lucas-Malkut.jpg?w=720&amp;ssl=1 720w, https:\/\/i0.wp.com\/blogdoeloiltoncajuhy.com.br\/site\/wp-content\/uploads\/2025\/03\/Uriel-Bezerra_Foto-Lucas-Malkut.jpg?resize=300%2C259&amp;ssl=1 300w\" sizes=\"(max-width: 720px) 100vw, 720px\" \/><\/a><figcaption class=\"wp-element-caption\"><sub>Foto: Lucas Malkut<\/sub><\/figcaption><\/figure>\n\n\n\n<p>A Funda\u00e7\u00e3o Cultural do Estado da Bahia (Funceb) tem um novo coordenador de Artes Visuais: o <strong><mark style=\"background-color:rgba(0, 0, 0, 0)\" class=\"has-inline-color has-black-color\">pesquisador e curador Uriel Bezerra, natural de Senhor do Bonfim (BA)<\/mark><\/strong>.<\/p>\n\n\n\n<p>Com quase uma d\u00e9cada de atua\u00e7\u00e3o nas \u00e1reas de curadoria, educa\u00e7\u00e3o e pesquisa, Uriel \u00e9 mestre e doutorando em Artes Visuais pela UFBA, tendo sua disserta\u00e7\u00e3o premiada no bi\u00eanio 2021-2022.<\/p>\n\n\n\n<p>Bezerra j\u00e1 integrou a Comiss\u00e3o de Premia\u00e7\u00e3o dos Sal\u00f5es de Artes Visuais da Bahia e coordenou projetos de relev\u00e2ncia nacional. Em sua nova fun\u00e7\u00e3o, pretende ampliar o acesso dos agentes culturais a pol\u00edticas p\u00fablicas, al\u00e9m de fortalecer a mem\u00f3ria e a difus\u00e3o da produ\u00e7\u00e3o art\u00edstica baiana.<\/p>\n","protected":false},"excerpt":{"rendered":"<p>Blog do Eloilton Cajuhy \u2013 BEC A Funda\u00e7\u00e3o Cultural do Estado da Bahia (Funceb) tem um novo coordenador de Artes Visuais: o pesquisador e curador Uriel Bezerra, natural de Senhor do Bonfim (BA). Com quase uma d\u00e9cada de atua\u00e7\u00e3o nas \u00e1reas de curadoria, educa\u00e7\u00e3o e pesquisa, Uriel \u00e9 mestre e doutorando em Artes Visuais pela [&hellip;]<\/p>\n","protected":false},"author":2,"featured_media":86382,"comment_status":"open","ping_status":"open","sticky":false,"template":"","format":"standard","meta":{"_acf_changed":false,"_monsterinsights_skip_tracking":false,"_monsterinsights_sitenote_active":false,"_monsterinsights_sitenote_note":"","_monsterinsights_sitenote_category":0,"_jetpack_memberships_contains_paid_content":false,"footnotes":"","jetpack_publicize_message":"","jetpack_publicize_feature_enabled":true,"jetpack_social_post_already_shared":false,"jetpack_social_options":{"image_generator_settings":{"template":"highway","enabled":false},"version":2}},"categories":[8],"tags":[],"class_list":["post-86381","post","type-post","status-publish","format-standard","has-post-thumbnail","hentry","category-cultura"],"acf":[],"jetpack_publicize_connections":[],"jetpack_featured_media_url":"https:\/\/i0.wp.com\/blogdoeloiltoncajuhy.com.br\/site\/wp-content\/uploads\/2025\/03\/Uriel-Bezerra_Foto-Lucas-Malkut.jpg?fit=720%2C621&ssl=1","jetpack_sharing_enabled":true,"publishpress_future_workflow_manual_trigger":{"enabledWorkflows":[]},"_links":{"self":[{"href":"https:\/\/blogdoeloiltoncajuhy.com.br\/site\/wp-json\/wp\/v2\/posts\/86381","targetHints":{"allow":["GET"]}}],"collection":[{"href":"https:\/\/blogdoeloiltoncajuhy.com.br\/site\/wp-json\/wp\/v2\/posts"}],"about":[{"href":"https:\/\/blogdoeloiltoncajuhy.com.br\/site\/wp-json\/wp\/v2\/types\/post"}],"author":[{"embeddable":true,"href":"https:\/\/blogdoeloiltoncajuhy.com.br\/site\/wp-json\/wp\/v2\/users\/2"}],"replies":[{"embeddable":true,"href":"https:\/\/blogdoeloiltoncajuhy.com.br\/site\/wp-json\/wp\/v2\/comments?post=86381"}],"version-history":[{"count":1,"href":"https:\/\/blogdoeloiltoncajuhy.com.br\/site\/wp-json\/wp\/v2\/posts\/86381\/revisions"}],"predecessor-version":[{"id":86383,"href":"https:\/\/blogdoeloiltoncajuhy.com.br\/site\/wp-json\/wp\/v2\/posts\/86381\/revisions\/86383"}],"wp:featuredmedia":[{"embeddable":true,"href":"https:\/\/blogdoeloiltoncajuhy.com.br\/site\/wp-json\/wp\/v2\/media\/86382"}],"wp:attachment":[{"href":"https:\/\/blogdoeloiltoncajuhy.com.br\/site\/wp-json\/wp\/v2\/media?parent=86381"}],"wp:term":[{"taxonomy":"category","embeddable":true,"href":"https:\/\/blogdoeloiltoncajuhy.com.br\/site\/wp-json\/wp\/v2\/categories?post=86381"},{"taxonomy":"post_tag","embeddable":true,"href":"https:\/\/blogdoeloiltoncajuhy.com.br\/site\/wp-json\/wp\/v2\/tags?post=86381"}],"curies":[{"name":"wp","href":"https:\/\/api.w.org\/{rel}","templated":true}]}}