{"id":86378,"date":"2025-03-12T08:16:04","date_gmt":"2025-03-12T11:16:04","guid":{"rendered":"https:\/\/blogdoeloiltoncajuhy.com.br\/site\/?p=86378"},"modified":"2025-03-12T08:16:05","modified_gmt":"2025-03-12T11:16:05","slug":"pm-de-pernambuco-foi-morto-sem-possibilidade-de-defesa-pela-ex-companheira-diz-delegado","status":"publish","type":"post","link":"https:\/\/blogdoeloiltoncajuhy.com.br\/site\/pm-de-pernambuco-foi-morto-sem-possibilidade-de-defesa-pela-ex-companheira-diz-delegado\/","title":{"rendered":"PM de Pernambuco foi morto sem possibilidade de defesa pela ex-companheira, diz delegado"},"content":{"rendered":"\n<p class=\"has-medium-font-size\"><strong>Pol\u00edcia Civil n\u00e3o identificou ind\u00edcios que qualifiquem o crime como leg\u00edtima defesa, como alegou a Policial Militar da Bahia e ex-companheira da v\u00edtima nos depoimentos<\/strong><\/p>\n\n\n\n<p><strong>Por g1 Petrolina<\/strong><\/p>\n\n\n\n<figure class=\"wp-block-image aligncenter size-full\"><a href=\"https:\/\/i0.wp.com\/blogdoeloiltoncajuhy.com.br\/site\/wp-content\/uploads\/2025\/03\/Petro_Delegado-Gabriel-Sapucaia_12-3-2025_g1-petrolina.jpg?ssl=1\"><img data-recalc-dims=\"1\" fetchpriority=\"high\" decoding=\"async\" width=\"720\" height=\"411\" src=\"https:\/\/i0.wp.com\/blogdoeloiltoncajuhy.com.br\/site\/wp-content\/uploads\/2025\/03\/Petro_Delegado-Gabriel-Sapucaia_12-3-2025_g1-petrolina.jpg?resize=720%2C411&#038;ssl=1\" alt=\"\" class=\"wp-image-86379\" srcset=\"https:\/\/i0.wp.com\/blogdoeloiltoncajuhy.com.br\/site\/wp-content\/uploads\/2025\/03\/Petro_Delegado-Gabriel-Sapucaia_12-3-2025_g1-petrolina.jpg?w=720&amp;ssl=1 720w, https:\/\/i0.wp.com\/blogdoeloiltoncajuhy.com.br\/site\/wp-content\/uploads\/2025\/03\/Petro_Delegado-Gabriel-Sapucaia_12-3-2025_g1-petrolina.jpg?resize=300%2C171&amp;ssl=1 300w\" sizes=\"(max-width: 720px) 100vw, 720px\" \/><\/a><figcaption class=\"wp-element-caption\"><sub>Delegado fala sobre assassinato de PM em Petrolina &#8211; Foto: Reprodu\u00e7\u00e3o \/ g1 Petrolina<\/sub><\/figcaption><\/figure>\n\n\n\n<p>&#8220;Os disparos foram feitos sem a m\u00ednima possibilidade de defesa da v\u00edtima&#8221;. \u00c9 o que afirma o delegado de Pol\u00edcia Civil de Petrolina, Gabriel Sapucaia, respons\u00e1vel pela investiga\u00e7\u00e3o do assassinato do Policial Militar de Pernambuco, Lucas Emanoel Marinho, de 33 anos. Ele foi morto no domingo (10) em Petrolina, pela ex-companheira que \u00e9 Policial Militar da Bahia.<\/p>\n\n\n\n<p>A policial, identificada como Marleide, se apresentou ao Batalh\u00e3o em Juazeiro, na Bahia, e depois na delegacia de Homic\u00eddios em Petrolina. Ela confessou o crime, e, durante o interrogat\u00f3rio, foi expedido um mandado de pris\u00e3o.<\/p>\n\n\n\n<p><a href=\"https:\/\/whatsapp.com\/channel\/0029VaAT7tDLI8Yfj5y9Z50Z\"><strong><mark style=\"background-color:rgba(0, 0, 0, 0)\" class=\"has-inline-color has-vivid-red-color\">Siga nosso canal no WhatsApp e veja mais not\u00edcias<\/mark><\/strong><\/a><\/p>\n\n\n\n<p>Foram analisadas imagens de c\u00e2meras de monitoramento e feita a observa\u00e7\u00e3o do local do assassinato. A Pol\u00edcia Civil n\u00e3o identificou ind\u00edcios que qualifiquem o crime como legitima defesa, como alegou a autora nos depoimentos.<\/p>\n\n\n\n<blockquote class=\"wp-block-quote is-layout-flow wp-block-quote-is-layout-flow\">\n<p class=\"has-medium-font-size\"><strong><mark style=\"background-color:rgba(0, 0, 0, 0)\" class=\"has-inline-color has-black-color\">&#8220;A v\u00edtima estava com sua arma na cintura, em momento nenhum teria sacado essa arma, e ela, de acordo com as imagens, j\u00e1 sai da resid\u00eancia atirando e efetuando esses disparos&#8221;, destacou Sapucaia.<\/mark><\/strong><\/p>\n<\/blockquote>\n\n\n\n<p>A policial baiana deve responder por homic\u00eddio qualificado por motivo f\u00fatil e pela impossibilidade de defesa.<\/p>\n\n\n\n<p>&#8220;Ela vai responder pelo homic\u00eddio em sua forma qualificada, tanto pelo motivo f\u00fatil, porque a princ\u00edpio n\u00e3o foi caracterizado nenhuma desaven\u00e7a, nenhuma briga pret\u00e9rita ou naquele momento, em que pese ela ter alegado que houve uma suposta discuss\u00e3o, uma suposta amea\u00e7a por parte dele. Mas essas informa\u00e7\u00f5es n\u00e3o foram identificadas no momento em que foram realizadas a conduta delitiva. E ela tamb\u00e9m responder\u00e1 na forma qualificada pela impossibilidade de defesa da v\u00edtima, j\u00e1 que ele foi alvejado dentro do ve\u00edculo e na parte posterior do corpo, entre as costas e a cintura. Ent\u00e3o, n\u00e3o teve qualquer tipo de possibilidade de defesa&#8221;, esclareceu Sapucaia.<\/p>\n\n\n\n<h4 class=\"wp-block-heading\"><strong><mark style=\"background-color:rgba(0, 0, 0, 0)\" class=\"has-inline-color has-black-color\">Entenda o crime:<\/mark><\/strong><\/h4>\n\n\n\n<p>O crime ocorreu na manh\u00e3 do domingo (9) no bairro Portal da Cidade em Petrolina, no Sert\u00e3o de Pernambuco. A v\u00edtima foi identificada como Lucas Emanoel Marinho, de 33 anos. A autora do crime foi identificada apenas como Marleide, de 35 anos. Ela atuava na 25\u00aa Companhia Independente da PM baiana, na cidade de Casa Nova, no Norte do estado.<\/p>\n\n\n\n<p>Uma pessoa que conhecia a v\u00edtima, que n\u00e3o quis se identificar, disse que Marleide n\u00e3o aceitava o fim do relacionamento com Lucas Emanoel, e isso teria motivado o assassinato. O homem, inclusive, j\u00e1 tinha relacionamento com outra mulher, que est\u00e1 gr\u00e1vida.<\/p>\n\n\n\n<p>Por meio de nota, a Pol\u00edcia Militar da Bahia disse que a agressora se apresentou no Comando de Policiamento da Regi\u00e3o Norte e, &#8220;diante da gravidade da situa\u00e7\u00e3o, as medidas cab\u00edveis foram adotadas de imediato, incluindo o encaminhamento da policial \u00e0 Delegacia de Pol\u00edcia Civil de Petrolina para os devidos esclarecimentos&#8221;.<\/p>\n\n\n\n<p>A corpora\u00e7\u00e3o tamb\u00e9m disse que &#8220;acompanha o caso e mant\u00e9m di\u00e1logo com as autoridades respons\u00e1veis pela investiga\u00e7\u00e3o&#8221; e que &#8220;lamenta profundamente o ocorrido e se solidariza com os familiares dos envolvidos, prestando apoio institucional e refor\u00e7ando seu compromisso com a legalidade e a correta apura\u00e7\u00e3o dos fatos&#8221;.<\/p>\n","protected":false},"excerpt":{"rendered":"<p>Pol\u00edcia Civil n\u00e3o identificou ind\u00edcios que qualifiquem o crime como leg\u00edtima defesa, como alegou a Policial Militar da Bahia e ex-companheira da v\u00edtima nos depoimentos Por g1 Petrolina &#8220;Os disparos foram feitos sem a m\u00ednima possibilidade de defesa da v\u00edtima&#8221;. \u00c9 o que afirma o delegado de Pol\u00edcia Civil de Petrolina, Gabriel Sapucaia, respons\u00e1vel pela [&hellip;]<\/p>\n","protected":false},"author":2,"featured_media":86328,"comment_status":"open","ping_status":"open","sticky":false,"template":"","format":"standard","meta":{"_acf_changed":false,"_monsterinsights_skip_tracking":false,"_monsterinsights_sitenote_active":false,"_monsterinsights_sitenote_note":"","_monsterinsights_sitenote_category":0,"_jetpack_memberships_contains_paid_content":false,"footnotes":"","jetpack_publicize_message":"","jetpack_publicize_feature_enabled":true,"jetpack_social_post_already_shared":true,"jetpack_social_options":{"image_generator_settings":{"template":"highway","default_image_id":0,"font":"","enabled":false},"version":2}},"categories":[15],"tags":[],"class_list":["post-86378","post","type-post","status-publish","format-standard","has-post-thumbnail","hentry","category-policia"],"acf":[],"jetpack_publicize_connections":[],"jetpack_featured_media_url":"https:\/\/i0.wp.com\/blogdoeloiltoncajuhy.com.br\/site\/wp-content\/uploads\/2025\/03\/Lucas-Emanoel-Marinho-PM-morto-em-Petrolina-%E2%80%94-Foto_Reproducao-Redes-sociais.jpeg?fit=720%2C554&ssl=1","jetpack_sharing_enabled":true,"publishpress_future_workflow_manual_trigger":{"enabledWorkflows":[]},"_links":{"self":[{"href":"https:\/\/blogdoeloiltoncajuhy.com.br\/site\/wp-json\/wp\/v2\/posts\/86378","targetHints":{"allow":["GET"]}}],"collection":[{"href":"https:\/\/blogdoeloiltoncajuhy.com.br\/site\/wp-json\/wp\/v2\/posts"}],"about":[{"href":"https:\/\/blogdoeloiltoncajuhy.com.br\/site\/wp-json\/wp\/v2\/types\/post"}],"author":[{"embeddable":true,"href":"https:\/\/blogdoeloiltoncajuhy.com.br\/site\/wp-json\/wp\/v2\/users\/2"}],"replies":[{"embeddable":true,"href":"https:\/\/blogdoeloiltoncajuhy.com.br\/site\/wp-json\/wp\/v2\/comments?post=86378"}],"version-history":[{"count":1,"href":"https:\/\/blogdoeloiltoncajuhy.com.br\/site\/wp-json\/wp\/v2\/posts\/86378\/revisions"}],"predecessor-version":[{"id":86380,"href":"https:\/\/blogdoeloiltoncajuhy.com.br\/site\/wp-json\/wp\/v2\/posts\/86378\/revisions\/86380"}],"wp:featuredmedia":[{"embeddable":true,"href":"https:\/\/blogdoeloiltoncajuhy.com.br\/site\/wp-json\/wp\/v2\/media\/86328"}],"wp:attachment":[{"href":"https:\/\/blogdoeloiltoncajuhy.com.br\/site\/wp-json\/wp\/v2\/media?parent=86378"}],"wp:term":[{"taxonomy":"category","embeddable":true,"href":"https:\/\/blogdoeloiltoncajuhy.com.br\/site\/wp-json\/wp\/v2\/categories?post=86378"},{"taxonomy":"post_tag","embeddable":true,"href":"https:\/\/blogdoeloiltoncajuhy.com.br\/site\/wp-json\/wp\/v2\/tags?post=86378"}],"curies":[{"name":"wp","href":"https:\/\/api.w.org\/{rel}","templated":true}]}}