{"id":86375,"date":"2025-03-12T08:00:12","date_gmt":"2025-03-12T11:00:12","guid":{"rendered":"https:\/\/blogdoeloiltoncajuhy.com.br\/site\/?p=86375"},"modified":"2025-03-12T08:00:14","modified_gmt":"2025-03-12T11:00:14","slug":"sesi-pe-oferece-300-vagas-para-cursos-gratuitos-e-online-com-foco-na-produtividade-do-trabalho","status":"publish","type":"post","link":"https:\/\/blogdoeloiltoncajuhy.com.br\/site\/sesi-pe-oferece-300-vagas-para-cursos-gratuitos-e-online-com-foco-na-produtividade-do-trabalho\/","title":{"rendered":"SESI-PE oferece 300 vagas para cursos gratuitos e online com foco na produtividade do trabalho"},"content":{"rendered":"\n<p><strong>Blog do Eloilton Cajuhy \u2013 BEC<\/strong><\/p>\n\n\n\n<figure class=\"wp-block-image aligncenter size-full\"><a href=\"https:\/\/i0.wp.com\/blogdoeloiltoncajuhy.com.br\/site\/wp-content\/uploads\/2025\/03\/Sesi-PE-Cursos-Emprego-Vagas-Reproducao.jpeg?ssl=1\"><img data-recalc-dims=\"1\" fetchpriority=\"high\" decoding=\"async\" width=\"760\" height=\"506\" src=\"https:\/\/i0.wp.com\/blogdoeloiltoncajuhy.com.br\/site\/wp-content\/uploads\/2025\/03\/Sesi-PE-Cursos-Emprego-Vagas-Reproducao.jpeg?resize=760%2C506&#038;ssl=1\" alt=\"\" class=\"wp-image-86376\" srcset=\"https:\/\/i0.wp.com\/blogdoeloiltoncajuhy.com.br\/site\/wp-content\/uploads\/2025\/03\/Sesi-PE-Cursos-Emprego-Vagas-Reproducao.jpeg?w=760&amp;ssl=1 760w, https:\/\/i0.wp.com\/blogdoeloiltoncajuhy.com.br\/site\/wp-content\/uploads\/2025\/03\/Sesi-PE-Cursos-Emprego-Vagas-Reproducao.jpeg?resize=300%2C200&amp;ssl=1 300w\" sizes=\"(max-width: 760px) 100vw, 760px\" \/><\/a><figcaption class=\"wp-element-caption\"><sub>SESI-PE oferece 300 vagas para cursos gratuitos e online com foco na produtividade do trabalho<\/sub><\/figcaption><\/figure>\n\n\n\n<p>O Servi\u00e7o Social da Ind\u00fastria de Pernambuco (SESI-PE) est\u00e1 oferecendo 300 vagas para dois cursos gratuitos e online, sendo 150 para \u201cGest\u00e3o do Tempo\u201d e outras 150 para \u201cComunica\u00e7\u00e3o no Foco Organizacional\u201d. Para se inscrever, o interessado deve ter, no m\u00ednimo, 16 anos, al\u00e9m de acesso \u00e0 internet, e-mail e no\u00e7\u00f5es b\u00e1sicas de internet. As inscri\u00e7\u00f5es podem ser feitas at\u00e9 o pr\u00f3ximo dia 23 de mar\u00e7o ou at\u00e9 as vagas serem preenchidas atrav\u00e9s do site pe.sesi.org.br, na se\u00e7\u00e3o \u201cEduca\u00e7\u00e3o Continuada\u201d. Na p\u00e1gina, o interessado deve clicar na barra localizada no canto superior da tela e selecionar a op\u00e7\u00e3o &#8220;curso de qualifica\u00e7\u00e3o profissional 2025&#8221; e, em seguida, no bot\u00e3o &#8220;inscri\u00e7\u00f5es&#8221;.<\/p>\n\n\n\n<p>O objetivo do curso \u201cGest\u00e3o do Tempo\u201d \u00e9 fazer com que os alunos compreendam a import\u00e2ncia da organiza\u00e7\u00e3o e do planejamento como estrat\u00e9gia para uma maior produtividade e efici\u00eancia dentro do ambiente de trabalho. Com uma carga hor\u00e1ria de 8 horas, o curso ir\u00e1 abordar temas como O tempo e seu impacto nas organiza\u00e7\u00f5es; A quest\u00e3o do tempo na contemporaneidade; Administrando o tempo; Quantidade X Qualidade; Desafios da gest\u00e3o do tempo nos \u00e2mbitos pessoal e profissional; Administra\u00e7\u00e3o do tempo e estabelecimento de prioridades; Como fazer uma boa gest\u00e3o do tempo?<\/p>\n\n\n\n<p><a href=\"https:\/\/whatsapp.com\/channel\/0029VaAT7tDLI8Yfj5y9Z50Z\"><strong><mark style=\"background-color:rgba(0, 0, 0, 0)\" class=\"has-inline-color has-vivid-red-color\">Siga nosso canal no WhatsApp e veja mais not\u00edcias<\/mark><\/strong><\/a><\/p>\n\n\n\n<p>J\u00e1 o curso \u201cComunica\u00e7\u00e3o no Foco Organizacional\u201d ir\u00e1 promover conhecimentos b\u00e1sicos sobre a comunica\u00e7\u00e3o em situa\u00e7\u00f5es organizacionais, considerando demandas de trabalho e intera\u00e7\u00f5es com as pessoas, uma vez que as rela\u00e7\u00f5es interpessoais s\u00e3o essenciais para os processos produtivos. Entre os conte\u00fados que ser\u00e3o abordados est\u00e3o O que \u00e9 comunica\u00e7\u00e3o e qual sua import\u00e2ncia; Aspectos que envolvem a comunica\u00e7\u00e3o; Fatores implicados na comunica\u00e7\u00e3o; Comunica\u00e7\u00e3o e as suas formas de abordagem; Gest\u00e3o e comunica\u00e7\u00e3o; Rela\u00e7\u00f5es entre comunica\u00e7\u00e3o, trabalho e aprendizagem; As teorias da comunica\u00e7\u00e3o nas organiza\u00e7\u00f5es; Comunica\u00e7\u00e3o com excel\u00eancia; Algumas estrat\u00e9gias para melhoria da comunica\u00e7\u00e3o no trabalho. A carga hor\u00e1ria \u00e9 de 20h.<\/p>\n\n\n\n<p>Ap\u00f3s a realiza\u00e7\u00e3o da matr\u00edcula, o aluno ter\u00e1 at\u00e9 30 dias para terminar o curso desejado. Em seguida, \u00e9 necess\u00e1rio realizar uma avalia\u00e7\u00e3o na plataforma educacional e, ap\u00f3s atingir o m\u00ednimo de 70 pontos no exame, o estudante recebe o certificado. Para tirar d\u00favidas ou obter outras informa\u00e7\u00f5es, basta entrar em contato pelo (81) 98151-8375 (WhatsApp) ou pelo e-mail educacao.distancia@pe.sesi.org.br.<\/p>\n\n\n\n<p><strong><mark style=\"background-color:rgba(0, 0, 0, 0)\" class=\"has-inline-color has-black-color\">Sistema FIEPE<\/mark><\/strong>&#8211; Mantido pelo setor industrial, atua no desenvolvimento de solu\u00e7\u00f5es para trazer ainda mais competitividade ao segmento. Al\u00e9m do SESI \u2013 que proporciona servi\u00e7os de sa\u00fade e educa\u00e7\u00e3o b\u00e1sica para os industri\u00e1rios, familiares e comunidade geral \u2013 conta ainda com a FIEPE, o SENAI e o IEL. A Federa\u00e7\u00e3o realiza a defesa de interesse do setor produtivo e contribui com o processo de internacionaliza\u00e7\u00e3o das ind\u00fastrias. Com o SENAI-PE, al\u00e9m de forma\u00e7\u00e3o profissional, s\u00e3o oferecidos os servi\u00e7os de metrologia e ensaios, consultorias e inova\u00e7\u00e3o. O IEL-PE foca na carreira profissional dos trabalhadores, desde a sele\u00e7\u00e3o de estagi\u00e1rios e profissionais, at\u00e9 a capacita\u00e7\u00e3o deles realizada pela sua Escola de Neg\u00f3cios.<\/p>\n","protected":false},"excerpt":{"rendered":"<p>Blog do Eloilton Cajuhy \u2013 BEC O Servi\u00e7o Social da Ind\u00fastria de Pernambuco (SESI-PE) est\u00e1 oferecendo 300 vagas para dois cursos gratuitos e online, sendo 150 para \u201cGest\u00e3o do Tempo\u201d e outras 150 para \u201cComunica\u00e7\u00e3o no Foco Organizacional\u201d. Para se inscrever, o interessado deve ter, no m\u00ednimo, 16 anos, al\u00e9m de acesso \u00e0 internet, e-mail [&hellip;]<\/p>\n","protected":false},"author":2,"featured_media":86376,"comment_status":"open","ping_status":"open","sticky":false,"template":"","format":"standard","meta":{"_acf_changed":false,"_monsterinsights_skip_tracking":false,"_monsterinsights_sitenote_active":false,"_monsterinsights_sitenote_note":"","_monsterinsights_sitenote_category":0,"_jetpack_memberships_contains_paid_content":false,"footnotes":"","jetpack_publicize_message":"","jetpack_publicize_feature_enabled":true,"jetpack_social_post_already_shared":false,"jetpack_social_options":{"image_generator_settings":{"template":"highway","enabled":false},"version":2}},"categories":[32],"tags":[],"class_list":["post-86375","post","type-post","status-publish","format-standard","has-post-thumbnail","hentry","category-emprego"],"acf":[],"jetpack_publicize_connections":[],"jetpack_featured_media_url":"https:\/\/i0.wp.com\/blogdoeloiltoncajuhy.com.br\/site\/wp-content\/uploads\/2025\/03\/Sesi-PE-Cursos-Emprego-Vagas-Reproducao.jpeg?fit=760%2C506&ssl=1","jetpack_sharing_enabled":true,"publishpress_future_workflow_manual_trigger":{"enabledWorkflows":[]},"_links":{"self":[{"href":"https:\/\/blogdoeloiltoncajuhy.com.br\/site\/wp-json\/wp\/v2\/posts\/86375","targetHints":{"allow":["GET"]}}],"collection":[{"href":"https:\/\/blogdoeloiltoncajuhy.com.br\/site\/wp-json\/wp\/v2\/posts"}],"about":[{"href":"https:\/\/blogdoeloiltoncajuhy.com.br\/site\/wp-json\/wp\/v2\/types\/post"}],"author":[{"embeddable":true,"href":"https:\/\/blogdoeloiltoncajuhy.com.br\/site\/wp-json\/wp\/v2\/users\/2"}],"replies":[{"embeddable":true,"href":"https:\/\/blogdoeloiltoncajuhy.com.br\/site\/wp-json\/wp\/v2\/comments?post=86375"}],"version-history":[{"count":1,"href":"https:\/\/blogdoeloiltoncajuhy.com.br\/site\/wp-json\/wp\/v2\/posts\/86375\/revisions"}],"predecessor-version":[{"id":86377,"href":"https:\/\/blogdoeloiltoncajuhy.com.br\/site\/wp-json\/wp\/v2\/posts\/86375\/revisions\/86377"}],"wp:featuredmedia":[{"embeddable":true,"href":"https:\/\/blogdoeloiltoncajuhy.com.br\/site\/wp-json\/wp\/v2\/media\/86376"}],"wp:attachment":[{"href":"https:\/\/blogdoeloiltoncajuhy.com.br\/site\/wp-json\/wp\/v2\/media?parent=86375"}],"wp:term":[{"taxonomy":"category","embeddable":true,"href":"https:\/\/blogdoeloiltoncajuhy.com.br\/site\/wp-json\/wp\/v2\/categories?post=86375"},{"taxonomy":"post_tag","embeddable":true,"href":"https:\/\/blogdoeloiltoncajuhy.com.br\/site\/wp-json\/wp\/v2\/tags?post=86375"}],"curies":[{"name":"wp","href":"https:\/\/api.w.org\/{rel}","templated":true}]}}