{"id":86349,"date":"2025-03-10T15:26:27","date_gmt":"2025-03-10T18:26:27","guid":{"rendered":"https:\/\/blogdoeloiltoncajuhy.com.br\/site\/?p=86349"},"modified":"2025-03-10T15:26:30","modified_gmt":"2025-03-10T18:26:30","slug":"lei-do-feminicidio-completa-10-anos-com-impunidade-como-desafio","status":"publish","type":"post","link":"https:\/\/blogdoeloiltoncajuhy.com.br\/site\/lei-do-feminicidio-completa-10-anos-com-impunidade-como-desafio\/","title":{"rendered":"Lei do Feminic\u00eddio completa 10 anos com impunidade como desafio"},"content":{"rendered":"\n<p class=\"has-medium-font-size\"><strong>Brasil registra cerca de mil assassinatos de mulheres por ano<\/strong><\/p>\n\n\n\n<p><strong>Ag\u00eancia Brasil<\/strong><\/p>\n\n\n\n<figure class=\"wp-block-image aligncenter size-full\"><a href=\"https:\/\/i0.wp.com\/blogdoeloiltoncajuhy.com.br\/site\/wp-content\/uploads\/2025\/03\/Femincidio-Violencia-contra-a-mulher-Foto-Tania-Rego-Agencia-Brasil.jpeg?ssl=1\"><img data-recalc-dims=\"1\" fetchpriority=\"high\" decoding=\"async\" width=\"740\" height=\"443\" src=\"https:\/\/i0.wp.com\/blogdoeloiltoncajuhy.com.br\/site\/wp-content\/uploads\/2025\/03\/Femincidio-Violencia-contra-a-mulher-Foto-Tania-Rego-Agencia-Brasil.jpeg?resize=740%2C443&#038;ssl=1\" alt=\"\" class=\"wp-image-86350\" srcset=\"https:\/\/i0.wp.com\/blogdoeloiltoncajuhy.com.br\/site\/wp-content\/uploads\/2025\/03\/Femincidio-Violencia-contra-a-mulher-Foto-Tania-Rego-Agencia-Brasil.jpeg?w=740&amp;ssl=1 740w, https:\/\/i0.wp.com\/blogdoeloiltoncajuhy.com.br\/site\/wp-content\/uploads\/2025\/03\/Femincidio-Violencia-contra-a-mulher-Foto-Tania-Rego-Agencia-Brasil.jpeg?resize=300%2C180&amp;ssl=1 300w\" sizes=\"(max-width: 740px) 100vw, 740px\" \/><\/a><figcaption class=\"wp-element-caption\"><sub>Foto: T\u00e2nia R\u00eago\/Ag\u00eancia Brasil<\/sub><\/figcaption><\/figure>\n\n\n\n<p>A Lei do Feminic\u00eddio completou dez anos de vig\u00eancia neste domingo (09). Sancionada em 2015 pela ent\u00e3o presidente Dilma Rousseff, a norma inseriu no C\u00f3digo Penal o crime de homic\u00eddio contra mulheres no contexto de viol\u00eancia dom\u00e9stica e de discrimina\u00e7\u00e3o.<\/p>\n\n\n\n<p>Em outubro do ano passado, o presidente Luiz In\u00e1cio Lula da Silva sancionou a Lei 14.994\/24 e ampliou a pena para quem comete o crime. A puni\u00e7\u00e3o, que variava entre 12 a 30 anos de pris\u00e3o, passou para m\u00ednimo de 20 e m\u00e1ximo de 40 anos.<\/p>\n\n\n\n<p>De acordo com n\u00fameros do Sistema Nacional de Informa\u00e7\u00f5es de Seguran\u00e7a P\u00fablica (Sinesp), o Brasil registra cerca de 1 mil assassinatos de mulheres por ano. O banco de dados \u00e9 mantido pelo Minist\u00e9rio da Justi\u00e7a e Seguran\u00e7a P\u00fablica (MJSP), a partir de informa\u00e7\u00f5es enviadas pelos estados \u00e0 pasta. At\u00e9 outubro de 2024, foram registrados no pa\u00eds 1.128 mortes por feminic\u00eddio no pa\u00eds.<\/p>\n\n\n\n<p>No Judici\u00e1rio, tamb\u00e9m foi registrado um volume alarmante de processos envolvendo feminic\u00eddios. No ano passado, o Conselho Nacional de Justi\u00e7a (CNJ) registrou 8,3 mil processos sobre o assassinato de mulheres. Em 2023, existiam 7,4 mil processos.<\/p>\n\n\n\n<p>As movimenta\u00e7\u00f5es processuais relacionadas a medidas protetivas previstas na Lei Maria da Penha tamb\u00e9m foram alvo de an\u00e1lise pelo CNJ. Houve 827,9 mil procedimentos desse tipo em 2024.<\/p>\n\n\n\n<p>De acordo com o CNJ, surgiram no Judici\u00e1rio brasileiro, no mesmo per\u00edodo, 959,2 mil novos casos de viol\u00eancia dom\u00e9stica. O n\u00famero \u00e9 equivalente a 2,6 novas a\u00e7\u00f5es di\u00e1rias.<\/p>\n\n\n\n<p>Para ampliar o monitoramento da atua\u00e7\u00e3o do Judici\u00e1rio no combate \u00e0 viol\u00eancia contra a mulher, o Conselho vai lan\u00e7ar nesta ter\u00e7a-feira (11) um novo painel eletr\u00f4nico sobre os processos envolvendo viol\u00eancia dom\u00e9stica.<\/p>\n\n\n\n<p>Com a nova plataforma ser\u00e1 poss\u00edvel verificar a atua\u00e7\u00e3o individual das varas especializadas em viol\u00eancia dom\u00e9stica e das unidades judici\u00e1rias com compet\u00eancia exclusiva para atuar nesse tipo de processo.<\/p>\n\n\n\n<p><a href=\"https:\/\/whatsapp.com\/channel\/0029VaAT7tDLI8Yfj5y9Z50Z\"><strong><mark style=\"background-color:rgba(0, 0, 0, 0)\" class=\"has-inline-color has-vivid-red-color\">Siga nosso canal no WhatsApp e veja mais not\u00edcias<\/mark><\/strong><\/a><\/p>\n\n\n\n<figure class=\"wp-block-image aligncenter size-full is-resized\"><a href=\"https:\/\/i0.wp.com\/blogdoeloiltoncajuhy.com.br\/site\/wp-content\/uploads\/2025\/03\/Femincidio-Violencia-contra-a-mulher-Foto-Rovena-Rosa-Agencia-Brasil.jpeg?ssl=1\"><img data-recalc-dims=\"1\" decoding=\"async\" width=\"754\" height=\"503\" src=\"https:\/\/i0.wp.com\/blogdoeloiltoncajuhy.com.br\/site\/wp-content\/uploads\/2025\/03\/Femincidio-Violencia-contra-a-mulher-Foto-Rovena-Rosa-Agencia-Brasil.jpeg?resize=754%2C503&#038;ssl=1\" alt=\"\" class=\"wp-image-86351\" style=\"width:652px;height:auto\" srcset=\"https:\/\/i0.wp.com\/blogdoeloiltoncajuhy.com.br\/site\/wp-content\/uploads\/2025\/03\/Femincidio-Violencia-contra-a-mulher-Foto-Rovena-Rosa-Agencia-Brasil.jpeg?w=754&amp;ssl=1 754w, https:\/\/i0.wp.com\/blogdoeloiltoncajuhy.com.br\/site\/wp-content\/uploads\/2025\/03\/Femincidio-Violencia-contra-a-mulher-Foto-Rovena-Rosa-Agencia-Brasil.jpeg?resize=300%2C200&amp;ssl=1 300w\" sizes=\"(max-width: 754px) 100vw, 754px\" \/><\/a><figcaption class=\"wp-element-caption\"><sub>S\u00e3o Paulo (SP), 08\/03\/2025 &#8211; Ato unificado pelo Dia Internacional de Luta da Mulher &#8211; Foto: Rovena Rosa\/Ag\u00eancia Brasil<\/sub><\/figcaption><\/figure>\n\n\n\n<h4 class=\"wp-block-heading\"><strong><mark style=\"background-color:rgba(0, 0, 0, 0)\" class=\"has-inline-color has-black-color\">Dia da Mulher<\/mark><\/strong><\/h4>\n\n\n\n<p>No \u00faltimo s\u00e1bado (08), Dia Internacional da Mulher, diversos atos pelo pa\u00eds pediram o reconhecimento do direito das mulheres. Entre as pautas reivindicadas, o combate efetivo ao feminic\u00eddio.<\/p>\n\n\n\n<h4 class=\"wp-block-heading\"><strong><mark style=\"background-color:rgba(0, 0, 0, 0)\" class=\"has-inline-color has-black-color\">Feminic\u00eddio zero<\/mark><\/strong><\/h4>\n\n\n\n<p>Na semana passada, durante o Carnaval, o Minist\u00e9rio das Mulheres lan\u00e7ou a campanha Feminic\u00eddio Zero na Sapuca\u00ed. A campanha contou tamb\u00e9m com o apoio dos minist\u00e9rios da Igualdade Racial e da Sa\u00fade.<\/p>\n\n\n\n<p>Feminic\u00eddio Zero \u00e9 uma mobiliza\u00e7\u00e3o nacional permanente do Minist\u00e9rio das Mulheres, que conta com diferentes frentes de atua\u00e7\u00e3o com comunica\u00e7\u00e3o ampla e popular, implementa\u00e7\u00e3o de pol\u00edticas p\u00fablicas e engajamento de influenciadores.<\/p>\n\n\n\n<h4 class=\"wp-block-heading\"><strong><mark style=\"background-color:rgba(0, 0, 0, 0)\" class=\"has-inline-color has-black-color\">Pequim+30<\/mark><\/strong><\/h4>\n\n\n\n<p>A Organiza\u00e7\u00e3o das Na\u00e7\u00f5es Unidas Mulheres (ONU Mulheres) publicou um relat\u00f3rio que relata retrocessos nos direitos das mulheres. O documento mostra o balan\u00e7o da jornada de 159 dos 189 pa\u00edses signat\u00e1rios da Declara\u00e7\u00e3o e Plataforma de A\u00e7\u00e3o de Pequim. As a\u00e7\u00f5es dos pa\u00edses membros da ONU ser\u00e3o analisada em Nova York, nos pr\u00f3ximos dias, em uma sess\u00e3o especial da organiza\u00e7\u00e3o, que contar\u00e1 com a participa\u00e7\u00e3o do Brasil.<\/p>\n","protected":false},"excerpt":{"rendered":"<p>Brasil registra cerca de mil assassinatos de mulheres por ano Ag\u00eancia Brasil A Lei do Feminic\u00eddio completou dez anos de vig\u00eancia neste domingo (09). Sancionada em 2015 pela ent\u00e3o presidente Dilma Rousseff, a norma inseriu no C\u00f3digo Penal o crime de homic\u00eddio contra mulheres no contexto de viol\u00eancia dom\u00e9stica e de discrimina\u00e7\u00e3o. Em outubro do [&hellip;]<\/p>\n","protected":false},"author":2,"featured_media":86350,"comment_status":"open","ping_status":"open","sticky":false,"template":"","format":"standard","meta":{"_acf_changed":false,"_monsterinsights_skip_tracking":false,"_monsterinsights_sitenote_active":false,"_monsterinsights_sitenote_note":"","_monsterinsights_sitenote_category":0,"_jetpack_memberships_contains_paid_content":false,"footnotes":"","jetpack_publicize_message":"","jetpack_publicize_feature_enabled":true,"jetpack_social_post_already_shared":true,"jetpack_social_options":{"image_generator_settings":{"template":"highway","default_image_id":0,"font":"","enabled":false},"version":2}},"categories":[5],"tags":[],"class_list":["post-86349","post","type-post","status-publish","format-standard","has-post-thumbnail","hentry","category-cotidiano"],"acf":[],"jetpack_publicize_connections":[],"jetpack_featured_media_url":"https:\/\/i0.wp.com\/blogdoeloiltoncajuhy.com.br\/site\/wp-content\/uploads\/2025\/03\/Femincidio-Violencia-contra-a-mulher-Foto-Tania-Rego-Agencia-Brasil.jpeg?fit=740%2C443&ssl=1","jetpack_sharing_enabled":true,"publishpress_future_workflow_manual_trigger":{"enabledWorkflows":[]},"_links":{"self":[{"href":"https:\/\/blogdoeloiltoncajuhy.com.br\/site\/wp-json\/wp\/v2\/posts\/86349","targetHints":{"allow":["GET"]}}],"collection":[{"href":"https:\/\/blogdoeloiltoncajuhy.com.br\/site\/wp-json\/wp\/v2\/posts"}],"about":[{"href":"https:\/\/blogdoeloiltoncajuhy.com.br\/site\/wp-json\/wp\/v2\/types\/post"}],"author":[{"embeddable":true,"href":"https:\/\/blogdoeloiltoncajuhy.com.br\/site\/wp-json\/wp\/v2\/users\/2"}],"replies":[{"embeddable":true,"href":"https:\/\/blogdoeloiltoncajuhy.com.br\/site\/wp-json\/wp\/v2\/comments?post=86349"}],"version-history":[{"count":1,"href":"https:\/\/blogdoeloiltoncajuhy.com.br\/site\/wp-json\/wp\/v2\/posts\/86349\/revisions"}],"predecessor-version":[{"id":86352,"href":"https:\/\/blogdoeloiltoncajuhy.com.br\/site\/wp-json\/wp\/v2\/posts\/86349\/revisions\/86352"}],"wp:featuredmedia":[{"embeddable":true,"href":"https:\/\/blogdoeloiltoncajuhy.com.br\/site\/wp-json\/wp\/v2\/media\/86350"}],"wp:attachment":[{"href":"https:\/\/blogdoeloiltoncajuhy.com.br\/site\/wp-json\/wp\/v2\/media?parent=86349"}],"wp:term":[{"taxonomy":"category","embeddable":true,"href":"https:\/\/blogdoeloiltoncajuhy.com.br\/site\/wp-json\/wp\/v2\/categories?post=86349"},{"taxonomy":"post_tag","embeddable":true,"href":"https:\/\/blogdoeloiltoncajuhy.com.br\/site\/wp-json\/wp\/v2\/tags?post=86349"}],"curies":[{"name":"wp","href":"https:\/\/api.w.org\/{rel}","templated":true}]}}