{"id":86346,"date":"2025-03-10T15:05:08","date_gmt":"2025-03-10T18:05:08","guid":{"rendered":"https:\/\/blogdoeloiltoncajuhy.com.br\/site\/?p=86346"},"modified":"2025-03-10T15:05:10","modified_gmt":"2025-03-10T18:05:10","slug":"bonfim-municipios-se-unem-para-fortalecer-o-combate-as-arboviroses","status":"publish","type":"post","link":"https:\/\/blogdoeloiltoncajuhy.com.br\/site\/bonfim-municipios-se-unem-para-fortalecer-o-combate-as-arboviroses\/","title":{"rendered":"Bonfim: Munic\u00edpios se unem para fortalecer o combate \u00e0s arboviroses"},"content":{"rendered":"\n<p><strong>Por Blog do Eloilton Cajuhy \u2013 BEC<\/strong><\/p>\n\n\n\n<figure class=\"wp-block-image aligncenter size-full\"><a href=\"https:\/\/i0.wp.com\/blogdoeloiltoncajuhy.com.br\/site\/wp-content\/uploads\/2025\/03\/Image-IA-2025-03-10.jpeg?ssl=1\"><img data-recalc-dims=\"1\" fetchpriority=\"high\" decoding=\"async\" width=\"760\" height=\"434\" src=\"https:\/\/i0.wp.com\/blogdoeloiltoncajuhy.com.br\/site\/wp-content\/uploads\/2025\/03\/Image-IA-2025-03-10.jpeg?resize=760%2C434&#038;ssl=1\" alt=\"\" class=\"wp-image-86347\" srcset=\"https:\/\/i0.wp.com\/blogdoeloiltoncajuhy.com.br\/site\/wp-content\/uploads\/2025\/03\/Image-IA-2025-03-10.jpeg?w=760&amp;ssl=1 760w, https:\/\/i0.wp.com\/blogdoeloiltoncajuhy.com.br\/site\/wp-content\/uploads\/2025\/03\/Image-IA-2025-03-10.jpeg?resize=300%2C171&amp;ssl=1 300w\" sizes=\"(max-width: 760px) 100vw, 760px\" \/><\/a><figcaption class=\"wp-element-caption\"><sub>Bonfim: Munic\u00edpios se unem para fortalecer o combate \u00e0s arboviroses &#8211; Imagem: IA<\/sub><\/figcaption><\/figure>\n\n\n\n<p>No pr\u00f3ximo dia 21 de mar\u00e7o de 2025, a cidade receber\u00e1 um importante encontro estrat\u00e9gico para discutir e fortalecer o papel dos Agentes de Combate \u00e0s Endemias (ACE) no enfrentamento das arboviroses. O evento ocorrer\u00e1 na C\u00e2mara Municipal de Vereadores, das 08h \u00e0s 12h, reunindo gestores municipais, secret\u00e1rios de sa\u00fade e profissionais da vigil\u00e2ncia epidemiol\u00f3gica.<\/p>\n\n\n\n<p>Com o tema <em>&#8220;Construindo o Futuro da Sa\u00fade Municipal Juntos&#8221;<\/em>, a iniciativa busca promover um di\u00e1logo entre autoridades e especialistas da \u00e1rea para debater estrat\u00e9gias que visam melhorar a atua\u00e7\u00e3o dos ACE no combate a doen\u00e7as como dengue, chikungunya e zika v\u00edrus. A proposta \u00e9 discutir desafios, compartilhar experi\u00eancias exitosas e buscar solu\u00e7\u00f5es inovadoras para o fortalecimento da sa\u00fade p\u00fablica.<\/p>\n\n\n\n<p>O evento contar\u00e1 com a participa\u00e7\u00e3o de diretores da Vigil\u00e2ncia Epidemiol\u00f3gica, coordenadores de departamentos de endemias e zoonoses, epidemiologistas e outros profissionais da \u00e1rea de vigil\u00e2ncia em sa\u00fade. Supervisores e coordenadores de equipes de ACE tamb\u00e9m estar\u00e3o presentes para contribuir com suas experi\u00eancias e desafios enfrentados no cotidiano do trabalho em campo.<\/p>\n\n\n\n<p><a href=\"https:\/\/whatsapp.com\/channel\/0029VaAT7tDLI8Yfj5y9Z50Z\"><strong><mark style=\"background-color:rgba(0, 0, 0, 0)\" class=\"has-inline-color has-vivid-red-color\">Siga nosso canal no WhatsApp e veja mais not\u00edcias<\/mark><\/strong><\/a><\/p>\n\n\n\n<p>Diante do crescente n\u00famero de casos de arboviroses no Brasil, o papel dos ACE se torna ainda mais essencial na identifica\u00e7\u00e3o de focos do Aedes aegypti e na implementa\u00e7\u00e3o de a\u00e7\u00f5es preventivas junto \u00e0 popula\u00e7\u00e3o. O encontro visa alinhar esfor\u00e7os entre diferentes esferas da gest\u00e3o p\u00fablica para ampliar a efic\u00e1cia das pol\u00edticas de combate a essas doen\u00e7as.<\/p>\n\n\n\n<p>A iniciativa refor\u00e7a o compromisso dos munic\u00edpios com a sa\u00fade p\u00fablica e destaca a import\u00e2ncia da coopera\u00e7\u00e3o entre os profissionais da \u00e1rea para garantir um atendimento mais eficiente e preventivo \u00e0 popula\u00e7\u00e3o. A participa\u00e7\u00e3o de gestores e t\u00e9cnicos nesse evento \u00e9 fundamental para a constru\u00e7\u00e3o de estrat\u00e9gias integradas e para o aprimoramento das a\u00e7\u00f5es de vigil\u00e2ncia epidemiol\u00f3gica.<\/p>\n\n\n\n<p>O referido encontro \u00e9 promovido pelo Cons\u00f3rcio de Desenvolvimento Sustent\u00e1vel do Piemonte Norte do Itapicuru (CDS).<\/p>\n","protected":false},"excerpt":{"rendered":"<p>Por Blog do Eloilton Cajuhy \u2013 BEC No pr\u00f3ximo dia 21 de mar\u00e7o de 2025, a cidade receber\u00e1 um importante encontro estrat\u00e9gico para discutir e fortalecer o papel dos Agentes de Combate \u00e0s Endemias (ACE) no enfrentamento das arboviroses. O evento ocorrer\u00e1 na C\u00e2mara Municipal de Vereadores, das 08h \u00e0s 12h, reunindo gestores municipais, secret\u00e1rios [&hellip;]<\/p>\n","protected":false},"author":2,"featured_media":86347,"comment_status":"open","ping_status":"open","sticky":false,"template":"","format":"standard","meta":{"_acf_changed":false,"_monsterinsights_skip_tracking":false,"_monsterinsights_sitenote_active":false,"_monsterinsights_sitenote_note":"","_monsterinsights_sitenote_category":0,"_jetpack_memberships_contains_paid_content":false,"footnotes":"","jetpack_publicize_message":"","jetpack_publicize_feature_enabled":true,"jetpack_social_post_already_shared":true,"jetpack_social_options":{"image_generator_settings":{"template":"highway","default_image_id":0,"font":"","enabled":false},"version":2}},"categories":[4],"tags":[],"class_list":["post-86346","post","type-post","status-publish","format-standard","has-post-thumbnail","hentry","category-local"],"acf":[],"jetpack_publicize_connections":[],"jetpack_featured_media_url":"https:\/\/i0.wp.com\/blogdoeloiltoncajuhy.com.br\/site\/wp-content\/uploads\/2025\/03\/Image-IA-2025-03-10.jpeg?fit=760%2C434&ssl=1","jetpack_sharing_enabled":true,"publishpress_future_workflow_manual_trigger":{"enabledWorkflows":[]},"_links":{"self":[{"href":"https:\/\/blogdoeloiltoncajuhy.com.br\/site\/wp-json\/wp\/v2\/posts\/86346","targetHints":{"allow":["GET"]}}],"collection":[{"href":"https:\/\/blogdoeloiltoncajuhy.com.br\/site\/wp-json\/wp\/v2\/posts"}],"about":[{"href":"https:\/\/blogdoeloiltoncajuhy.com.br\/site\/wp-json\/wp\/v2\/types\/post"}],"author":[{"embeddable":true,"href":"https:\/\/blogdoeloiltoncajuhy.com.br\/site\/wp-json\/wp\/v2\/users\/2"}],"replies":[{"embeddable":true,"href":"https:\/\/blogdoeloiltoncajuhy.com.br\/site\/wp-json\/wp\/v2\/comments?post=86346"}],"version-history":[{"count":1,"href":"https:\/\/blogdoeloiltoncajuhy.com.br\/site\/wp-json\/wp\/v2\/posts\/86346\/revisions"}],"predecessor-version":[{"id":86348,"href":"https:\/\/blogdoeloiltoncajuhy.com.br\/site\/wp-json\/wp\/v2\/posts\/86346\/revisions\/86348"}],"wp:featuredmedia":[{"embeddable":true,"href":"https:\/\/blogdoeloiltoncajuhy.com.br\/site\/wp-json\/wp\/v2\/media\/86347"}],"wp:attachment":[{"href":"https:\/\/blogdoeloiltoncajuhy.com.br\/site\/wp-json\/wp\/v2\/media?parent=86346"}],"wp:term":[{"taxonomy":"category","embeddable":true,"href":"https:\/\/blogdoeloiltoncajuhy.com.br\/site\/wp-json\/wp\/v2\/categories?post=86346"},{"taxonomy":"post_tag","embeddable":true,"href":"https:\/\/blogdoeloiltoncajuhy.com.br\/site\/wp-json\/wp\/v2\/tags?post=86346"}],"curies":[{"name":"wp","href":"https:\/\/api.w.org\/{rel}","templated":true}]}}