{"id":86342,"date":"2025-03-10T14:16:44","date_gmt":"2025-03-10T17:16:44","guid":{"rendered":"https:\/\/blogdoeloiltoncajuhy.com.br\/site\/?p=86342"},"modified":"2025-03-10T14:16:47","modified_gmt":"2025-03-10T17:16:47","slug":"audio-de-diretor-vazado-associacao-comercial-de-bonfim-divulga-nota-de-repudio","status":"publish","type":"post","link":"https:\/\/blogdoeloiltoncajuhy.com.br\/site\/audio-de-diretor-vazado-associacao-comercial-de-bonfim-divulga-nota-de-repudio\/","title":{"rendered":"\u00c1udio de diretor vazado: Associa\u00e7\u00e3o Comercial de Bonfim divulga Nota de Rep\u00fadio"},"content":{"rendered":"\n<p class=\"has-medium-font-size\"><strong>Entidade diz que vai adotar medidas de acordo com seu estatuto<\/strong><\/p>\n\n\n\n<p><strong>Por Blog do Eloilton Cajuhy &#8211; BEC<\/strong><\/p>\n\n\n\n<figure class=\"wp-block-image aligncenter size-full is-resized\"><a href=\"https:\/\/i0.wp.com\/blogdoeloiltoncajuhy.com.br\/site\/wp-content\/uploads\/2025\/03\/ACIASB_100325.png\"><img data-recalc-dims=\"1\" fetchpriority=\"high\" decoding=\"async\" width=\"759\" height=\"487\" src=\"https:\/\/i0.wp.com\/blogdoeloiltoncajuhy.com.br\/site\/wp-content\/uploads\/2025\/03\/ACIASB_100325.png?resize=759%2C487\" alt=\"\" class=\"wp-image-86344\" style=\"width:644px;height:auto\" srcset=\"https:\/\/i0.wp.com\/blogdoeloiltoncajuhy.com.br\/site\/wp-content\/uploads\/2025\/03\/ACIASB_100325.png?w=759&amp;ssl=1 759w, https:\/\/i0.wp.com\/blogdoeloiltoncajuhy.com.br\/site\/wp-content\/uploads\/2025\/03\/ACIASB_100325.png?resize=300%2C192&amp;ssl=1 300w\" sizes=\"(max-width: 759px) 100vw, 759px\" \/><\/a><figcaption class=\"wp-element-caption\"><sub>Foto: Bonfim Digital<\/sub><\/figcaption><\/figure>\n\n\n\n<p>A Associa\u00e7\u00e3o Comercial, Industrial e Agr\u00edcola de Senhor do Bonfim (Aciasb) divulgou uma <mark style=\"background-color:rgba(0, 0, 0, 0)\" class=\"has-inline-color has-black-color\">nota <\/mark>nesta segunda-feira (10) para repudiar declara\u00e7\u00f5es de um diretor da entidade, reveladas atrav\u00e9s de um \u00e1udio vazado e amplamente divulgado nas redes sociais e em programas de r\u00e1dio na semana passada.<\/p>\n\n\n\n<p>Ao expressar seu rep\u00fadio ao caso, a entidade afirma na nota que as declara\u00e7\u00f5es do diretor Augusto Almeida &#8220;n\u00e3o refletem o trabalho \u00e1rduo e dedicado que a diretoria da Aciasb tem realizado nos \u00faltimos dois anos e t\u00e3o pouco na hist\u00f3ria desta casa em prol do com\u00e9rcio e do desenvolvimento do munic\u00edpio&#8221;.<\/p>\n\n\n\n<p>Diz ainda que &#8220;Senhor do Bonfim \u00e9 a nossa cidade, \u00e9 o lar de muitos dos diretores da Aciasb. \u00c9 por essa cidade que lutamos e nos entregamos diariamente. Nosso compromisso \u00e9 com o bem-estar da comunidade em crescimento sustent\u00e1vel do nosso com\u00e9rcio local&#8221;.<\/p>\n\n\n\n<p><a href=\"https:\/\/whatsapp.com\/channel\/0029VaAT7tDLI8Yfj5y9Z50Z\"><strong><mark style=\"background-color:rgba(0, 0, 0, 0)\" class=\"has-inline-color has-vivid-red-color\">Siga nosso canal no WhatsApp e veja mais not\u00edcias<\/mark><\/strong><\/a><\/p>\n\n\n\n<p><\/p>\n\n\n\n<p>Nos \u00e1udios, Augusto Almeida afirma que o Ceasa &#8211; anunciado recentemente pela diretoria da entidade atrav\u00e9s de parceria com o Governo do Estado e deputado Bob\u00f4 &#8211; n\u00e3o vem pra Bonfim. Disse ainda que estaria com tudo planejado para fazer um v\u00eddeo e publicar nas redes sociais, &#8220;esculhambando o deputado Bob\u00f4 o Governador Jer\u00f4nimo Rodrigues&#8221;. Em outro trecho, Augusto afirma: &#8220;n\u00e3o sou daqui mesmo, qualquer coisa, volto pra Recife&#8221;.<\/p>\n\n\n\n<p>No final da nota, a Aciasb afirma que tomar\u00e1 as medidas cab\u00edveis de acordo com o estatuto da entidade.<\/p>\n\n\n\n<h5 class=\"wp-block-heading\"><strong><mark style=\"background-color:rgba(0, 0, 0, 0)\" class=\"has-inline-color has-black-color\">Confira abaixo a \u00edntegra da Nota de Rep\u00fadio da Aciasb:<\/mark><\/strong><\/h5>\n\n\n\n<div data-wp-interactive=\"core\/file\" class=\"wp-block-file aligncenter\"><object data-wp-bind--hidden=\"!state.hasPdfPreview\" hidden class=\"wp-block-file__embed\" data=\"https:\/\/blogdoeloiltoncajuhy.com.br\/site\/wp-content\/uploads\/2025\/03\/Nota-de-Repudio-Audio-do-Diretor-da-ACIASB.pdf\" type=\"application\/pdf\" style=\"width:100%;height:600px\" aria-label=\"Incorporado de Nota de Rep\u00fadio \u00c1udio do Diretor da ACIASB.\"><\/object><a id=\"wp-block-file--media-48c11f82-3455-432e-9a71-a194841561e8\" href=\"https:\/\/blogdoeloiltoncajuhy.com.br\/site\/wp-content\/uploads\/2025\/03\/Nota-de-Repudio-Audio-do-Diretor-da-ACIASB.pdf\">Nota de Rep\u00fadio \u00c1udio do Diretor da ACIASB<\/a><a href=\"https:\/\/blogdoeloiltoncajuhy.com.br\/site\/wp-content\/uploads\/2025\/03\/Nota-de-Repudio-Audio-do-Diretor-da-ACIASB.pdf\" class=\"wp-block-file__button wp-element-button\" download aria-describedby=\"wp-block-file--media-48c11f82-3455-432e-9a71-a194841561e8\">Baixar<\/a><\/div>\n\n\n\n<p><\/p>\n\n\n\n<p>Augusto Almeida, que nos \u00e1udios ainda fez refer\u00eancias \u00e0 articula\u00e7\u00f5es da administra\u00e7\u00e3o municipal, ocupa o cargo de Superintendente de Gest\u00e3o e Planejamento, mas at\u00e9 o momento a prefeitura de Senhor do Bonfim n\u00e3o se pronunciou sobre as declara\u00e7\u00f5es dele.<\/p>\n","protected":false},"excerpt":{"rendered":"<p>Entidade diz que vai adotar medidas de acordo com seu estatuto Por Blog do Eloilton Cajuhy &#8211; BEC A Associa\u00e7\u00e3o Comercial, Industrial e Agr\u00edcola de Senhor do Bonfim (Aciasb) divulgou uma nota nesta segunda-feira (10) para repudiar declara\u00e7\u00f5es de um diretor da entidade, reveladas atrav\u00e9s de um \u00e1udio vazado e amplamente divulgado nas redes sociais [&hellip;]<\/p>\n","protected":false},"author":2,"featured_media":86344,"comment_status":"open","ping_status":"open","sticky":false,"template":"","format":"standard","meta":{"_acf_changed":false,"_monsterinsights_skip_tracking":false,"_monsterinsights_sitenote_active":false,"_monsterinsights_sitenote_note":"","_monsterinsights_sitenote_category":0,"_jetpack_memberships_contains_paid_content":false,"footnotes":"","jetpack_publicize_message":"","jetpack_publicize_feature_enabled":true,"jetpack_social_post_already_shared":true,"jetpack_social_options":{"image_generator_settings":{"template":"highway","default_image_id":0,"font":"","enabled":false},"version":2}},"categories":[4],"tags":[],"class_list":["post-86342","post","type-post","status-publish","format-standard","has-post-thumbnail","hentry","category-local"],"acf":[],"jetpack_publicize_connections":[],"jetpack_featured_media_url":"https:\/\/i0.wp.com\/blogdoeloiltoncajuhy.com.br\/site\/wp-content\/uploads\/2025\/03\/ACIASB_100325.png?fit=759%2C487&ssl=1","jetpack_sharing_enabled":true,"publishpress_future_workflow_manual_trigger":{"enabledWorkflows":[]},"_links":{"self":[{"href":"https:\/\/blogdoeloiltoncajuhy.com.br\/site\/wp-json\/wp\/v2\/posts\/86342","targetHints":{"allow":["GET"]}}],"collection":[{"href":"https:\/\/blogdoeloiltoncajuhy.com.br\/site\/wp-json\/wp\/v2\/posts"}],"about":[{"href":"https:\/\/blogdoeloiltoncajuhy.com.br\/site\/wp-json\/wp\/v2\/types\/post"}],"author":[{"embeddable":true,"href":"https:\/\/blogdoeloiltoncajuhy.com.br\/site\/wp-json\/wp\/v2\/users\/2"}],"replies":[{"embeddable":true,"href":"https:\/\/blogdoeloiltoncajuhy.com.br\/site\/wp-json\/wp\/v2\/comments?post=86342"}],"version-history":[{"count":1,"href":"https:\/\/blogdoeloiltoncajuhy.com.br\/site\/wp-json\/wp\/v2\/posts\/86342\/revisions"}],"predecessor-version":[{"id":86345,"href":"https:\/\/blogdoeloiltoncajuhy.com.br\/site\/wp-json\/wp\/v2\/posts\/86342\/revisions\/86345"}],"wp:featuredmedia":[{"embeddable":true,"href":"https:\/\/blogdoeloiltoncajuhy.com.br\/site\/wp-json\/wp\/v2\/media\/86344"}],"wp:attachment":[{"href":"https:\/\/blogdoeloiltoncajuhy.com.br\/site\/wp-json\/wp\/v2\/media?parent=86342"}],"wp:term":[{"taxonomy":"category","embeddable":true,"href":"https:\/\/blogdoeloiltoncajuhy.com.br\/site\/wp-json\/wp\/v2\/categories?post=86342"},{"taxonomy":"post_tag","embeddable":true,"href":"https:\/\/blogdoeloiltoncajuhy.com.br\/site\/wp-json\/wp\/v2\/tags?post=86342"}],"curies":[{"name":"wp","href":"https:\/\/api.w.org\/{rel}","templated":true}]}}