{"id":86333,"date":"2025-03-10T08:18:08","date_gmt":"2025-03-10T11:18:08","guid":{"rendered":"https:\/\/blogdoeloiltoncajuhy.com.br\/site\/?p=86333"},"modified":"2025-03-10T08:18:09","modified_gmt":"2025-03-10T11:18:09","slug":"crise-de-saude-mental-brasil-tem-maior-numero-de-afastamentos-por-ansiedade-e-depressao-em-10-anos","status":"publish","type":"post","link":"https:\/\/blogdoeloiltoncajuhy.com.br\/site\/crise-de-saude-mental-brasil-tem-maior-numero-de-afastamentos-por-ansiedade-e-depressao-em-10-anos\/","title":{"rendered":"Crise de sa\u00fade mental: Brasil tem maior n\u00famero de afastamentos por ansiedade e depress\u00e3o em 10 anos"},"content":{"rendered":"\n<p class=\"has-medium-font-size\"><strong>Dados de 2024 mostram que o pa\u00eds registrou mais de 470 mil afastamentos do trabalho por transtornos mentais. Trata-se do maior n\u00famero desde 2014<\/strong><\/p>\n\n\n\n<p><strong>Blog do Eloilton Cajuhy &#8211; BEC<\/strong><\/p>\n\n\n\n<figure class=\"wp-block-image aligncenter size-large\"><a href=\"https:\/\/i0.wp.com\/blogdoeloiltoncajuhy.com.br\/site\/wp-content\/uploads\/2025\/03\/Saude-Mental_Foto_Otavio-Camargo-Arte-g1.jpeg?ssl=1\"><img data-recalc-dims=\"1\" fetchpriority=\"high\" decoding=\"async\" width=\"800\" height=\"450\" src=\"https:\/\/i0.wp.com\/blogdoeloiltoncajuhy.com.br\/site\/wp-content\/uploads\/2025\/03\/Saude-Mental_Foto_Otavio-Camargo-Arte-g1-1024x576.jpeg?resize=800%2C450&#038;ssl=1\" alt=\"\" class=\"wp-image-86334\" srcset=\"https:\/\/i0.wp.com\/blogdoeloiltoncajuhy.com.br\/site\/wp-content\/uploads\/2025\/03\/Saude-Mental_Foto_Otavio-Camargo-Arte-g1.jpeg?resize=1024%2C576&amp;ssl=1 1024w, https:\/\/i0.wp.com\/blogdoeloiltoncajuhy.com.br\/site\/wp-content\/uploads\/2025\/03\/Saude-Mental_Foto_Otavio-Camargo-Arte-g1.jpeg?resize=300%2C169&amp;ssl=1 300w, https:\/\/i0.wp.com\/blogdoeloiltoncajuhy.com.br\/site\/wp-content\/uploads\/2025\/03\/Saude-Mental_Foto_Otavio-Camargo-Arte-g1.jpeg?resize=768%2C432&amp;ssl=1 768w, https:\/\/i0.wp.com\/blogdoeloiltoncajuhy.com.br\/site\/wp-content\/uploads\/2025\/03\/Saude-Mental_Foto_Otavio-Camargo-Arte-g1.jpeg?resize=1536%2C864&amp;ssl=1 1536w, https:\/\/i0.wp.com\/blogdoeloiltoncajuhy.com.br\/site\/wp-content\/uploads\/2025\/03\/Saude-Mental_Foto_Otavio-Camargo-Arte-g1.jpeg?w=1600&amp;ssl=1 1600w\" sizes=\"(max-width: 800px) 100vw, 800px\" \/><\/a><figcaption class=\"wp-element-caption\"><sub>Foto: Ot\u00e1vio Camargo | Arte g1<\/sub><\/figcaption><\/figure>\n\n\n\n<p>O Brasil vive uma crise de sa\u00fade mental com impacto direto na vida de trabalhadores e de empresas. \u00c9 o que revelam dados exclusivos do Minist\u00e9rio da Previd\u00eancia Social sobre afastamentos do trabalho. Em 2024, foram quase meio milh\u00e3o de afastamentos, o maior n\u00famero em pelo menos dez anos.<\/p>\n\n\n\n<p>Os dados, obtidos com exclusividade pelo <strong>g1<\/strong>, mostram que, no \u00faltimo ano, os transtornos mentais chegaram a uma situa\u00e7\u00e3o incapacitante como nunca visto. Na compara\u00e7\u00e3o com o ano anterior, as 472.328 licen\u00e7as m\u00e9dicas concedidas representam um aumento de 68%.<\/p>\n\n\n\n<p><a href=\"https:\/\/whatsapp.com\/channel\/0029VaAT7tDLI8Yfj5y9Z50Z\"><strong><mark style=\"background-color:rgba(0, 0, 0, 0)\" class=\"has-inline-color has-vivid-red-color\">Siga nosso canal no WhatsApp e veja mais not\u00edcias<\/mark><\/strong><\/a><\/p>\n\n\n\n<p><strong><mark style=\"background-color:rgba(0, 0, 0, 0)\" class=\"has-inline-color has-black-color\">E o que explica o recorde de afastamentos em 2024?<\/mark><\/strong> De acordo com psiquiatras e psic\u00f3logos, \u00e9 reflexo da situa\u00e7\u00e3o do mercado de trabalho e das cicatrizes da pandemia, entre outros pontos.<\/p>\n\n\n\n<p>A crise fez com que o governo federal buscasse medidas mais duras. O Minist\u00e9rio do Trabalho anunciou a atualiza\u00e7\u00e3o da NR-1, que \u00e9 a norma com as diretrizes sobre sa\u00fade no ambiente do trabalho. Agora, o tema passa a ser fiscalizado nas empresas e pode, inclusive, render multa.<\/p>\n\n\n\n<p>Os dados solicitados pelo <strong>g1<\/strong> ao Minist\u00e9rio da Previd\u00eancia Social permitem tra\u00e7ar um raio-x da situa\u00e7\u00e3o, com a lista de doen\u00e7as que motivaram os benef\u00edcios por incapacidade tempor\u00e1ria (<strong><mark style=\"background-color:rgba(0, 0, 0, 0)\" class=\"has-inline-color has-black-color\">antigo aux\u00edlio-doen\u00e7a<\/mark><\/strong>).<\/p>\n\n\n\n<p>O benef\u00edcio \u00e9 concedido pelo Instituto Nacional do Seguro Social (INSS) quando o trabalhador precisa se afastar por mais de 15 dias. Para isso, \u00e9 preciso passar por uma per\u00edcia m\u00e9dica, na qual \u00e9 declarada qual doen\u00e7a justifica a licen\u00e7a.<\/p>\n\n\n\n<p>Em 2024, foram 3,5 milh\u00f5es pedidos de licen\u00e7a no INSS motivados por v\u00e1rias doen\u00e7as. Desse total, 472 mil solicita\u00e7\u00f5es foram atendidas por quest\u00f5es de sa\u00fade mental. No ano anterior, foram 283 mil benef\u00edcios concedidos por esse motivo. Ou seja, um aumento de 68% e um marco na s\u00e9rie hist\u00f3rica dos \u00faltimos 10 anos.<\/p>\n\n\n\n<p>Procurado pelo <strong>g1<\/strong>, o Instituto Nacional do Seguro Social (INSS) n\u00e3o informou quanto de sua verba foi revertida em assist\u00eancia \u00e0 sa\u00fade mental. Apesar disso, esclareceu que as pessoas passaram, em m\u00e9dia, tr\u00eas meses afastadas, recebendo cerca de R$ 1,9 mil por m\u00eas. Considerando esses valores, o impacto pode ter chegado a at\u00e9 quase R$ 3 bilh\u00f5es em 2024.<\/p>\n","protected":false},"excerpt":{"rendered":"<p>Dados de 2024 mostram que o pa\u00eds registrou mais de 470 mil afastamentos do trabalho por transtornos mentais. Trata-se do maior n\u00famero desde 2014 Blog do Eloilton Cajuhy &#8211; BEC O Brasil vive uma crise de sa\u00fade mental com impacto direto na vida de trabalhadores e de empresas. \u00c9 o que revelam dados exclusivos do [&hellip;]<\/p>\n","protected":false},"author":2,"featured_media":86334,"comment_status":"open","ping_status":"open","sticky":false,"template":"","format":"standard","meta":{"_acf_changed":false,"_monsterinsights_skip_tracking":false,"_monsterinsights_sitenote_active":false,"_monsterinsights_sitenote_note":"","_monsterinsights_sitenote_category":0,"_jetpack_memberships_contains_paid_content":false,"footnotes":"","jetpack_publicize_message":"","jetpack_publicize_feature_enabled":true,"jetpack_social_post_already_shared":false,"jetpack_social_options":{"image_generator_settings":{"template":"highway","enabled":false},"version":2}},"categories":[7],"tags":[],"class_list":["post-86333","post","type-post","status-publish","format-standard","has-post-thumbnail","hentry","category-saude"],"acf":[],"jetpack_publicize_connections":[],"jetpack_featured_media_url":"https:\/\/i0.wp.com\/blogdoeloiltoncajuhy.com.br\/site\/wp-content\/uploads\/2025\/03\/Saude-Mental_Foto_Otavio-Camargo-Arte-g1.jpeg?fit=1600%2C900&ssl=1","jetpack_sharing_enabled":true,"publishpress_future_workflow_manual_trigger":{"enabledWorkflows":[]},"_links":{"self":[{"href":"https:\/\/blogdoeloiltoncajuhy.com.br\/site\/wp-json\/wp\/v2\/posts\/86333","targetHints":{"allow":["GET"]}}],"collection":[{"href":"https:\/\/blogdoeloiltoncajuhy.com.br\/site\/wp-json\/wp\/v2\/posts"}],"about":[{"href":"https:\/\/blogdoeloiltoncajuhy.com.br\/site\/wp-json\/wp\/v2\/types\/post"}],"author":[{"embeddable":true,"href":"https:\/\/blogdoeloiltoncajuhy.com.br\/site\/wp-json\/wp\/v2\/users\/2"}],"replies":[{"embeddable":true,"href":"https:\/\/blogdoeloiltoncajuhy.com.br\/site\/wp-json\/wp\/v2\/comments?post=86333"}],"version-history":[{"count":1,"href":"https:\/\/blogdoeloiltoncajuhy.com.br\/site\/wp-json\/wp\/v2\/posts\/86333\/revisions"}],"predecessor-version":[{"id":86335,"href":"https:\/\/blogdoeloiltoncajuhy.com.br\/site\/wp-json\/wp\/v2\/posts\/86333\/revisions\/86335"}],"wp:featuredmedia":[{"embeddable":true,"href":"https:\/\/blogdoeloiltoncajuhy.com.br\/site\/wp-json\/wp\/v2\/media\/86334"}],"wp:attachment":[{"href":"https:\/\/blogdoeloiltoncajuhy.com.br\/site\/wp-json\/wp\/v2\/media?parent=86333"}],"wp:term":[{"taxonomy":"category","embeddable":true,"href":"https:\/\/blogdoeloiltoncajuhy.com.br\/site\/wp-json\/wp\/v2\/categories?post=86333"},{"taxonomy":"post_tag","embeddable":true,"href":"https:\/\/blogdoeloiltoncajuhy.com.br\/site\/wp-json\/wp\/v2\/tags?post=86333"}],"curies":[{"name":"wp","href":"https:\/\/api.w.org\/{rel}","templated":true}]}}