{"id":86321,"date":"2025-03-08T16:02:42","date_gmt":"2025-03-08T19:02:42","guid":{"rendered":"https:\/\/blogdoeloiltoncajuhy.com.br\/site\/?p=86321"},"modified":"2025-03-08T16:02:44","modified_gmt":"2025-03-08T19:02:44","slug":"primeira-turma-do-stf-forma-maioria-para-tornar-reus-deputados-do-pl-por-desvio-de-emendas","status":"publish","type":"post","link":"https:\/\/blogdoeloiltoncajuhy.com.br\/site\/primeira-turma-do-stf-forma-maioria-para-tornar-reus-deputados-do-pl-por-desvio-de-emendas\/","title":{"rendered":"Primeira Turma do STF forma maioria para tornar r\u00e9us deputados do PL por desvio de emendas"},"content":{"rendered":"\n<p class=\"has-medium-font-size\"><strong>Den\u00fancia aponta que grupo solicitou ao ent\u00e3o prefeito de S\u00e3o Jos\u00e9 de Ribamar (MA) o pagamento de propina de R$ 1,66 milh\u00e3o<\/strong><\/p>\n\n\n\n<p><strong>Por M\u00e1rcio Falc\u00e3o, TV Globo<\/strong> \u2014 Bras\u00edlia<\/p>\n\n\n\n<figure class=\"wp-block-image aligncenter size-full is-resized\"><a href=\"https:\/\/i0.wp.com\/blogdoeloiltoncajuhy.com.br\/site\/wp-content\/uploads\/2025\/03\/Deputados-Josimar-Maranhaozinho-MA-Pastor-Gil-MA-e-Bosco-Costa-SE-%E2%80%94-Foto_Cleia-Viana-e-Mario-Agra-Camara-dos-Deputados.jpeg?ssl=1\"><img data-recalc-dims=\"1\" fetchpriority=\"high\" decoding=\"async\" width=\"720\" height=\"402\" src=\"https:\/\/i0.wp.com\/blogdoeloiltoncajuhy.com.br\/site\/wp-content\/uploads\/2025\/03\/Deputados-Josimar-Maranhaozinho-MA-Pastor-Gil-MA-e-Bosco-Costa-SE-%E2%80%94-Foto_Cleia-Viana-e-Mario-Agra-Camara-dos-Deputados.jpeg?resize=720%2C402&#038;ssl=1\" alt=\"\" class=\"wp-image-86322\" style=\"width:840px;height:auto\" srcset=\"https:\/\/i0.wp.com\/blogdoeloiltoncajuhy.com.br\/site\/wp-content\/uploads\/2025\/03\/Deputados-Josimar-Maranhaozinho-MA-Pastor-Gil-MA-e-Bosco-Costa-SE-%E2%80%94-Foto_Cleia-Viana-e-Mario-Agra-Camara-dos-Deputados.jpeg?w=720&amp;ssl=1 720w, https:\/\/i0.wp.com\/blogdoeloiltoncajuhy.com.br\/site\/wp-content\/uploads\/2025\/03\/Deputados-Josimar-Maranhaozinho-MA-Pastor-Gil-MA-e-Bosco-Costa-SE-%E2%80%94-Foto_Cleia-Viana-e-Mario-Agra-Camara-dos-Deputados.jpeg?resize=300%2C168&amp;ssl=1 300w\" sizes=\"(max-width: 720px) 100vw, 720px\" \/><\/a><figcaption class=\"wp-element-caption\"><sub>Os deputados federais do PL Josimar Maranh\u00e3ozinho (MA), Pastor Gil (MA) e Bosco Costa (SE) denunciados pela PGR \u2014 Foto: Cleia Viana\/C\u00e2mara dos Deputados e M\u00e1rio Agra\/C\u00e2mara dos Deputados<\/sub><\/figcaption><\/figure>\n\n\n\n<p>A Primeira Turma do Supremo Tribunal Federal (STF) formou maioria de votos neste s\u00e1bado (8) para tornar r\u00e9us tr\u00eas deputados do PL denunciados por supostos desvios de dinheiro de emendas parlamentares.<\/p>\n\n\n\n<p>Os ministros julgam den\u00fancia oferecida pela Procuradoria-Geral da Rep\u00fablica (PGR) contra os deputados Josimar Maranh\u00e3ozinho (PL-MA), Pastor Gil (PL-MA) e Bosco Costa (PL-SE), que atualmente \u00e9 suplente de deputado.<\/p>\n\n\n\n<p>Votaram pelo recebimento da den\u00fancia o relator ministro Cristiano Zanin, ministro Alexandre de Moraes e ministra C\u00e1rmen L\u00facia. Os ministros Fl\u00e1vio Dino e Luiz Fux ainda precisam apresentar votos.<\/p>\n\n\n\n<p>O julgamento ocorre no plen\u00e1rio virtual e os votos podem ser apresentados at\u00e9 o dia 11 de mar\u00e7o.<\/p>\n\n\n\n<p>Com a den\u00fancia recebida, os deputados viram r\u00e9us e v\u00e3o responder pelos crimes de organiza\u00e7\u00e3o criminosa e corrup\u00e7\u00e3o passiva. Ent\u00e3o, ser\u00e1 aberta a\u00e7\u00e3o penal que ter\u00e1 instru\u00e7\u00e3o com depoimentos de testemunhas e interrogat\u00f3rios dos r\u00e9us, s\u00f3 depois ser\u00e3o julgados pela Primeira Turma do STF.<\/p>\n\n\n\n<h4 class=\"wp-block-heading\"><strong><mark style=\"background-color:rgba(0, 0, 0, 0)\" class=\"has-inline-color has-black-color\">Entenda o caso<\/mark><\/strong><\/h4>\n\n\n\n<p>A Procuradoria apontou que, em 2020, o grupo solicitou ao ent\u00e3o prefeito de S\u00e3o Jos\u00e9 de Ribamar (MA) o pagamento de propina de R$ 1,66 milh\u00e3o em contrapartida \u00e0 destina\u00e7\u00e3o de recursos p\u00fablicos federais de R$ 6,67 milh\u00f5es ao munic\u00edpio, por meio de emendas patrocinadas pelos parlamentares denunciados.<\/p>\n\n\n\n<p>Segundo a den\u00fancia, o deputado Josimar Maranh\u00e3ozinho liderava o suposto esquema e tinha inger\u00eancia sobre emendas dos colegas.<\/p>\n\n\n\n<ul class=\"wp-block-list\">\n<li><a href=\"https:\/\/whatsapp.com\/channel\/0029VaAT7tDLI8Yfj5y9Z50Z\"><strong><mark style=\"background-color:rgba(0, 0, 0, 0)\" class=\"has-inline-color has-vivid-red-color\">Siga nosso canal no WhatsApp e veja mais not\u00edcias<\/mark><\/strong><\/a><\/li>\n<\/ul>\n\n\n\n<p><\/p>\n\n\n\n<p>A PF apontou que Bosco Costa (PL-SE) utilizava a esposa e o filho na destina\u00e7\u00e3o de parte dos recursos indicados pela suposta organiza\u00e7\u00e3o criminosa, que contava com agiotas, blogueiros e empres\u00e1rios.<\/p>\n\n\n\n<p>De acordo com os investigadores, o grupo exigia, inclusive fazendo amea\u00e7as com armas, a devolu\u00e7\u00e3o de 25% dos valores de emendas que indicava para a sa\u00fade do munic\u00edpio de S\u00e3o Jos\u00e9 de Ribamar.<\/p>\n\n\n\n<h4 class=\"wp-block-heading\"><strong><mark style=\"background-color:rgba(0, 0, 0, 0)\" class=\"has-inline-color has-black-color\">O que dizem os ministros?<\/mark><\/strong><\/h4>\n\n\n\n<p>Relator do caso, Zanin afirmou que \u201ca tese acusat\u00f3ria de que os denunciados referidos neste t\u00f3pico se organizaram de forma arquitetada para o cometimento de delitos contra a Administra\u00e7\u00e3o P\u00fablica re\u00fane elementos suficientes que autorizam, neste particular, o recebimento da den\u00fancia&#8221;.<\/p>\n\n\n\n<p>No voto, o ministro afirmou que a investiga\u00e7\u00e3o reuniu \u201celementos consistentes\u201d em documentos, planilhas e depoimentos.<\/p>\n\n\n\n<p>\u201cContra os tr\u00eas parlamentares h\u00e1 evid\u00eancias produzidas ao longo da investiga\u00e7\u00e3o criminal indicando que teriam atuado em concerta\u00e7\u00e3o il\u00edcita para solicitar ao prefeito Jos\u00e9 Eudes Sampaio Nunes o pagamento de vantagem indevida, o que caracteriza, em tese, o delito de corrup\u00e7\u00e3o passiva\u201d.<\/p>\n\n\n\n<p>O ministro Alexandre de Moraes afirmou que a den\u00fancia possui os elementos que justificam a abertura de uma a\u00e7\u00e3o penal contra os deputados.<\/p>\n\n\n\n<p>&#8220;Por meio da Opera\u00e7\u00e3o \u00c1gio Final, foi poss\u00edvel indicar o efetivo desvio de disp\u00eandios financeiros, por meio da pr\u00e1tica de corrup\u00e7\u00e3o institucionalizada, entre os meses de janeiro e agosto de 2020, per\u00edodo em que os denunciados J0simar, Gildenemir [Pastor Gil)] e Jo\u00e3o Bosco encontravam-se no pleno exerc\u00edcio de seus mandatos parlamentares&#8221;.<\/p>\n\n\n\n<p>Para o ministro, a den\u00fancia mostra que os acusados &#8220;estariam unidos, com unidade de des\u00edgnios e prop\u00f3sitos, solicitando, para si ou para outrem, direta ou indiretamente, em raz\u00e3o de fun\u00e7\u00e3o p\u00fablica, vantagem indevida&#8221;.<\/p>\n\n\n\n<p>Moraes ressaltou ainda que &#8220;a criminalidade organizada \u00e9, hoje, um dos maiores problemas do mundo moderno. Apesar de n\u00e3o se tratar de fen\u00f4meno recente, o crescimento das organiza\u00e7\u00f5es criminosas representa uma grave amea\u00e7a \u00e0 sociedade, especialmente pelo grau de lesividade dos crimes por ela praticados e pela influ\u00eancia negativa que exercem dentro do pr\u00f3prio Estado&#8221;.<\/p>\n\n\n\n<p>A ministra C\u00e1rmen L\u00facia acompanhou o voto do relator, mas n\u00e3o divulgou a \u00edntegra do voto.<\/p>\n","protected":false},"excerpt":{"rendered":"<p>Den\u00fancia aponta que grupo solicitou ao ent\u00e3o prefeito de S\u00e3o Jos\u00e9 de Ribamar (MA) o pagamento de propina de R$ 1,66 milh\u00e3o Por M\u00e1rcio Falc\u00e3o, TV Globo \u2014 Bras\u00edlia A Primeira Turma do Supremo Tribunal Federal (STF) formou maioria de votos neste s\u00e1bado (8) para tornar r\u00e9us tr\u00eas deputados do PL denunciados por supostos desvios [&hellip;]<\/p>\n","protected":false},"author":2,"featured_media":86322,"comment_status":"open","ping_status":"open","sticky":false,"template":"","format":"standard","meta":{"_acf_changed":false,"_monsterinsights_skip_tracking":false,"_monsterinsights_sitenote_active":false,"_monsterinsights_sitenote_note":"","_monsterinsights_sitenote_category":0,"_jetpack_memberships_contains_paid_content":false,"footnotes":"","jetpack_publicize_message":"","jetpack_publicize_feature_enabled":true,"jetpack_social_post_already_shared":true,"jetpack_social_options":{"image_generator_settings":{"template":"highway","default_image_id":0,"font":"","enabled":false},"version":2}},"categories":[3],"tags":[],"class_list":["post-86321","post","type-post","status-publish","format-standard","has-post-thumbnail","hentry","category-politica"],"acf":[],"jetpack_publicize_connections":[],"jetpack_featured_media_url":"https:\/\/i0.wp.com\/blogdoeloiltoncajuhy.com.br\/site\/wp-content\/uploads\/2025\/03\/Deputados-Josimar-Maranhaozinho-MA-Pastor-Gil-MA-e-Bosco-Costa-SE-%E2%80%94-Foto_Cleia-Viana-e-Mario-Agra-Camara-dos-Deputados.jpeg?fit=720%2C402&ssl=1","jetpack_sharing_enabled":true,"publishpress_future_workflow_manual_trigger":{"enabledWorkflows":[]},"_links":{"self":[{"href":"https:\/\/blogdoeloiltoncajuhy.com.br\/site\/wp-json\/wp\/v2\/posts\/86321","targetHints":{"allow":["GET"]}}],"collection":[{"href":"https:\/\/blogdoeloiltoncajuhy.com.br\/site\/wp-json\/wp\/v2\/posts"}],"about":[{"href":"https:\/\/blogdoeloiltoncajuhy.com.br\/site\/wp-json\/wp\/v2\/types\/post"}],"author":[{"embeddable":true,"href":"https:\/\/blogdoeloiltoncajuhy.com.br\/site\/wp-json\/wp\/v2\/users\/2"}],"replies":[{"embeddable":true,"href":"https:\/\/blogdoeloiltoncajuhy.com.br\/site\/wp-json\/wp\/v2\/comments?post=86321"}],"version-history":[{"count":1,"href":"https:\/\/blogdoeloiltoncajuhy.com.br\/site\/wp-json\/wp\/v2\/posts\/86321\/revisions"}],"predecessor-version":[{"id":86323,"href":"https:\/\/blogdoeloiltoncajuhy.com.br\/site\/wp-json\/wp\/v2\/posts\/86321\/revisions\/86323"}],"wp:featuredmedia":[{"embeddable":true,"href":"https:\/\/blogdoeloiltoncajuhy.com.br\/site\/wp-json\/wp\/v2\/media\/86322"}],"wp:attachment":[{"href":"https:\/\/blogdoeloiltoncajuhy.com.br\/site\/wp-json\/wp\/v2\/media?parent=86321"}],"wp:term":[{"taxonomy":"category","embeddable":true,"href":"https:\/\/blogdoeloiltoncajuhy.com.br\/site\/wp-json\/wp\/v2\/categories?post=86321"},{"taxonomy":"post_tag","embeddable":true,"href":"https:\/\/blogdoeloiltoncajuhy.com.br\/site\/wp-json\/wp\/v2\/tags?post=86321"}],"curies":[{"name":"wp","href":"https:\/\/api.w.org\/{rel}","templated":true}]}}