{"id":86315,"date":"2025-03-08T14:40:54","date_gmt":"2025-03-08T17:40:54","guid":{"rendered":"https:\/\/blogdoeloiltoncajuhy.com.br\/site\/?p=86315"},"modified":"2025-03-08T14:40:56","modified_gmt":"2025-03-08T17:40:56","slug":"presidente-homenageia-luta-e-aponta-conquistas-das-mulheres-brasileiras","status":"publish","type":"post","link":"https:\/\/blogdoeloiltoncajuhy.com.br\/site\/presidente-homenageia-luta-e-aponta-conquistas-das-mulheres-brasileiras\/","title":{"rendered":"Presidente homenageia luta e aponta conquistas das mulheres brasileiras"},"content":{"rendered":"\n<p class=\"has-medium-font-size\"><strong>Em postagem nas redes sociais, Lula detalha medidas da atual gest\u00e3o e refor\u00e7a a prioridade em seguir trabalhando na garantia de direitos e representatividade para as mulheres<\/strong><\/p>\n\n\n\n<p><strong>Blog do Eloilton Cajuhy \u2013 BEC<\/strong><\/p>\n\n\n\n<figure class=\"wp-block-image aligncenter size-full\"><a href=\"https:\/\/i0.wp.com\/blogdoeloiltoncajuhy.com.br\/site\/wp-content\/uploads\/2025\/03\/Presidente-Lula_Redes-sociais.png?ssl=1\"><img data-recalc-dims=\"1\" fetchpriority=\"high\" decoding=\"async\" width=\"717\" height=\"478\" src=\"https:\/\/i0.wp.com\/blogdoeloiltoncajuhy.com.br\/site\/wp-content\/uploads\/2025\/03\/Presidente-Lula_Redes-sociais.png?resize=717%2C478&#038;ssl=1\" alt=\"\" class=\"wp-image-86316\" srcset=\"https:\/\/i0.wp.com\/blogdoeloiltoncajuhy.com.br\/site\/wp-content\/uploads\/2025\/03\/Presidente-Lula_Redes-sociais.png?w=717&amp;ssl=1 717w, https:\/\/i0.wp.com\/blogdoeloiltoncajuhy.com.br\/site\/wp-content\/uploads\/2025\/03\/Presidente-Lula_Redes-sociais.png?resize=300%2C200&amp;ssl=1 300w\" sizes=\"(max-width: 717px) 100vw, 717px\" \/><\/a><figcaption class=\"wp-element-caption\"><sub>Presidente Lula &#8211; Redes Sociais<\/sub><\/figcaption><\/figure>\n\n\n\n<p>O <strong><mark style=\"background-color:rgba(0, 0, 0, 0)\" class=\"has-inline-color has-black-color\">presidente Luiz In\u00e1cio Lula da Silva<\/mark><\/strong> homenageou a luta das mulheres brasileiras em uma postagem nas redes sociais neste s\u00e1bado, 8 de mar\u00e7o, <strong><mark style=\"background-color:rgba(0, 0, 0, 0)\" class=\"has-inline-color has-black-color\">Dia Internacional da Mulher<\/mark><\/strong>. No texto, Lula ressalta que uma de suas prioridades \u00e0 frente do pa\u00eds nos tr\u00eas mandatos que conquistou pelo voto popular \u00e9 garantir que toda mulher brasileira seja livre e viva plenamente seus direitos.<\/p>\n\n\n\n<blockquote class=\"wp-block-quote is-layout-flow wp-block-quote-is-layout-flow\">\n<p class=\"has-medium-font-size\"><strong><mark style=\"background-color:rgba(0, 0, 0, 0)\" class=\"has-inline-color has-black-color\">\u201cFoi por isso que criamos, pela primeira vez na hist\u00f3ria do Brasil, um Minist\u00e9rio das Mulheres\u201d, escreveu.<\/mark><\/strong><\/p>\n<\/blockquote>\n\n\n\n<p>Lula citou uma s\u00e9rie de pol\u00edticas e a\u00e7\u00f5es do Governo Federal voltadas para garantir e ampliar o direito das mulheres. \u201cAprovamos a Lei de Igualdade Salarial entre Mulheres e Homens. A Seguran\u00e7a P\u00fablica passou a dedicar um eixo exclusivo para a prote\u00e7\u00e3o da vida das mulheres. Retomamos o Programa Mulher Viver Sem Viol\u00eancia, com a\u00e7\u00f5es integradas nas \u00e1reas de seguran\u00e7a, sa\u00fade, previd\u00eancia, justi\u00e7a, rede socioassistencial e promo\u00e7\u00e3o da autonomia financeira\u201d, listou.<\/p>\n\n\n\n<ul class=\"wp-block-list\">\n<li><a href=\"https:\/\/whatsapp.com\/channel\/0029VaAT7tDLI8Yfj5y9Z50Z\"><strong><mark style=\"background-color:rgba(0, 0, 0, 0)\" class=\"has-inline-color has-vivid-red-color\">Siga nosso canal no WhatsApp e veja mais not\u00edcias<\/mark><\/strong><\/a><\/li>\n<\/ul>\n\n\n\n<p><\/p>\n\n\n\n<p>O presidente lembrou ainda do Pacto Nacional de Preven\u00e7\u00e3o aos Feminic\u00eddios, com o objetivo de prevenir todas as formas de discrimina\u00e7\u00e3o e viol\u00eancia contra mulheres e meninas, e ressaltou as pol\u00edticas sociais que permitem \u00e0s m\u00e3es terem acesso a creches e pr\u00e9-escolas, para que elas possam ter tranquilidade no mercado de trabalho.<\/p>\n\n\n\n<p>\u201cEstamos investindo na constru\u00e7\u00e3o de 1.178 novas creches e pr\u00e9-escolas de Educa\u00e7\u00e3o Infantil e criamos o Escola em Tempo Integral, para que as m\u00e3es tenham a tranquilidade de ir para o trabalho sabendo que seus filhos est\u00e3o bem cuidados\u201d.<\/p>\n\n\n\n<p>Ainda no plano da qualifica\u00e7\u00e3o profissional e cient\u00edfica, o presidente apontou o programa Elas Empreendem, que incentiva o potencial empreendedor das mulheres brasileiras, as bolsas de inicia\u00e7\u00e3o cient\u00edfica para meninas nas \u00e1reas de computa\u00e7\u00e3o, engenharias e ci\u00eancias exatas, e citou o Pr\u00eamio Mulher e Ci\u00eancia, que reconhece e estimula as pesquisadoras que contribuem para o avan\u00e7o cient\u00edfico e tecnol\u00f3gico do Brasil.<\/p>\n\n\n\n<blockquote class=\"wp-block-quote is-layout-flow wp-block-quote-is-layout-flow\">\n<p class=\"has-medium-font-size\"><strong><mark style=\"background-color:rgba(0, 0, 0, 0)\" class=\"has-inline-color has-black-color\">\u201cAvan\u00e7amos muito, mas ainda h\u00e1 muito a ser feito. Todas as conquistas das mulheres s\u00e3o o resultado de muita luta. Lutas por direitos iguais, por melhores condi\u00e7\u00f5es de trabalho e pelo direito ao voto, que inspiraram a cria\u00e7\u00e3o desse Dia Internacional das Mulheres. O compromisso do nosso governo \u00e9 continuar apoiando essas lutas. Para que, de fato e por direito, o lugar da mulher seja onde ela quiser estar\u201d, concluiu o presidente.<\/mark><\/strong><\/p>\n<\/blockquote>\n","protected":false},"excerpt":{"rendered":"<p>Em postagem nas redes sociais, Lula detalha medidas da atual gest\u00e3o e refor\u00e7a a prioridade em seguir trabalhando na garantia de direitos e representatividade para as mulheres Blog do Eloilton Cajuhy \u2013 BEC O presidente Luiz In\u00e1cio Lula da Silva homenageou a luta das mulheres brasileiras em uma postagem nas redes sociais neste s\u00e1bado, 8 [&hellip;]<\/p>\n","protected":false},"author":2,"featured_media":86316,"comment_status":"open","ping_status":"open","sticky":false,"template":"","format":"standard","meta":{"_acf_changed":false,"_monsterinsights_skip_tracking":false,"_monsterinsights_sitenote_active":false,"_monsterinsights_sitenote_note":"","_monsterinsights_sitenote_category":0,"_jetpack_memberships_contains_paid_content":false,"footnotes":"","jetpack_publicize_message":"","jetpack_publicize_feature_enabled":true,"jetpack_social_post_already_shared":false,"jetpack_social_options":{"image_generator_settings":{"template":"highway","enabled":false},"version":2}},"categories":[3],"tags":[],"class_list":["post-86315","post","type-post","status-publish","format-standard","has-post-thumbnail","hentry","category-politica"],"acf":[],"jetpack_publicize_connections":[],"jetpack_featured_media_url":"https:\/\/i0.wp.com\/blogdoeloiltoncajuhy.com.br\/site\/wp-content\/uploads\/2025\/03\/Presidente-Lula_Redes-sociais.png?fit=717%2C478&ssl=1","jetpack_sharing_enabled":true,"publishpress_future_workflow_manual_trigger":{"enabledWorkflows":[]},"_links":{"self":[{"href":"https:\/\/blogdoeloiltoncajuhy.com.br\/site\/wp-json\/wp\/v2\/posts\/86315","targetHints":{"allow":["GET"]}}],"collection":[{"href":"https:\/\/blogdoeloiltoncajuhy.com.br\/site\/wp-json\/wp\/v2\/posts"}],"about":[{"href":"https:\/\/blogdoeloiltoncajuhy.com.br\/site\/wp-json\/wp\/v2\/types\/post"}],"author":[{"embeddable":true,"href":"https:\/\/blogdoeloiltoncajuhy.com.br\/site\/wp-json\/wp\/v2\/users\/2"}],"replies":[{"embeddable":true,"href":"https:\/\/blogdoeloiltoncajuhy.com.br\/site\/wp-json\/wp\/v2\/comments?post=86315"}],"version-history":[{"count":1,"href":"https:\/\/blogdoeloiltoncajuhy.com.br\/site\/wp-json\/wp\/v2\/posts\/86315\/revisions"}],"predecessor-version":[{"id":86317,"href":"https:\/\/blogdoeloiltoncajuhy.com.br\/site\/wp-json\/wp\/v2\/posts\/86315\/revisions\/86317"}],"wp:featuredmedia":[{"embeddable":true,"href":"https:\/\/blogdoeloiltoncajuhy.com.br\/site\/wp-json\/wp\/v2\/media\/86316"}],"wp:attachment":[{"href":"https:\/\/blogdoeloiltoncajuhy.com.br\/site\/wp-json\/wp\/v2\/media?parent=86315"}],"wp:term":[{"taxonomy":"category","embeddable":true,"href":"https:\/\/blogdoeloiltoncajuhy.com.br\/site\/wp-json\/wp\/v2\/categories?post=86315"},{"taxonomy":"post_tag","embeddable":true,"href":"https:\/\/blogdoeloiltoncajuhy.com.br\/site\/wp-json\/wp\/v2\/tags?post=86315"}],"curies":[{"name":"wp","href":"https:\/\/api.w.org\/{rel}","templated":true}]}}