{"id":86286,"date":"2025-03-07T08:18:38","date_gmt":"2025-03-07T11:18:38","guid":{"rendered":"https:\/\/blogdoeloiltoncajuhy.com.br\/site\/?p=86286"},"modified":"2025-03-07T08:18:40","modified_gmt":"2025-03-07T11:18:40","slug":"ministerio-da-integracao-mantem-medidas-de-seguranca-na-transposicao-do-sao-francisco","status":"publish","type":"post","link":"https:\/\/blogdoeloiltoncajuhy.com.br\/site\/ministerio-da-integracao-mantem-medidas-de-seguranca-na-transposicao-do-sao-francisco\/","title":{"rendered":"Minist\u00e9rio da Integra\u00e7\u00e3o mant\u00e9m medidas de seguran\u00e7a na transposi\u00e7\u00e3o do S\u00e3o Francisco"},"content":{"rendered":"\n<p class=\"has-medium-font-size\"><strong>Campanhas alertam sobre riscos de acidentes e afogamentos nos reservat\u00f3rios e demais estruturas do sistema<\/strong><\/p>\n\n\n\n<p><strong>Blog do Eloilton Cajuhy \u2013 BEC<\/strong><\/p>\n\n\n\n<figure class=\"wp-block-image aligncenter size-full\"><a href=\"https:\/\/i0.wp.com\/blogdoeloiltoncajuhy.com.br\/site\/wp-content\/uploads\/2025\/03\/GOVFED_MIDR-intensifica-acoes-de-seguranca-Foto-Divulgacao-MIDR.png?ssl=1\"><img data-recalc-dims=\"1\" fetchpriority=\"high\" decoding=\"async\" width=\"768\" height=\"444\" src=\"https:\/\/i0.wp.com\/blogdoeloiltoncajuhy.com.br\/site\/wp-content\/uploads\/2025\/03\/GOVFED_MIDR-intensifica-acoes-de-seguranca-Foto-Divulgacao-MIDR.png?resize=768%2C444&#038;ssl=1\" alt=\"\" class=\"wp-image-86287\" srcset=\"https:\/\/i0.wp.com\/blogdoeloiltoncajuhy.com.br\/site\/wp-content\/uploads\/2025\/03\/GOVFED_MIDR-intensifica-acoes-de-seguranca-Foto-Divulgacao-MIDR.png?w=768&amp;ssl=1 768w, https:\/\/i0.wp.com\/blogdoeloiltoncajuhy.com.br\/site\/wp-content\/uploads\/2025\/03\/GOVFED_MIDR-intensifica-acoes-de-seguranca-Foto-Divulgacao-MIDR.png?resize=300%2C173&amp;ssl=1 300w\" sizes=\"(max-width: 768px) 100vw, 768px\" \/><\/a><figcaption class=\"wp-element-caption\"><sub>MIDR tem intensificado a\u00e7\u00f5es para garantir seguran\u00e7a das comunidades pr\u00f3ximas ao PISF &#8211; Foto: Divulga\u00e7\u00e3o\/MIDR<\/sub><\/figcaption><\/figure>\n\n\n\n<p>O Minist\u00e9rio da Integra\u00e7\u00e3o e do Desenvolvimento Regional (MIDR) tem intensificado a\u00e7\u00f5es para garantir a seguran\u00e7a das comunidades pr\u00f3ximas ao Projeto de Integra\u00e7\u00e3o do Rio S\u00e3o Francisco (Pisf). Por meio do Programa de Comunica\u00e7\u00e3o Social, inserido no Projeto B\u00e1sico Ambiental (PBA) da transposi\u00e7\u00e3o, o governo promove campanhas para alertar sobre os riscos de acidentes e afogamentos nos canais, reservat\u00f3rios e demais estruturas do sistema.<\/p>\n\n\n\n<p>A iniciativa busca dialogar com a popula\u00e7\u00e3o local por meio de reuni\u00f5es comunit\u00e1rias e materiais informativos adaptados. \u201cAlertamos sobre as condutas proibidas na \u00e1rea da transposi\u00e7\u00e3o, como atividades recreativas e aqu\u00e1ticas nos reservat\u00f3rios e canais. Al\u00e9m das restri\u00e7\u00f5es legais, a movimenta\u00e7\u00e3o da \u00e1gua pelo bombeamento pode causar acidentes graves\u201d, explica Tiago Portela, coordenador-geral de Obras e Fiscaliza\u00e7\u00e3o do Pisf.<\/p>\n\n\n\n<h4 class=\"wp-block-heading\"><strong><mark style=\"background-color:rgba(0, 0, 0, 0)\" class=\"has-inline-color has-black-color\">A\u00e7\u00f5es de conscientiza\u00e7\u00e3o<\/mark><\/strong><\/h4>\n\n\n\n<p>Para refor\u00e7ar a preven\u00e7\u00e3o, foram instaladas placas informativas e promovidos treinamentos com a comunidade. No Eixo Norte do projeto, entre janeiro e novembro de 2023, foram realizadas a\u00e7\u00f5es educativas em 12 institui\u00e7\u00f5es de ensino e 56 comunidades rurais, atingindo 1.522 pessoas em munic\u00edpios da Bahia, Pernambuco e Para\u00edba. No Eixo Leste, no mesmo per\u00edodo, o trabalho foi expandido para 17 escolas e 45 comunidades rurais, alcan\u00e7ando 1.667 pessoas.<\/p>\n\n\n\n<p>Al\u00e9m das orienta\u00e7\u00f5es presenciais, o Programa de Comunica\u00e7\u00e3o Social incentiva o uso das redes sociais e do site do MIDR como fontes confi\u00e1veis de informa\u00e7\u00e3o sobre o projeto, al\u00e9m de disponibilizar um canal de Ouvidoria para atender d\u00favidas da popula\u00e7\u00e3o, pelo telefone (61) 2034-4444 ou no e-mail ouvidoria@mdr.gov.br.<\/p>\n","protected":false},"excerpt":{"rendered":"<p>Campanhas alertam sobre riscos de acidentes e afogamentos nos reservat\u00f3rios e demais estruturas do sistema Blog do Eloilton Cajuhy \u2013 BEC O Minist\u00e9rio da Integra\u00e7\u00e3o e do Desenvolvimento Regional (MIDR) tem intensificado a\u00e7\u00f5es para garantir a seguran\u00e7a das comunidades pr\u00f3ximas ao Projeto de Integra\u00e7\u00e3o do Rio S\u00e3o Francisco (Pisf). Por meio do Programa de Comunica\u00e7\u00e3o [&hellip;]<\/p>\n","protected":false},"author":2,"featured_media":86287,"comment_status":"open","ping_status":"open","sticky":false,"template":"","format":"standard","meta":{"_acf_changed":false,"_monsterinsights_skip_tracking":false,"_monsterinsights_sitenote_active":false,"_monsterinsights_sitenote_note":"","_monsterinsights_sitenote_category":0,"_jetpack_memberships_contains_paid_content":false,"footnotes":"","jetpack_publicize_message":"","jetpack_publicize_feature_enabled":true,"jetpack_social_post_already_shared":false,"jetpack_social_options":{"image_generator_settings":{"template":"highway","enabled":false},"version":2}},"categories":[1],"tags":[],"class_list":["post-86286","post","type-post","status-publish","format-standard","has-post-thumbnail","hentry","category-noticias"],"acf":[],"jetpack_publicize_connections":[],"jetpack_featured_media_url":"https:\/\/i0.wp.com\/blogdoeloiltoncajuhy.com.br\/site\/wp-content\/uploads\/2025\/03\/GOVFED_MIDR-intensifica-acoes-de-seguranca-Foto-Divulgacao-MIDR.png?fit=768%2C444&ssl=1","jetpack_sharing_enabled":true,"publishpress_future_workflow_manual_trigger":{"enabledWorkflows":[]},"_links":{"self":[{"href":"https:\/\/blogdoeloiltoncajuhy.com.br\/site\/wp-json\/wp\/v2\/posts\/86286","targetHints":{"allow":["GET"]}}],"collection":[{"href":"https:\/\/blogdoeloiltoncajuhy.com.br\/site\/wp-json\/wp\/v2\/posts"}],"about":[{"href":"https:\/\/blogdoeloiltoncajuhy.com.br\/site\/wp-json\/wp\/v2\/types\/post"}],"author":[{"embeddable":true,"href":"https:\/\/blogdoeloiltoncajuhy.com.br\/site\/wp-json\/wp\/v2\/users\/2"}],"replies":[{"embeddable":true,"href":"https:\/\/blogdoeloiltoncajuhy.com.br\/site\/wp-json\/wp\/v2\/comments?post=86286"}],"version-history":[{"count":1,"href":"https:\/\/blogdoeloiltoncajuhy.com.br\/site\/wp-json\/wp\/v2\/posts\/86286\/revisions"}],"predecessor-version":[{"id":86288,"href":"https:\/\/blogdoeloiltoncajuhy.com.br\/site\/wp-json\/wp\/v2\/posts\/86286\/revisions\/86288"}],"wp:featuredmedia":[{"embeddable":true,"href":"https:\/\/blogdoeloiltoncajuhy.com.br\/site\/wp-json\/wp\/v2\/media\/86287"}],"wp:attachment":[{"href":"https:\/\/blogdoeloiltoncajuhy.com.br\/site\/wp-json\/wp\/v2\/media?parent=86286"}],"wp:term":[{"taxonomy":"category","embeddable":true,"href":"https:\/\/blogdoeloiltoncajuhy.com.br\/site\/wp-json\/wp\/v2\/categories?post=86286"},{"taxonomy":"post_tag","embeddable":true,"href":"https:\/\/blogdoeloiltoncajuhy.com.br\/site\/wp-json\/wp\/v2\/tags?post=86286"}],"curies":[{"name":"wp","href":"https:\/\/api.w.org\/{rel}","templated":true}]}}