{"id":86279,"date":"2025-03-06T16:26:59","date_gmt":"2025-03-06T19:26:59","guid":{"rendered":"https:\/\/blogdoeloiltoncajuhy.com.br\/site\/?p=86279"},"modified":"2025-03-06T16:27:01","modified_gmt":"2025-03-06T19:27:01","slug":"iel-abre-mais-de-580-vagas-de-estagio-na-bahia-bolsas-vao-de-r-460-a-r-16-mil","status":"publish","type":"post","link":"https:\/\/blogdoeloiltoncajuhy.com.br\/site\/iel-abre-mais-de-580-vagas-de-estagio-na-bahia-bolsas-vao-de-r-460-a-r-16-mil\/","title":{"rendered":"IEL abre mais de 580 vagas de est\u00e1gio na Bahia; bolsas v\u00e3o de R$ 460 a R$ 1,6 mil"},"content":{"rendered":"\n<p class=\"has-medium-font-size\"><strong>Oportunidades s\u00e3o para Senhor do Bonfim e outras cidades do estado. Interessados devem se cadastrar no site do instituto<\/strong><\/p>\n\n\n\n<p><strong>Por g1 BA<\/strong><\/p>\n\n\n\n<figure class=\"wp-block-image aligncenter size-full\"><a href=\"https:\/\/i0.wp.com\/blogdoeloiltoncajuhy.com.br\/site\/wp-content\/uploads\/2025\/03\/IEL-BA-abre-vagas-de-estagio-para-cidades-da-Bahia-%E2%80%94-Foto_Assessoria-Flavio-Carvalho.png?ssl=1\"><img data-recalc-dims=\"1\" fetchpriority=\"high\" decoding=\"async\" width=\"722\" height=\"477\" src=\"https:\/\/i0.wp.com\/blogdoeloiltoncajuhy.com.br\/site\/wp-content\/uploads\/2025\/03\/IEL-BA-abre-vagas-de-estagio-para-cidades-da-Bahia-%E2%80%94-Foto_Assessoria-Flavio-Carvalho.png?resize=722%2C477&#038;ssl=1\" alt=\"\" class=\"wp-image-86280\" srcset=\"https:\/\/i0.wp.com\/blogdoeloiltoncajuhy.com.br\/site\/wp-content\/uploads\/2025\/03\/IEL-BA-abre-vagas-de-estagio-para-cidades-da-Bahia-%E2%80%94-Foto_Assessoria-Flavio-Carvalho.png?w=722&amp;ssl=1 722w, https:\/\/i0.wp.com\/blogdoeloiltoncajuhy.com.br\/site\/wp-content\/uploads\/2025\/03\/IEL-BA-abre-vagas-de-estagio-para-cidades-da-Bahia-%E2%80%94-Foto_Assessoria-Flavio-Carvalho.png?resize=300%2C198&amp;ssl=1 300w\" sizes=\"(max-width: 722px) 100vw, 722px\" \/><\/a><figcaption class=\"wp-element-caption\"><sub>IEL-BA abre vagas de est\u00e1gio para cidades da Bahia \u2014 Foto: Assessoria\/Fl\u00e1vio Carvalho<\/sub><\/figcaption><\/figure>\n\n\n\n<p>O Instituto Euvaldo Lodi (IEL) Bahia est\u00e1 com 588 vagas de est\u00e1gio abertas no estado. S\u00e3o oportunidades para diversas cidades, com bolsas que v\u00e3o de R$ 460 a R$ 1,6 mil.<\/p>\n\n\n\n<ul class=\"wp-block-list\">\n<li><a href=\"https:\/\/whatsapp.com\/channel\/0029VaAT7tDLI8Yfj5y9Z50Z\"><strong><mark style=\"background-color:rgba(0, 0, 0, 0)\" class=\"has-inline-color has-vivid-red-color\">Siga nosso canal no WhatsApp e veja mais not\u00edcias<\/mark><\/strong><\/a><\/li>\n<\/ul>\n\n\n\n<p><\/p>\n\n\n\n<p>Os estudantes devem cursar o Ensino M\u00e9dio, T\u00e9cnico ou Superior. Para concorrer a uma das vagas, os interessados devem se cadastrar no <a href=\"http:\/\/www.ielbahia.com.br\/\"><strong><mark style=\"background-color:rgba(0, 0, 0, 0)\" class=\"has-inline-color has-vivid-cyan-blue-color\">site do IEL<\/mark><\/strong><\/a> e acompanhar a oferta.<\/p>\n\n\n\n<h4 class=\"wp-block-heading\"><strong><mark style=\"background-color:rgba(0, 0, 0, 0)\" class=\"has-inline-color has-black-color\">Confira as vagas por regi\u00e3o<\/mark><\/strong><\/h4>\n\n\n\n<ul class=\"wp-block-list\">\n<li><strong><mark style=\"background-color:rgba(0, 0, 0, 0)\" class=\"has-inline-color has-black-color\">Salvador e Regi\u00e3o Metropolitana<\/mark><\/strong><\/li>\n<\/ul>\n\n\n\n<p><\/p>\n\n\n\n<p><strong><mark style=\"background-color:rgba(0, 0, 0, 0)\" class=\"has-inline-color has-black-color\">Total de vagas:<\/mark><\/strong> 293<br><strong><mark style=\"background-color:rgba(0, 0, 0, 0)\" class=\"has-inline-color has-black-color\">\u00c1reas de atua\u00e7\u00e3o:<\/mark><\/strong> Administra\u00e7\u00e3o, Comunica\u00e7\u00e3o Social \u2013 Publicidade e Propaganda, Ci\u00eancias Cont\u00e1beis, Educa\u00e7\u00e3o F\u00edsica (Licenciatura), Engenharia Civil, Engenharia El\u00e9trica, Engenharia Ambiental, Engenharia de Produ\u00e7\u00e3o, Gastronomia, Pedagogia, Letras, Ensino M\u00e9dio, T\u00e9cnico em Administra\u00e7\u00e3o, T\u00e9cnico de Seguran\u00e7a do Trabalho, T\u00e9cnico em Eletromec\u00e2nica<br><strong><mark style=\"background-color:rgba(0, 0, 0, 0)\" class=\"has-inline-color has-black-color\">Cidades:<\/mark><\/strong> Salvador, Lauro de Freitas, Cama\u00e7ari, Sim\u00f5es Filho<br><strong><mark style=\"background-color:rgba(0, 0, 0, 0)\" class=\"has-inline-color has-black-color\">Valores das bolsas:<\/mark><\/strong> R$ 650,00 a R$ 1.600,00<\/p>\n\n\n\n<ul class=\"wp-block-list\">\n<li><strong><mark style=\"background-color:rgba(0, 0, 0, 0)\" class=\"has-inline-color has-black-color\">Regi\u00e3o Central &#8211; Feira de Santana<\/mark><\/strong><\/li>\n<\/ul>\n\n\n\n<p><\/p>\n\n\n\n<p><strong><mark style=\"background-color:rgba(0, 0, 0, 0)\" class=\"has-inline-color has-black-color\">Total de vagas:<\/mark><\/strong> 99<br><strong><mark style=\"background-color:rgba(0, 0, 0, 0)\" class=\"has-inline-color has-black-color\">\u00c1reas de atua\u00e7\u00e3o:<\/mark><\/strong> administrativo, atendimento, call center, setor fiscal, cont\u00e1bil, sala de aula\/ educa\u00e7\u00e3o, engenharia, produ\u00e7\u00e3o, marketing, social media, log\u00edstica, mec\u00e2nica<br><strong><mark style=\"background-color:rgba(0, 0, 0, 0)\" class=\"has-inline-color has-black-color\">Cidades:<\/mark><\/strong> Feira de Santana, Concei\u00e7\u00e3o do Jacu\u00edpe, Itaberaba<br><strong><mark style=\"background-color:rgba(0, 0, 0, 0)\" class=\"has-inline-color has-black-color\">Valores das bolsas:<\/mark><\/strong> R$ 600,00 a R$ 1.518,00<\/p>\n\n\n\n<ul class=\"wp-block-list\">\n<li><strong><mark style=\"background-color:rgba(0, 0, 0, 0)\" class=\"has-inline-color has-black-color\">Regi\u00e3o Sudoeste<\/mark><\/strong><\/li>\n<\/ul>\n\n\n\n<p><\/p>\n\n\n\n<p><strong><mark style=\"background-color:rgba(0, 0, 0, 0)\" class=\"has-inline-color has-black-color\">Total de vagas:<\/mark><\/strong> 100<br><strong><mark style=\"background-color:rgba(0, 0, 0, 0)\" class=\"has-inline-color has-black-color\">\u00c1reas de atua\u00e7\u00e3o:<\/mark><\/strong> administrativo, educacional, financeiro, Engenharia Mec\u00e2nica, Engenharia El\u00e9trica, cont\u00e1bil, Enfermagem, produ\u00e7\u00e3o, Eletrot\u00e9cnica, Marketing, t\u00e9cnico em Administra\u00e7\u00e3o, t\u00e9cnico em Enfermagem, t\u00e9cnico em Eletrot\u00e9cnica, t\u00e9cnico em Inform\u00e1tica, t\u00e9cnico em Log\u00edstica, Ensino M\u00e9dio, EJA, superior em Administra\u00e7\u00e3o, Ci\u00eancias Cont\u00e1beis, An\u00e1lise De Sistemas, Economia, Ci\u00eancias Econ\u00f4micas, Engenharia Mec\u00e2nica, Engenharia de Produ\u00e7\u00e3o, Engenharia El\u00e9trica, Engenharia Mecatr\u00f4nica, Comunica\u00e7\u00e3o Social, Jornalismo, Publicidade e Propaganda, Marketing, Pedagogia, Enfermagem, Qu\u00edmica<br><strong><mark style=\"background-color:rgba(0, 0, 0, 0)\" class=\"has-inline-color has-black-color\">Cidades:<\/mark><\/strong> Guanambi, Vit\u00f3ria da Conquista, Cacul\u00e9, Caetit\u00e9, Jequi\u00e9<br><strong><mark style=\"background-color:rgba(0, 0, 0, 0)\" class=\"has-inline-color has-black-color\">Valores das bolsas:<\/mark><\/strong> R$ 500,00 a R$ 1.518,00<\/p>\n\n\n\n<ul class=\"wp-block-list\">\n<li><strong><mark style=\"background-color:rgba(0, 0, 0, 0)\" class=\"has-inline-color has-black-color\">Regi\u00f5es Sul e Extremo Sul<\/mark><\/strong><\/li>\n<\/ul>\n\n\n\n<p><\/p>\n\n\n\n<p><strong><mark style=\"background-color:rgba(0, 0, 0, 0)\" class=\"has-inline-color has-black-color\">Total de vagas:<\/mark><\/strong> 65<br><strong><mark style=\"background-color:rgba(0, 0, 0, 0)\" class=\"has-inline-color has-black-color\">\u00c1reas de atua\u00e7\u00e3o:<\/mark><\/strong> Educa\u00e7\u00e3o (cursos: Pedagogia, Psicologia e Educa\u00e7\u00e3o F\u00edsica); Administra\u00e7\u00e3o e Contabilidade (cursos: Ensino M\u00e9dio, Administra\u00e7\u00e3o, Contabilidade, Recursos Humanos, Log\u00edstica e Humanidades); Sa\u00fade (cursos: Enfermagem, T\u00e9cnico em Enfermagem e Biomedicina); \u00e1reas t\u00e9cnicas (T\u00e9c. em Log\u00edstica, T\u00e9c. em Eletrot\u00e9cnica e T\u00e9c em Vendas); Marketing; Direito; Educa\u00e7\u00e3o F\u00edsica; TI\/ADS<br><strong><mark style=\"background-color:rgba(0, 0, 0, 0)\" class=\"has-inline-color has-black-color\">Cidades:<\/mark><\/strong> Eun\u00e1polis, Teixeira de Freitas, Ilh\u00e9us, Porto Seguro, Itabuna, Itamaraju, Trancoso e Medeiros Neto<br><strong><mark style=\"background-color:rgba(0, 0, 0, 0)\" class=\"has-inline-color has-black-color\">Valores das bolsas:<\/mark><\/strong> R$ 450,00 a R$ 1.499,00<\/p>\n\n\n\n<ul class=\"wp-block-list\">\n<li><strong><mark style=\"background-color:rgba(0, 0, 0, 0)\" class=\"has-inline-color has-black-color\">Regi\u00e3o Norte<\/mark><\/strong><\/li>\n<\/ul>\n\n\n\n<p><\/p>\n\n\n\n<p><strong><mark style=\"background-color:rgba(0, 0, 0, 0)\" class=\"has-inline-color has-black-color\">Total de vagas:<\/mark><\/strong> 31<br><strong><mark style=\"background-color:rgba(0, 0, 0, 0)\" class=\"has-inline-color has-black-color\">\u00c1reas de atua\u00e7\u00e3o:<\/mark><\/strong> auxiliar de classe, Psicopedagogia, atendimento, estoque, Engenharia da Produ\u00e7\u00e3o, Administra\u00e7\u00e3o, faturamento, T\u00e9cnico em Inform\u00e1tica e Vendas<br><strong><mark style=\"background-color:rgba(0, 0, 0, 0)\" class=\"has-inline-color has-black-color\">Cidades:<\/mark><\/strong> Juazeiro, Jacobina e Senhor do Bonfim<br><strong><mark style=\"background-color:rgba(0, 0, 0, 0)\" class=\"has-inline-color has-black-color\">Valores das bolsas:<\/mark><\/strong> R$500,00 a R$700,00.<\/p>\n","protected":false},"excerpt":{"rendered":"<p>Oportunidades s\u00e3o para Senhor do Bonfim e outras cidades do estado. Interessados devem se cadastrar no site do instituto Por g1 BA O Instituto Euvaldo Lodi (IEL) Bahia est\u00e1 com 588 vagas de est\u00e1gio abertas no estado. S\u00e3o oportunidades para diversas cidades, com bolsas que v\u00e3o de R$ 460 a R$ 1,6 mil. Os estudantes [&hellip;]<\/p>\n","protected":false},"author":2,"featured_media":86280,"comment_status":"open","ping_status":"open","sticky":false,"template":"","format":"standard","meta":{"_acf_changed":false,"_monsterinsights_skip_tracking":false,"_monsterinsights_sitenote_active":false,"_monsterinsights_sitenote_note":"","_monsterinsights_sitenote_category":0,"_jetpack_memberships_contains_paid_content":false,"footnotes":"","jetpack_publicize_message":"","jetpack_publicize_feature_enabled":true,"jetpack_social_post_already_shared":true,"jetpack_social_options":{"image_generator_settings":{"template":"highway","default_image_id":0,"font":"","enabled":false},"version":2}},"categories":[32],"tags":[],"class_list":["post-86279","post","type-post","status-publish","format-standard","has-post-thumbnail","hentry","category-emprego"],"acf":[],"jetpack_publicize_connections":[],"jetpack_featured_media_url":"https:\/\/i0.wp.com\/blogdoeloiltoncajuhy.com.br\/site\/wp-content\/uploads\/2025\/03\/IEL-BA-abre-vagas-de-estagio-para-cidades-da-Bahia-%E2%80%94-Foto_Assessoria-Flavio-Carvalho.png?fit=722%2C477&ssl=1","jetpack_sharing_enabled":true,"publishpress_future_workflow_manual_trigger":{"enabledWorkflows":[]},"_links":{"self":[{"href":"https:\/\/blogdoeloiltoncajuhy.com.br\/site\/wp-json\/wp\/v2\/posts\/86279","targetHints":{"allow":["GET"]}}],"collection":[{"href":"https:\/\/blogdoeloiltoncajuhy.com.br\/site\/wp-json\/wp\/v2\/posts"}],"about":[{"href":"https:\/\/blogdoeloiltoncajuhy.com.br\/site\/wp-json\/wp\/v2\/types\/post"}],"author":[{"embeddable":true,"href":"https:\/\/blogdoeloiltoncajuhy.com.br\/site\/wp-json\/wp\/v2\/users\/2"}],"replies":[{"embeddable":true,"href":"https:\/\/blogdoeloiltoncajuhy.com.br\/site\/wp-json\/wp\/v2\/comments?post=86279"}],"version-history":[{"count":1,"href":"https:\/\/blogdoeloiltoncajuhy.com.br\/site\/wp-json\/wp\/v2\/posts\/86279\/revisions"}],"predecessor-version":[{"id":86281,"href":"https:\/\/blogdoeloiltoncajuhy.com.br\/site\/wp-json\/wp\/v2\/posts\/86279\/revisions\/86281"}],"wp:featuredmedia":[{"embeddable":true,"href":"https:\/\/blogdoeloiltoncajuhy.com.br\/site\/wp-json\/wp\/v2\/media\/86280"}],"wp:attachment":[{"href":"https:\/\/blogdoeloiltoncajuhy.com.br\/site\/wp-json\/wp\/v2\/media?parent=86279"}],"wp:term":[{"taxonomy":"category","embeddable":true,"href":"https:\/\/blogdoeloiltoncajuhy.com.br\/site\/wp-json\/wp\/v2\/categories?post=86279"},{"taxonomy":"post_tag","embeddable":true,"href":"https:\/\/blogdoeloiltoncajuhy.com.br\/site\/wp-json\/wp\/v2\/tags?post=86279"}],"curies":[{"name":"wp","href":"https:\/\/api.w.org\/{rel}","templated":true}]}}