{"id":86274,"date":"2025-03-06T16:00:50","date_gmt":"2025-03-06T19:00:50","guid":{"rendered":"https:\/\/blogdoeloiltoncajuhy.com.br\/site\/?p=86274"},"modified":"2025-03-06T16:02:19","modified_gmt":"2025-03-06T19:02:19","slug":"com-retorno-de-neymar-dorival-jr-convoca-selecao-brasileira-veja-a-lista","status":"publish","type":"post","link":"https:\/\/blogdoeloiltoncajuhy.com.br\/site\/com-retorno-de-neymar-dorival-jr-convoca-selecao-brasileira-veja-a-lista\/","title":{"rendered":"Com retorno de Neymar, Dorival Jr. convoca Sele\u00e7\u00e3o Brasileira; veja a lista"},"content":{"rendered":"\n<p class=\"has-medium-font-size\"><strong>Brasil enfrenta Col\u00f4mbia e Argentina pelas Eliminat\u00f3rias neste m\u00eas<\/strong><\/p>\n\n\n\n<p><strong>Por Lance!<\/strong><\/p>\n\n\n\n<figure class=\"wp-block-image aligncenter size-full\"><a href=\"https:\/\/i0.wp.com\/blogdoeloiltoncajuhy.com.br\/site\/wp-content\/uploads\/2025\/03\/Dorival-Jr.-faz-a-primeira-convocacao-de-2025_Foto_Rafael-Ribeiro-CBF.jpeg?ssl=1\"><img data-recalc-dims=\"1\" fetchpriority=\"high\" decoding=\"async\" width=\"760\" height=\"475\" src=\"https:\/\/i0.wp.com\/blogdoeloiltoncajuhy.com.br\/site\/wp-content\/uploads\/2025\/03\/Dorival-Jr.-faz-a-primeira-convocacao-de-2025_Foto_Rafael-Ribeiro-CBF.jpeg?resize=760%2C475&#038;ssl=1\" alt=\"\" class=\"wp-image-86275\" srcset=\"https:\/\/i0.wp.com\/blogdoeloiltoncajuhy.com.br\/site\/wp-content\/uploads\/2025\/03\/Dorival-Jr.-faz-a-primeira-convocacao-de-2025_Foto_Rafael-Ribeiro-CBF.jpeg?w=760&amp;ssl=1 760w, https:\/\/i0.wp.com\/blogdoeloiltoncajuhy.com.br\/site\/wp-content\/uploads\/2025\/03\/Dorival-Jr.-faz-a-primeira-convocacao-de-2025_Foto_Rafael-Ribeiro-CBF.jpeg?resize=300%2C188&amp;ssl=1 300w\" sizes=\"(max-width: 760px) 100vw, 760px\" \/><\/a><figcaption class=\"wp-element-caption\"><sub>Dorival Jr. faz a primeira convoca\u00e7\u00e3o de 2025 (Foto: Rafael Ribeiro\/CBF)<\/sub><\/figcaption><\/figure>\n\n\n\n<p>O t\u00e9cnico Dorival Jr. divulgou a convoca\u00e7\u00e3o da Sele\u00e7\u00e3o Brasileira, na manh\u00e3 desta quinta-feira (06), em cerim\u00f4nia realizada em um hotel do Rio de Janeiro, para os primeiros desafios do ano. O Brasil ir\u00e1 encarar a Col\u00f4mbia e Argentina, respectivamente, pelas Eliminat\u00f3rias da Copa, ainda este m\u00eas.<\/p>\n\n\n\n<p>Inicialmente, o comandante brasileiro havia enviado uma pr\u00e9-lista convocat\u00f3ria com 52 jogadores. No entanto, apenas 23 nomes foram selecionados da rela\u00e7\u00e3o inicial, que tinha atletas atuando no futebol brasileiro.<\/p>\n\n\n\n<ul class=\"wp-block-list\">\n<li><a href=\"https:\/\/whatsapp.com\/channel\/0029VaAT7tDLI8Yfj5y9Z50Z\"><strong><mark style=\"background-color:rgba(0, 0, 0, 0)\" class=\"has-inline-color has-vivid-red-color\">Siga nosso canal no WhatsApp e veja mais not\u00edcias<\/mark><\/strong><\/a><\/li>\n<\/ul>\n\n\n\n<p><\/p>\n\n\n\n<p>Al\u00e9m do retorno de Neymar, que estava afastado da Sele\u00e7\u00e3o Brasileira desde outubro de 2023 devido \u00e0 grave les\u00e3o, Dorival Jr. fez novas apostas na convoca\u00e7\u00e3o da Sele\u00e7\u00e3o Brasileira. O lateral Wesley, do Flamengo, \u00e9 um dos casos.<\/p>\n\n\n\n<p><strong><mark style=\"background-color:rgba(0, 0, 0, 0)\" class=\"has-inline-color has-black-color\">Veja a lista de convocados da Sele\u00e7\u00e3o Brasileira:<\/mark><\/strong><br><\/p>\n\n\n\n<ul class=\"wp-block-list\">\n<li><strong><mark style=\"background-color:rgba(0, 0, 0, 0)\" class=\"has-inline-color has-black-color\">GOLEIROS:<\/mark><\/strong> Alisson (Liverpool), Bento (Al-Nassr), Ederson (Manchester City)<br><\/li>\n<\/ul>\n\n\n\n<ul class=\"wp-block-list\">\n<li><strong><mark style=\"background-color:rgba(0, 0, 0, 0)\" class=\"has-inline-color has-black-color\">DEFENSORES:<\/mark><\/strong> Gabriel Magalh\u00e3es (Arsenal), Marquinhos (PSG), L\u00e9o Ortiz (Flamengo), Murillo (Nottingham Forest), Danilo (Flamengo), Guilherme Arana (Atl\u00e9tico-MG), Wesley (Flamengo), Vanderson (Monaco)<br><\/li>\n<\/ul>\n\n\n\n<ul class=\"wp-block-list\">\n<li><strong><mark style=\"background-color:rgba(0, 0, 0, 0)\" class=\"has-inline-color has-black-color\">MEIO-CAMPISTAS:<\/mark><\/strong> Andr\u00e9 (Wolverhampton), Bruno Guimar\u00e3es (Newcastle), Gerson (Flamengo), Matheus Cunha, Neymar (Santos) e Joelinton (Newcastle)<br><\/li>\n<\/ul>\n\n\n\n<ul class=\"wp-block-list\">\n<li><strong><mark style=\"background-color:rgba(0, 0, 0, 0)\" class=\"has-inline-color has-black-color\">ATACANTES:<\/mark><\/strong> Est\u00eav\u00e3o (Palmeiras), Jo\u00e3o Pedro (Brighton), Raphinha (Barcelona), Rodrygo (Real Madrid), Savinho (Manchester City) e Vinicius Jr. (Real Madrid)<\/li>\n<\/ul>\n\n\n\n<p><\/p>\n\n\n\n<h4 class=\"wp-block-heading\"><strong><mark style=\"background-color:rgba(0, 0, 0, 0)\" class=\"has-inline-color has-black-color\">Compromissos do Brasil na Data Fifa<\/mark><\/strong><\/h4>\n\n\n\n<p>A Sele\u00e7\u00e3o enfrentar\u00e1 a Col\u00f4mbia no dia 20 de mar\u00e7o, \u00e0s 21h45, no Man\u00e9 Garrincha, em Bras\u00edlia, pela 13\u00aa rodada das Eliminat\u00f3rias. Em seguida, a equipe de Dorival Jr. jogar\u00e1 contra a Argentina, no dia 25, \u00e0s 21h45 (de Bras\u00edlia), no Monumental de N\u00fa\u00f1ez, em Buenos Aires, pela 14\u00aa rodada.<\/p>\n\n\n\n<p>Atualmente, o Brasil ocupa a quinta coloca\u00e7\u00e3o na classifica\u00e7\u00e3o das Eliminat\u00f3rias com 18 pontos em 12 partidas. A Argentina lidera a tabela com 25 pontos, seguida de Uruguai, com 20, e do Equador, com 19. De acordo com o regulamento, os seis primeiros colocados se classificam diretamente \u00e0 Copa do Mundo.<\/p>\n\n\n\n<p>A Copa do Mundo de 2026 ser\u00e1 realizada nos Estados Unidos, Canad\u00e1 e M\u00e9xico com 48 sele\u00e7\u00f5es. O s\u00e9timo colocado nas Eliminat\u00f3rias disputar\u00e1 uma vaga em repescagem em mar\u00e7o do ano que vem.<\/p>\n\n\n\n<h4 class=\"wp-block-heading has-black-color has-text-color has-link-color wp-elements-aaef1d9f4a34948151cf3d27708c911c\"><strong><mark style=\"background-color:rgba(0, 0, 0, 0)\" class=\"has-inline-color has-black-color\">Data Fifa: Calend\u00e1rio de 2025<\/mark><\/strong><\/h4>\n\n\n\n<ul class=\"wp-block-list\">\n<li><strong><mark style=\"background-color:rgba(0, 0, 0, 0)\" class=\"has-inline-color has-black-color\">17 a 25 de mar\u00e7o<\/mark><\/strong> &#8211; Eliminat\u00f3rias<br><\/li>\n<\/ul>\n\n\n\n<ul class=\"wp-block-list\">\n<li><strong><mark style=\"background-color:rgba(0, 0, 0, 0)\" class=\"has-inline-color has-black-color\">02 a 10 de junho<\/mark><\/strong> \u2013 Eliminat\u00f3rias<br><\/li>\n<\/ul>\n\n\n\n<ul class=\"wp-block-list\">\n<li><strong><mark style=\"background-color:rgba(0, 0, 0, 0)\" class=\"has-inline-color has-black-color\">01 a 09 de setembro<\/mark><\/strong> \u2013 Eliminat\u00f3rias<br><\/li>\n<\/ul>\n\n\n\n<ul class=\"wp-block-list\">\n<li><strong><mark style=\"background-color:rgba(0, 0, 0, 0)\" class=\"has-inline-color has-black-color\">06 a 14 de outubro<\/mark><\/strong> \u2013 Amistosos<\/li>\n<\/ul>\n","protected":false},"excerpt":{"rendered":"<p>Brasil enfrenta Col\u00f4mbia e Argentina pelas Eliminat\u00f3rias neste m\u00eas Por Lance! O t\u00e9cnico Dorival Jr. divulgou a convoca\u00e7\u00e3o da Sele\u00e7\u00e3o Brasileira, na manh\u00e3 desta quinta-feira (06), em cerim\u00f4nia realizada em um hotel do Rio de Janeiro, para os primeiros desafios do ano. O Brasil ir\u00e1 encarar a Col\u00f4mbia e Argentina, respectivamente, pelas Eliminat\u00f3rias da Copa, [&hellip;]<\/p>\n","protected":false},"author":2,"featured_media":86275,"comment_status":"open","ping_status":"open","sticky":false,"template":"","format":"standard","meta":{"_acf_changed":false,"_monsterinsights_skip_tracking":false,"_monsterinsights_sitenote_active":false,"_monsterinsights_sitenote_note":"","_monsterinsights_sitenote_category":0,"_jetpack_memberships_contains_paid_content":false,"footnotes":"","jetpack_publicize_message":"","jetpack_publicize_feature_enabled":true,"jetpack_social_post_already_shared":true,"jetpack_social_options":{"image_generator_settings":{"template":"highway","default_image_id":0,"font":"","enabled":false},"version":2}},"categories":[6],"tags":[],"class_list":["post-86274","post","type-post","status-publish","format-standard","has-post-thumbnail","hentry","category-esportes"],"acf":[],"jetpack_publicize_connections":[],"jetpack_featured_media_url":"https:\/\/i0.wp.com\/blogdoeloiltoncajuhy.com.br\/site\/wp-content\/uploads\/2025\/03\/Dorival-Jr.-faz-a-primeira-convocacao-de-2025_Foto_Rafael-Ribeiro-CBF.jpeg?fit=760%2C475&ssl=1","jetpack_sharing_enabled":true,"publishpress_future_workflow_manual_trigger":{"enabledWorkflows":[]},"_links":{"self":[{"href":"https:\/\/blogdoeloiltoncajuhy.com.br\/site\/wp-json\/wp\/v2\/posts\/86274","targetHints":{"allow":["GET"]}}],"collection":[{"href":"https:\/\/blogdoeloiltoncajuhy.com.br\/site\/wp-json\/wp\/v2\/posts"}],"about":[{"href":"https:\/\/blogdoeloiltoncajuhy.com.br\/site\/wp-json\/wp\/v2\/types\/post"}],"author":[{"embeddable":true,"href":"https:\/\/blogdoeloiltoncajuhy.com.br\/site\/wp-json\/wp\/v2\/users\/2"}],"replies":[{"embeddable":true,"href":"https:\/\/blogdoeloiltoncajuhy.com.br\/site\/wp-json\/wp\/v2\/comments?post=86274"}],"version-history":[{"count":2,"href":"https:\/\/blogdoeloiltoncajuhy.com.br\/site\/wp-json\/wp\/v2\/posts\/86274\/revisions"}],"predecessor-version":[{"id":86278,"href":"https:\/\/blogdoeloiltoncajuhy.com.br\/site\/wp-json\/wp\/v2\/posts\/86274\/revisions\/86278"}],"wp:featuredmedia":[{"embeddable":true,"href":"https:\/\/blogdoeloiltoncajuhy.com.br\/site\/wp-json\/wp\/v2\/media\/86275"}],"wp:attachment":[{"href":"https:\/\/blogdoeloiltoncajuhy.com.br\/site\/wp-json\/wp\/v2\/media?parent=86274"}],"wp:term":[{"taxonomy":"category","embeddable":true,"href":"https:\/\/blogdoeloiltoncajuhy.com.br\/site\/wp-json\/wp\/v2\/categories?post=86274"},{"taxonomy":"post_tag","embeddable":true,"href":"https:\/\/blogdoeloiltoncajuhy.com.br\/site\/wp-json\/wp\/v2\/tags?post=86274"}],"curies":[{"name":"wp","href":"https:\/\/api.w.org\/{rel}","templated":true}]}}