{"id":86264,"date":"2025-03-06T08:12:04","date_gmt":"2025-03-06T11:12:04","guid":{"rendered":"https:\/\/blogdoeloiltoncajuhy.com.br\/site\/?p=86264"},"modified":"2025-03-06T08:12:06","modified_gmt":"2025-03-06T11:12:06","slug":"o-que-se-sabe-sobre-operacao-policial-com-12-mortes-no-suburbio-de-salvador","status":"publish","type":"post","link":"https:\/\/blogdoeloiltoncajuhy.com.br\/site\/o-que-se-sabe-sobre-operacao-policial-com-12-mortes-no-suburbio-de-salvador\/","title":{"rendered":"O que se sabe sobre opera\u00e7\u00e3o policial com 12 mortes no sub\u00farbio de Salvador"},"content":{"rendered":"\n<p class=\"has-medium-font-size\"><strong>Caso aconteceu na ter\u00e7a-feira (4), \u00faltimo dia de Carnaval na capital baiana. Minist\u00e9rio P\u00fablico da Bahia (MP-BA) acompanha investiga\u00e7\u00f5es da Pol\u00edcia Civil<\/strong><\/p>\n\n\n\n<p><strong>Por g1 BA e TV Bahia<\/strong><\/p>\n\n\n\n<figure class=\"wp-block-image aligncenter size-full\"><a href=\"https:\/\/i0.wp.com\/blogdoeloiltoncajuhy.com.br\/site\/wp-content\/uploads\/2025\/03\/SSA_Secretaria-de-Seguranca-Publica-comenta-sobre-acao-policial-no-bairro-de-Fazenda-Coutos_TV-BA.png?ssl=1\"><img data-recalc-dims=\"1\" fetchpriority=\"high\" decoding=\"async\" width=\"800\" height=\"364\" src=\"https:\/\/i0.wp.com\/blogdoeloiltoncajuhy.com.br\/site\/wp-content\/uploads\/2025\/03\/SSA_Secretaria-de-Seguranca-Publica-comenta-sobre-acao-policial-no-bairro-de-Fazenda-Coutos_TV-BA.png?resize=800%2C364&#038;ssl=1\" alt=\"\" class=\"wp-image-86265\" srcset=\"https:\/\/i0.wp.com\/blogdoeloiltoncajuhy.com.br\/site\/wp-content\/uploads\/2025\/03\/SSA_Secretaria-de-Seguranca-Publica-comenta-sobre-acao-policial-no-bairro-de-Fazenda-Coutos_TV-BA.png?w=801&amp;ssl=1 801w, https:\/\/i0.wp.com\/blogdoeloiltoncajuhy.com.br\/site\/wp-content\/uploads\/2025\/03\/SSA_Secretaria-de-Seguranca-Publica-comenta-sobre-acao-policial-no-bairro-de-Fazenda-Coutos_TV-BA.png?resize=300%2C136&amp;ssl=1 300w, https:\/\/i0.wp.com\/blogdoeloiltoncajuhy.com.br\/site\/wp-content\/uploads\/2025\/03\/SSA_Secretaria-de-Seguranca-Publica-comenta-sobre-acao-policial-no-bairro-de-Fazenda-Coutos_TV-BA.png?resize=768%2C349&amp;ssl=1 768w\" sizes=\"(max-width: 800px) 100vw, 800px\" \/><\/a><figcaption class=\"wp-element-caption\"><sub>Secret\u00e1rio de Seguran\u00e7a P\u00fablica comenta sobre a\u00e7\u00e3o policial no bairro de Fazenda Coutos, em Salvador &#8211; Foto: Reprodu\u00e7\u00e3o \/ TV Bahia<\/sub><\/figcaption><\/figure>\n\n\n\n<p>Uma opera\u00e7\u00e3o policial terminou com as mortes de 12 homens no bairro de Fazenda Coutos, no sub\u00farbio de Salvador, na ter\u00e7a-feira (4), \u00faltimo dia de Carnaval na capital baiana. O Minist\u00e9rio P\u00fablico da Bahia (MP-BA) acompanha as investiga\u00e7\u00f5es, que s\u00e3o feitas pela Pol\u00edcia Civil.<\/p>\n\n\n\n<ul class=\"wp-block-list\">\n<li><a href=\"https:\/\/whatsapp.com\/channel\/0029VaAT7tDLI8Yfj5y9Z50Z\"><strong><mark style=\"background-color:rgba(0, 0, 0, 0)\" class=\"has-inline-color has-vivid-red-color\">Siga nosso canal no WhatsApp e veja mais not\u00edcias<\/mark><\/strong><\/a><\/li>\n<\/ul>\n\n\n\n<p><\/p>\n\n\n\n<p>A a\u00e7\u00e3o foi definida como &#8220;imposterg\u00e1vel&#8221; pelo comandante da Pol\u00edcia Militar, coronel Paulo Coutinho. At\u00e9 a noite de quarta-feira (5), os corpos dos homens estavam em processo de reconhecimento no Instituto M\u00e9dico Legal (IML) da cidade. Apenas dois deles foram liberados, mas as identidades n\u00e3o foram divulgadas.<\/p>\n\n\n\n<p><strong><mark style=\"background-color:rgba(0, 0, 0, 0)\" class=\"has-inline-color has-black-color\">Veja abaixo o que se sabe e o que falta esclarecer sobre o caso:<\/mark><\/strong><\/p>\n\n\n\n<ol class=\"wp-block-list\">\n<li><strong><mark style=\"background-color:rgba(0, 0, 0, 0)\" class=\"has-inline-color has-black-color\">O que aconteceu?<\/mark><\/strong><br>De acordo com o secret\u00e1rio de Seguran\u00e7a P\u00fablica do estado (SSP-BA), Marcelo Werner, a PM fez um planejamento pr\u00e9vio antes de ocupar a Fazenda Coutos ap\u00f3s descobrir a presen\u00e7a de homens fortemente armados no bairro.<\/li>\n<\/ol>\n\n\n\n<p>Os suspeitos baleados estavam em uma \u00e1rea de mata na localidade e em duas casas \u2014 \u00e1reas que teriam sido usadas por eles como pontos estrat\u00e9gicos para atirar contra os PMs. Moradores tamb\u00e9m foram retirados de im\u00f3veis ou mantidos como ref\u00e9ns. N\u00e3o h\u00e1 registro de que algum deles tenha sido ferido em meio aos confrontos.<\/p>\n\n\n\n<p>Cessado o conflito, os militares levaram os suspeitos atingidos para o Hospital do Sub\u00farbio, onde foram constatadas as mortes.<\/p>\n\n\n\n<figure class=\"wp-block-image aligncenter size-full\"><a href=\"https:\/\/i0.wp.com\/blogdoeloiltoncajuhy.com.br\/site\/wp-content\/uploads\/2025\/03\/SSA_PM_Armas-municoes-e-celulares-apreendidas-%E2%80%94-Foto_Redes-sociais.jpeg\"><img data-recalc-dims=\"1\" decoding=\"async\" width=\"720\" height=\"405\" src=\"https:\/\/i0.wp.com\/blogdoeloiltoncajuhy.com.br\/site\/wp-content\/uploads\/2025\/03\/SSA_PM_Armas-municoes-e-celulares-apreendidas-%E2%80%94-Foto_Redes-sociais.jpeg?resize=720%2C405\" alt=\"\" class=\"wp-image-86233\" srcset=\"https:\/\/i0.wp.com\/blogdoeloiltoncajuhy.com.br\/site\/wp-content\/uploads\/2025\/03\/SSA_PM_Armas-municoes-e-celulares-apreendidas-%E2%80%94-Foto_Redes-sociais.jpeg?w=720&amp;ssl=1 720w, https:\/\/i0.wp.com\/blogdoeloiltoncajuhy.com.br\/site\/wp-content\/uploads\/2025\/03\/SSA_PM_Armas-municoes-e-celulares-apreendidas-%E2%80%94-Foto_Redes-sociais.jpeg?resize=300%2C169&amp;ssl=1 300w\" sizes=\"(max-width: 720px) 100vw, 720px\" \/><\/a><figcaption class=\"wp-element-caption\"><sub>Armas muni\u00e7\u00f5es e celulares apreendidos \u2014 Foto: Redes Sociais<\/sub><\/figcaption><\/figure>\n\n\n\n<ol start=\"2\" class=\"wp-block-list\">\n<li><strong><mark style=\"background-color:rgba(0, 0, 0, 0)\" class=\"has-inline-color has-black-color\">Quem s\u00e3o os homens mortos?<\/mark><\/strong><br>Apenas dois dos 12 mortos j\u00e1 tiveram os corpos liberados pelo Departamento de Pol\u00edcia T\u00e9cnica (DPT). Os nomes deles n\u00e3o foram divulgados.<\/li>\n\n\n\n<li><strong><mark style=\"background-color:rgba(0, 0, 0, 0)\" class=\"has-inline-color has-black-color\">O que foi apreendido com os suspeitos?<\/mark><\/strong><br>A SSP-BA informou que os agentes apreenderam 12 armas, como submetralhadoras, rev\u00f3lveres e pistolas, al\u00e9m de carregadores, balaclavas, r\u00e1dios de telecomunica\u00e7\u00e3o, drogas e balan\u00e7as de precis\u00e3o.<\/li>\n\n\n\n<li><strong><mark style=\"background-color:rgba(0, 0, 0, 0)\" class=\"has-inline-color has-black-color\">O que diz a Secretaria de Seguran\u00e7a P\u00fablica?<\/mark><\/strong><br>Conforme o secretario Marcelo Werner, a cronologia exata dos fatos ainda ser\u00e1 esclarecida pela investiga\u00e7\u00e3o, mas pelo menos dois tiroteios entre fac\u00e7\u00f5es foram registrados antes da chegada dos policiais no local.<\/li>\n<\/ol>\n\n\n\n<p>Segundo o comandante da Pol\u00edcia Militar, coronel Paulo Coutinho, as for\u00e7as de seguran\u00e7a foram acionadas ap\u00f3s uma fac\u00e7\u00e3o tentar assumir o controle do tr\u00e1fico de drogas na regi\u00e3o, aterrorizando os moradores. Desde a noite de segunda (3), moradores da localidade Teot\u00f4nio Vilela, que fica no bairro, denunciaram tiroteios entre grupos rivais.<\/p>\n\n\n\n<p>Os homens invadiram casas para montar bases e chegaram a fazer moradores ref\u00e9ns. Acionados para resolver os conflitos, os militares teriam sido recebidos a tiros pelo grupo criminoso invasor.<\/p>\n\n\n\n<p>O Minist\u00e9rio P\u00fablico da Bahia acompanha o caso e disse que tomar\u00e1 as &#8220;provid\u00eancias cab\u00edveis dentro das suas atribui\u00e7\u00f5es constitucionais&#8221;.<\/p>\n\n\n\n<ol start=\"5\" class=\"wp-block-list\">\n<li><strong><mark style=\"background-color:rgba(0, 0, 0, 0)\" class=\"has-inline-color has-black-color\">Como andam as investiga\u00e7\u00f5es?<\/mark><\/strong><br>A delegada-geral da Pol\u00edcia Civil, Helo\u00edsa Brito, disse que duas testemunhas e parte dos policiais envolvidos na opera\u00e7\u00e3o j\u00e1 prestaram depoimento. De acordo com ela, os militares &#8220;retratam com muita clareza como o evento aconteceu quando eles chegaram no local&#8221;.<\/li>\n<\/ol>\n\n\n\n<p>A per\u00edcia nos dois im\u00f3veis que abrigaram os suspeitos e a \u00e1rea de mata onde tentaram se esconder e atacar tamb\u00e9m j\u00e1 foi realizada. Ainda n\u00e3o prazo para que o inqu\u00e9rito seja conclu\u00eddo.<\/p>\n\n\n\n<p>O caso \u00e9 investigado pelo Departamento de Homic\u00eddios e Prote\u00e7\u00e3o \u00e0 Pessoa (DHPP).<\/p>\n","protected":false},"excerpt":{"rendered":"<p>Caso aconteceu na ter\u00e7a-feira (4), \u00faltimo dia de Carnaval na capital baiana. Minist\u00e9rio P\u00fablico da Bahia (MP-BA) acompanha investiga\u00e7\u00f5es da Pol\u00edcia Civil Por g1 BA e TV Bahia Uma opera\u00e7\u00e3o policial terminou com as mortes de 12 homens no bairro de Fazenda Coutos, no sub\u00farbio de Salvador, na ter\u00e7a-feira (4), \u00faltimo dia de Carnaval na [&hellip;]<\/p>\n","protected":false},"author":2,"featured_media":86265,"comment_status":"open","ping_status":"open","sticky":false,"template":"","format":"standard","meta":{"_acf_changed":false,"_monsterinsights_skip_tracking":false,"_monsterinsights_sitenote_active":false,"_monsterinsights_sitenote_note":"","_monsterinsights_sitenote_category":0,"_jetpack_memberships_contains_paid_content":false,"footnotes":"","jetpack_publicize_message":"","jetpack_publicize_feature_enabled":true,"jetpack_social_post_already_shared":true,"jetpack_social_options":{"image_generator_settings":{"template":"highway","default_image_id":0,"font":"","enabled":false},"version":2}},"categories":[15],"tags":[],"class_list":["post-86264","post","type-post","status-publish","format-standard","has-post-thumbnail","hentry","category-policia"],"acf":[],"jetpack_publicize_connections":[],"jetpack_featured_media_url":"https:\/\/i0.wp.com\/blogdoeloiltoncajuhy.com.br\/site\/wp-content\/uploads\/2025\/03\/SSA_Secretaria-de-Seguranca-Publica-comenta-sobre-acao-policial-no-bairro-de-Fazenda-Coutos_TV-BA.png?fit=801%2C364&ssl=1","jetpack_sharing_enabled":true,"publishpress_future_workflow_manual_trigger":{"enabledWorkflows":[]},"_links":{"self":[{"href":"https:\/\/blogdoeloiltoncajuhy.com.br\/site\/wp-json\/wp\/v2\/posts\/86264","targetHints":{"allow":["GET"]}}],"collection":[{"href":"https:\/\/blogdoeloiltoncajuhy.com.br\/site\/wp-json\/wp\/v2\/posts"}],"about":[{"href":"https:\/\/blogdoeloiltoncajuhy.com.br\/site\/wp-json\/wp\/v2\/types\/post"}],"author":[{"embeddable":true,"href":"https:\/\/blogdoeloiltoncajuhy.com.br\/site\/wp-json\/wp\/v2\/users\/2"}],"replies":[{"embeddable":true,"href":"https:\/\/blogdoeloiltoncajuhy.com.br\/site\/wp-json\/wp\/v2\/comments?post=86264"}],"version-history":[{"count":1,"href":"https:\/\/blogdoeloiltoncajuhy.com.br\/site\/wp-json\/wp\/v2\/posts\/86264\/revisions"}],"predecessor-version":[{"id":86266,"href":"https:\/\/blogdoeloiltoncajuhy.com.br\/site\/wp-json\/wp\/v2\/posts\/86264\/revisions\/86266"}],"wp:featuredmedia":[{"embeddable":true,"href":"https:\/\/blogdoeloiltoncajuhy.com.br\/site\/wp-json\/wp\/v2\/media\/86265"}],"wp:attachment":[{"href":"https:\/\/blogdoeloiltoncajuhy.com.br\/site\/wp-json\/wp\/v2\/media?parent=86264"}],"wp:term":[{"taxonomy":"category","embeddable":true,"href":"https:\/\/blogdoeloiltoncajuhy.com.br\/site\/wp-json\/wp\/v2\/categories?post=86264"},{"taxonomy":"post_tag","embeddable":true,"href":"https:\/\/blogdoeloiltoncajuhy.com.br\/site\/wp-json\/wp\/v2\/tags?post=86264"}],"curies":[{"name":"wp","href":"https:\/\/api.w.org\/{rel}","templated":true}]}}