{"id":86246,"date":"2025-03-05T15:47:00","date_gmt":"2025-03-05T18:47:00","guid":{"rendered":"https:\/\/blogdoeloiltoncajuhy.com.br\/site\/?p=86246"},"modified":"2025-03-05T15:47:03","modified_gmt":"2025-03-05T18:47:03","slug":"saiba-onde-fica-a-maior-arvore-do-brasil","status":"publish","type":"post","link":"https:\/\/blogdoeloiltoncajuhy.com.br\/site\/saiba-onde-fica-a-maior-arvore-do-brasil\/","title":{"rendered":"Saiba onde fica a maior \u00e1rvore do Brasil"},"content":{"rendered":"\n<p><strong>Por Blog do Eloilton Cajuhy \u2013 BEC<\/strong><\/p>\n\n\n\n<figure class=\"wp-block-image aligncenter size-full\"><a href=\"https:\/\/i0.wp.com\/blogdoeloiltoncajuhy.com.br\/site\/wp-content\/uploads\/2025\/03\/Angelim-vermelho-Foto_Projeto-Arvores-Gigantes-da-Amazonia.jpeg?ssl=1\"><img data-recalc-dims=\"1\" fetchpriority=\"high\" decoding=\"async\" width=\"750\" height=\"497\" src=\"https:\/\/i0.wp.com\/blogdoeloiltoncajuhy.com.br\/site\/wp-content\/uploads\/2025\/03\/Angelim-vermelho-Foto_Projeto-Arvores-Gigantes-da-Amazonia.jpeg?resize=750%2C497&#038;ssl=1\" alt=\"\" class=\"wp-image-86247\" srcset=\"https:\/\/i0.wp.com\/blogdoeloiltoncajuhy.com.br\/site\/wp-content\/uploads\/2025\/03\/Angelim-vermelho-Foto_Projeto-Arvores-Gigantes-da-Amazonia.jpeg?w=750&amp;ssl=1 750w, https:\/\/i0.wp.com\/blogdoeloiltoncajuhy.com.br\/site\/wp-content\/uploads\/2025\/03\/Angelim-vermelho-Foto_Projeto-Arvores-Gigantes-da-Amazonia.jpeg?resize=300%2C199&amp;ssl=1 300w\" sizes=\"(max-width: 750px) 100vw, 750px\" \/><\/a><figcaption class=\"wp-element-caption\"><sub>Angelim-vermelho de 88,5 metros de altura, maior \u00e1rvore j\u00e1 encontrada na Amaz\u00f4nia &#8211; Foto: Projeto \u00c1rvores Gigantes da Amaz\u00f4nia<\/sub><\/figcaption><\/figure>\n\n\n\n<p>Em 2019, foi descoberta a maior \u00e1rvore do Brasil: um <strong><mark style=\"background-color:rgba(0, 0, 0, 0)\" class=\"has-inline-color has-black-color\">angelim-vermelho<\/mark><\/strong> (Dinizia excelsa) com impressionantes 88,5 metros de altura, equivalente a um pr\u00e9dio de 30 andares. Essa \u00e1rvore foi encontrada na <strong><mark style=\"background-color:rgba(0, 0, 0, 0)\" class=\"has-inline-color has-black-color\">Floresta Estadual do Paru, no estado do Par\u00e1, regi\u00e3o da Amaz\u00f4nia<\/mark><\/strong>. O angelim-vermelho \u00e9 uma esp\u00e9cie nativa da Amaz\u00f4nia, conhecida por sua madeira de alta qualidade e import\u00e2ncia ecol\u00f3gica. A descoberta desse exemplar destaca a necessidade de preservar a floresta amaz\u00f4nica, essencial para a biodiversidade e o equil\u00edbrio clim\u00e1tico global.<\/p>\n\n\n\n<ul class=\"wp-block-list\">\n<li><a href=\"https:\/\/whatsapp.com\/channel\/0029VaAT7tDLI8Yfj5y9Z50Z\"><strong><mark style=\"background-color:rgba(0, 0, 0, 0)\" class=\"has-inline-color has-vivid-red-color\">Siga nosso canal no WhatsApp e veja mais not\u00edcias<\/mark><\/strong><\/a><\/li>\n<\/ul>\n","protected":false},"excerpt":{"rendered":"<p>Por Blog do Eloilton Cajuhy \u2013 BEC Em 2019, foi descoberta a maior \u00e1rvore do Brasil: um angelim-vermelho (Dinizia excelsa) com impressionantes 88,5 metros de altura, equivalente a um pr\u00e9dio de 30 andares. Essa \u00e1rvore foi encontrada na Floresta Estadual do Paru, no estado do Par\u00e1, regi\u00e3o da Amaz\u00f4nia. O angelim-vermelho \u00e9 uma esp\u00e9cie nativa [&hellip;]<\/p>\n","protected":false},"author":2,"featured_media":86247,"comment_status":"open","ping_status":"open","sticky":false,"template":"","format":"standard","meta":{"_acf_changed":false,"_monsterinsights_skip_tracking":false,"_monsterinsights_sitenote_active":false,"_monsterinsights_sitenote_note":"","_monsterinsights_sitenote_category":0,"_jetpack_memberships_contains_paid_content":false,"footnotes":"","jetpack_publicize_message":"","jetpack_publicize_feature_enabled":true,"jetpack_social_post_already_shared":false,"jetpack_social_options":{"image_generator_settings":{"template":"highway","enabled":false},"version":2}},"categories":[5],"tags":[],"class_list":["post-86246","post","type-post","status-publish","format-standard","has-post-thumbnail","hentry","category-cotidiano"],"acf":[],"jetpack_publicize_connections":[],"jetpack_featured_media_url":"https:\/\/i0.wp.com\/blogdoeloiltoncajuhy.com.br\/site\/wp-content\/uploads\/2025\/03\/Angelim-vermelho-Foto_Projeto-Arvores-Gigantes-da-Amazonia.jpeg?fit=750%2C497&ssl=1","jetpack_sharing_enabled":true,"publishpress_future_workflow_manual_trigger":{"enabledWorkflows":[]},"_links":{"self":[{"href":"https:\/\/blogdoeloiltoncajuhy.com.br\/site\/wp-json\/wp\/v2\/posts\/86246","targetHints":{"allow":["GET"]}}],"collection":[{"href":"https:\/\/blogdoeloiltoncajuhy.com.br\/site\/wp-json\/wp\/v2\/posts"}],"about":[{"href":"https:\/\/blogdoeloiltoncajuhy.com.br\/site\/wp-json\/wp\/v2\/types\/post"}],"author":[{"embeddable":true,"href":"https:\/\/blogdoeloiltoncajuhy.com.br\/site\/wp-json\/wp\/v2\/users\/2"}],"replies":[{"embeddable":true,"href":"https:\/\/blogdoeloiltoncajuhy.com.br\/site\/wp-json\/wp\/v2\/comments?post=86246"}],"version-history":[{"count":1,"href":"https:\/\/blogdoeloiltoncajuhy.com.br\/site\/wp-json\/wp\/v2\/posts\/86246\/revisions"}],"predecessor-version":[{"id":86248,"href":"https:\/\/blogdoeloiltoncajuhy.com.br\/site\/wp-json\/wp\/v2\/posts\/86246\/revisions\/86248"}],"wp:featuredmedia":[{"embeddable":true,"href":"https:\/\/blogdoeloiltoncajuhy.com.br\/site\/wp-json\/wp\/v2\/media\/86247"}],"wp:attachment":[{"href":"https:\/\/blogdoeloiltoncajuhy.com.br\/site\/wp-json\/wp\/v2\/media?parent=86246"}],"wp:term":[{"taxonomy":"category","embeddable":true,"href":"https:\/\/blogdoeloiltoncajuhy.com.br\/site\/wp-json\/wp\/v2\/categories?post=86246"},{"taxonomy":"post_tag","embeddable":true,"href":"https:\/\/blogdoeloiltoncajuhy.com.br\/site\/wp-json\/wp\/v2\/tags?post=86246"}],"curies":[{"name":"wp","href":"https:\/\/api.w.org\/{rel}","templated":true}]}}