{"id":86217,"date":"2025-03-04T12:01:25","date_gmt":"2025-03-04T15:01:25","guid":{"rendered":"https:\/\/blogdoeloiltoncajuhy.com.br\/site\/?p=86217"},"modified":"2025-03-04T12:01:27","modified_gmt":"2025-03-04T15:01:27","slug":"emendas-parlamentares-stf-ja-formou-maioria-para-homologar-plano-aprovado-por-dino","status":"publish","type":"post","link":"https:\/\/blogdoeloiltoncajuhy.com.br\/site\/emendas-parlamentares-stf-ja-formou-maioria-para-homologar-plano-aprovado-por-dino\/","title":{"rendered":"Emendas parlamentares: STF j\u00e1 formou maioria para homologar plano aprovado por Dino"},"content":{"rendered":"\n<p class=\"has-medium-font-size\"><strong>Decis\u00e3o deve sair at\u00e9 as 23h56 desta quarta-feira (5)<\/strong><\/p>\n\n\n\n<p><strong>Por Brasil 61<\/strong><\/p>\n\n\n\n<figure class=\"wp-block-image aligncenter size-full\"><a href=\"https:\/\/i0.wp.com\/blogdoeloiltoncajuhy.com.br\/site\/wp-content\/uploads\/2025\/03\/Foto_Gustavo-Moreno-Supremo-Tribunal-Federal-STF.jpg?ssl=1\"><img data-recalc-dims=\"1\" fetchpriority=\"high\" decoding=\"async\" width=\"760\" height=\"507\" src=\"https:\/\/i0.wp.com\/blogdoeloiltoncajuhy.com.br\/site\/wp-content\/uploads\/2025\/03\/Foto_Gustavo-Moreno-Supremo-Tribunal-Federal-STF.jpg?resize=760%2C507&#038;ssl=1\" alt=\"\" class=\"wp-image-86218\" srcset=\"https:\/\/i0.wp.com\/blogdoeloiltoncajuhy.com.br\/site\/wp-content\/uploads\/2025\/03\/Foto_Gustavo-Moreno-Supremo-Tribunal-Federal-STF.jpg?w=760&amp;ssl=1 760w, https:\/\/i0.wp.com\/blogdoeloiltoncajuhy.com.br\/site\/wp-content\/uploads\/2025\/03\/Foto_Gustavo-Moreno-Supremo-Tribunal-Federal-STF.jpg?resize=300%2C200&amp;ssl=1 300w\" sizes=\"(max-width: 760px) 100vw, 760px\" \/><\/a><figcaption class=\"wp-element-caption\"><sub>Foto: Gustavo Moreno\/Supremo Tribunal Federal<\/sub><\/figcaption><\/figure>\n\n\n\n<p>J\u00e1 tem maioria formada no Supremo Tribunal Federal para aprovar o plano de trabalho apresentado pelo Congresso Nacional na \u00faltima quarta-feira (26), que trata das emendas parlamentares. O ministro Fl\u00e1vio Dino, relator da proposta, j\u00e1 havia aprovado o plano em car\u00e1ter liminar, que est\u00e1 em vigor desde ent\u00e3o. No entanto, para ter car\u00e1ter definitivo, o documento precisa ser referendado pela Corte.<\/p>\n\n\n\n<p>A vota\u00e7\u00e3o deve ser conclu\u00edda antes da meia-noite desta quarta (5) em plen\u00e1rio virtual no STF. At\u00e9 agora, sete ministros acompanharam o voto do relator, o que j\u00e1 \u00e9 suficiente para aprovar o documento.<\/p>\n\n\n\n<ul class=\"wp-block-list\">\n<li><a href=\"https:\/\/whatsapp.com\/channel\/0029VaAT7tDLI8Yfj5y9Z50Z\"><strong><mark style=\"background-color:rgba(0, 0, 0, 0)\" class=\"has-inline-color has-vivid-red-color\">Siga nosso canal no WhatsApp e veja mais not\u00edcias<\/mark><\/strong><\/a><\/li>\n<\/ul>\n\n\n\n<p><\/p>\n\n\n\n<h4 class=\"wp-block-heading\"><mark style=\"background-color:rgba(0, 0, 0, 0)\" class=\"has-inline-color has-black-color\"><strong>Principais pontos<\/strong><\/mark><\/h4>\n\n\n\n<p>O plano de trabalho, elaborado pela Advocacia Geral da Uni\u00e3o (AGU) e pelo Congresso, garante mais transpar\u00eancia, rastreabilidade e melhor acompanhamento dos valores destinados a todos os tipos de emendas parlamentares. O principal ponto do documento est\u00e1 na identifica\u00e7\u00e3o nominal do parlamentar que solicitou a emenda e a destina\u00e7\u00e3o que dar\u00e1 \u00e0 ela.\u00a0<\/p>\n\n\n\n<p>Essas melhorias j\u00e1 foram implementadas no Portal da Transpar\u00eancia, como a incorpora\u00e7\u00e3o de mais filtros de detalhamento, integra\u00e7\u00e3o de dados da emenda com a rela\u00e7\u00e3o de conv\u00eanios associados e melhor detalhamento de repasses nacionais, com filtros que mostram onde os recursos ser\u00e3o aplicados.<\/p>\n\n\n\n<h4 class=\"wp-block-heading\"><strong><mark style=\"background-color:rgba(0, 0, 0, 0)\" class=\"has-inline-color has-black-color\">Exce\u00e7\u00e3o<\/mark><\/strong><\/h4>\n\n\n\n<p>Entre os questionamentos do STF que constam no documento, est\u00e3o as emendas pagas \u00e0s organiza\u00e7\u00f5es n\u00e3o-governamentais (ONGs). Por uma decis\u00e3o espec\u00edfica, tomada em janeiro deste ano\u00a0a partir de um relat\u00f3rio da Controladoria Geral da Uni\u00e3o (CGU), seguem suspensas as emendas destinadas a 13 ONGs e entidades do terceiro setor que n\u00e3o apresentaram informa\u00e7\u00f5es sobre onde os valores recebidos por meio de emendas foram aplicados.<\/p>\n","protected":false},"excerpt":{"rendered":"<p>Decis\u00e3o deve sair at\u00e9 as 23h56 desta quarta-feira (5) Por Brasil 61 J\u00e1 tem maioria formada no Supremo Tribunal Federal para aprovar o plano de trabalho apresentado pelo Congresso Nacional na \u00faltima quarta-feira (26), que trata das emendas parlamentares. O ministro Fl\u00e1vio Dino, relator da proposta, j\u00e1 havia aprovado o plano em car\u00e1ter liminar, que [&hellip;]<\/p>\n","protected":false},"author":2,"featured_media":86218,"comment_status":"open","ping_status":"open","sticky":false,"template":"","format":"standard","meta":{"_acf_changed":false,"_monsterinsights_skip_tracking":false,"_monsterinsights_sitenote_active":false,"_monsterinsights_sitenote_note":"","_monsterinsights_sitenote_category":0,"_jetpack_memberships_contains_paid_content":false,"footnotes":"","jetpack_publicize_message":"","jetpack_publicize_feature_enabled":true,"jetpack_social_post_already_shared":true,"jetpack_social_options":{"image_generator_settings":{"template":"highway","default_image_id":0,"font":"","enabled":false},"version":2}},"categories":[3],"tags":[],"class_list":["post-86217","post","type-post","status-publish","format-standard","has-post-thumbnail","hentry","category-politica"],"acf":[],"jetpack_publicize_connections":[],"jetpack_featured_media_url":"https:\/\/i0.wp.com\/blogdoeloiltoncajuhy.com.br\/site\/wp-content\/uploads\/2025\/03\/Foto_Gustavo-Moreno-Supremo-Tribunal-Federal-STF.jpg?fit=760%2C507&ssl=1","jetpack_sharing_enabled":true,"publishpress_future_workflow_manual_trigger":{"enabledWorkflows":[]},"_links":{"self":[{"href":"https:\/\/blogdoeloiltoncajuhy.com.br\/site\/wp-json\/wp\/v2\/posts\/86217","targetHints":{"allow":["GET"]}}],"collection":[{"href":"https:\/\/blogdoeloiltoncajuhy.com.br\/site\/wp-json\/wp\/v2\/posts"}],"about":[{"href":"https:\/\/blogdoeloiltoncajuhy.com.br\/site\/wp-json\/wp\/v2\/types\/post"}],"author":[{"embeddable":true,"href":"https:\/\/blogdoeloiltoncajuhy.com.br\/site\/wp-json\/wp\/v2\/users\/2"}],"replies":[{"embeddable":true,"href":"https:\/\/blogdoeloiltoncajuhy.com.br\/site\/wp-json\/wp\/v2\/comments?post=86217"}],"version-history":[{"count":1,"href":"https:\/\/blogdoeloiltoncajuhy.com.br\/site\/wp-json\/wp\/v2\/posts\/86217\/revisions"}],"predecessor-version":[{"id":86219,"href":"https:\/\/blogdoeloiltoncajuhy.com.br\/site\/wp-json\/wp\/v2\/posts\/86217\/revisions\/86219"}],"wp:featuredmedia":[{"embeddable":true,"href":"https:\/\/blogdoeloiltoncajuhy.com.br\/site\/wp-json\/wp\/v2\/media\/86218"}],"wp:attachment":[{"href":"https:\/\/blogdoeloiltoncajuhy.com.br\/site\/wp-json\/wp\/v2\/media?parent=86217"}],"wp:term":[{"taxonomy":"category","embeddable":true,"href":"https:\/\/blogdoeloiltoncajuhy.com.br\/site\/wp-json\/wp\/v2\/categories?post=86217"},{"taxonomy":"post_tag","embeddable":true,"href":"https:\/\/blogdoeloiltoncajuhy.com.br\/site\/wp-json\/wp\/v2\/tags?post=86217"}],"curies":[{"name":"wp","href":"https:\/\/api.w.org\/{rel}","templated":true}]}}