{"id":86210,"date":"2025-03-03T17:25:04","date_gmt":"2025-03-03T20:25:04","guid":{"rendered":"https:\/\/blogdoeloiltoncajuhy.com.br\/site\/?p=86210"},"modified":"2025-03-03T17:25:06","modified_gmt":"2025-03-03T20:25:06","slug":"folioes-comemoram-vitoria-de-ainda-estou-aqui-no-oscar-com-clima-de-copa-do-mundo-no-carnaval-de-salvador","status":"publish","type":"post","link":"https:\/\/blogdoeloiltoncajuhy.com.br\/site\/folioes-comemoram-vitoria-de-ainda-estou-aqui-no-oscar-com-clima-de-copa-do-mundo-no-carnaval-de-salvador\/","title":{"rendered":"Foli\u00f5es comemoram vit\u00f3ria de &#8216;Ainda Estou Aqui&#8217; no Oscar com clima de Copa do Mundo no Carnaval de Salvador"},"content":{"rendered":"\n<p class=\"has-medium-font-size\"><strong>Cerim\u00f4nia foi exibida em um dos principais circuitos da festa na capital baiana<\/strong><\/p>\n\n\n\n<p><strong>Por Brenda Vianna, Ailma Teixeira, g1 BA<\/strong><\/p>\n\n\n\n<figure class=\"wp-block-image aligncenter size-full\"><a href=\"https:\/\/i0.wp.com\/blogdoeloiltoncajuhy.com.br\/site\/wp-content\/uploads\/2025\/03\/Folioes-assistiram-ao-Oscar-2025-no-Largo-do-Pelourinho-durante-o-Carnaval-de-Salvador-%E2%80%94-Foto_Brenda-Vianna-g1.jpeg?ssl=1\"><img data-recalc-dims=\"1\" fetchpriority=\"high\" decoding=\"async\" width=\"720\" height=\"540\" src=\"https:\/\/i0.wp.com\/blogdoeloiltoncajuhy.com.br\/site\/wp-content\/uploads\/2025\/03\/Folioes-assistiram-ao-Oscar-2025-no-Largo-do-Pelourinho-durante-o-Carnaval-de-Salvador-%E2%80%94-Foto_Brenda-Vianna-g1.jpeg?resize=720%2C540&#038;ssl=1\" alt=\"\" class=\"wp-image-86211\" srcset=\"https:\/\/i0.wp.com\/blogdoeloiltoncajuhy.com.br\/site\/wp-content\/uploads\/2025\/03\/Folioes-assistiram-ao-Oscar-2025-no-Largo-do-Pelourinho-durante-o-Carnaval-de-Salvador-%E2%80%94-Foto_Brenda-Vianna-g1.jpeg?w=720&amp;ssl=1 720w, https:\/\/i0.wp.com\/blogdoeloiltoncajuhy.com.br\/site\/wp-content\/uploads\/2025\/03\/Folioes-assistiram-ao-Oscar-2025-no-Largo-do-Pelourinho-durante-o-Carnaval-de-Salvador-%E2%80%94-Foto_Brenda-Vianna-g1.jpeg?resize=300%2C225&amp;ssl=1 300w\" sizes=\"(max-width: 720px) 100vw, 720px\" \/><\/a><figcaption class=\"wp-element-caption\"><sub>Foli\u00f5es assistiram ao Oscar 2025 no Largo do Pelourinho durante o Carnaval de Salvador \u2014 Foto: Brenda Vianna\/g1<\/sub><\/figcaption><\/figure>\n\n\n\n<p>A rea\u00e7\u00e3o dos foli\u00f5es que viram a vit\u00f3ria de &#8220;Ainda Estou Aqui&#8221; no Oscar 2025 diretamente do Largo do Pelourinho, em Salvador, foi em clima de Copa do Mundo. O momento foi marcado por muitos gritos, abra\u00e7os e l\u00e1grimas daqueles que n\u00e3o conseguiram segurar a emo\u00e7\u00e3o na madrugada desta segunda-feira (3).<\/p>\n\n\n\n<p>A entrega do pr\u00eamio de &#8220;Melhor Filme Internacional&#8221; foi exibida para as pessoas que curtiam o Carnaval na \u00e1rea, que integra um dos principais circuitos da folia soteropolitana, o Batatinha. A cerim\u00f4nia de premia\u00e7\u00e3o aconteceu em Los Angeles, nos Estados Unidos.<\/p>\n\n\n\n<p>O longa-metragem dirigido por Walter Salles disputava ainda as categorias de &#8220;Melhor Atriz&#8221;, com Fernanda Torres, que perdeu para Mikey Madison (Anora), e de &#8220;Melhor Filme&#8221;, t\u00edtulo conquistado por &#8220;Anora&#8221;, de Sean Baker.<\/p>\n\n\n\n<ul class=\"wp-block-list\">\n<li><a href=\"https:\/\/whatsapp.com\/channel\/0029VaAT7tDLI8Yfj5y9Z50Z\"><strong><mark style=\"background-color:rgba(0, 0, 0, 0)\" class=\"has-inline-color has-vivid-red-color\">Siga nosso canal no WhatsApp e veja mais not\u00edcias<\/mark><\/strong><\/a><\/li>\n<\/ul>\n\n\n\n<p><\/p>\n\n\n\n<p>Para torcer e homenagear o longa, que j\u00e1 fez hist\u00f3ria no cinema, f\u00e3s usaram fantasias em refer\u00eancia ao Oscar. Outros f\u00e3s levaram imita\u00e7\u00f5es da estatueta para a folia, enquanto muitos apareceram com m\u00e1scaras e camisetas estampadas com o rosto da atriz Fernanda Torres.<\/p>\n\n\n\n<p>Fernanda tamb\u00e9m foi homenageada no Farol da Barra neste domingo (2). Centenas de drones formaram o rosto da atriz no ar, surpreendendo o p\u00fablico que acompanhava o desfile dos trios no in\u00edcio do circuito Dod\u00f4 (Barra-Ondina).<\/p>\n","protected":false},"excerpt":{"rendered":"<p>Cerim\u00f4nia foi exibida em um dos principais circuitos da festa na capital baiana Por Brenda Vianna, Ailma Teixeira, g1 BA A rea\u00e7\u00e3o dos foli\u00f5es que viram a vit\u00f3ria de &#8220;Ainda Estou Aqui&#8221; no Oscar 2025 diretamente do Largo do Pelourinho, em Salvador, foi em clima de Copa do Mundo. O momento foi marcado por muitos [&hellip;]<\/p>\n","protected":false},"author":2,"featured_media":86211,"comment_status":"open","ping_status":"open","sticky":false,"template":"","format":"standard","meta":{"_acf_changed":false,"_monsterinsights_skip_tracking":false,"_monsterinsights_sitenote_active":false,"_monsterinsights_sitenote_note":"","_monsterinsights_sitenote_category":0,"_jetpack_memberships_contains_paid_content":false,"footnotes":"","jetpack_publicize_message":"","jetpack_publicize_feature_enabled":true,"jetpack_social_post_already_shared":true,"jetpack_social_options":{"image_generator_settings":{"template":"highway","default_image_id":0,"font":"","enabled":false},"version":2}},"categories":[8],"tags":[],"class_list":["post-86210","post","type-post","status-publish","format-standard","has-post-thumbnail","hentry","category-cultura"],"acf":[],"jetpack_publicize_connections":[],"jetpack_featured_media_url":"https:\/\/i0.wp.com\/blogdoeloiltoncajuhy.com.br\/site\/wp-content\/uploads\/2025\/03\/Folioes-assistiram-ao-Oscar-2025-no-Largo-do-Pelourinho-durante-o-Carnaval-de-Salvador-%E2%80%94-Foto_Brenda-Vianna-g1.jpeg?fit=720%2C540&ssl=1","jetpack_sharing_enabled":true,"publishpress_future_workflow_manual_trigger":{"enabledWorkflows":[]},"_links":{"self":[{"href":"https:\/\/blogdoeloiltoncajuhy.com.br\/site\/wp-json\/wp\/v2\/posts\/86210","targetHints":{"allow":["GET"]}}],"collection":[{"href":"https:\/\/blogdoeloiltoncajuhy.com.br\/site\/wp-json\/wp\/v2\/posts"}],"about":[{"href":"https:\/\/blogdoeloiltoncajuhy.com.br\/site\/wp-json\/wp\/v2\/types\/post"}],"author":[{"embeddable":true,"href":"https:\/\/blogdoeloiltoncajuhy.com.br\/site\/wp-json\/wp\/v2\/users\/2"}],"replies":[{"embeddable":true,"href":"https:\/\/blogdoeloiltoncajuhy.com.br\/site\/wp-json\/wp\/v2\/comments?post=86210"}],"version-history":[{"count":1,"href":"https:\/\/blogdoeloiltoncajuhy.com.br\/site\/wp-json\/wp\/v2\/posts\/86210\/revisions"}],"predecessor-version":[{"id":86212,"href":"https:\/\/blogdoeloiltoncajuhy.com.br\/site\/wp-json\/wp\/v2\/posts\/86210\/revisions\/86212"}],"wp:featuredmedia":[{"embeddable":true,"href":"https:\/\/blogdoeloiltoncajuhy.com.br\/site\/wp-json\/wp\/v2\/media\/86211"}],"wp:attachment":[{"href":"https:\/\/blogdoeloiltoncajuhy.com.br\/site\/wp-json\/wp\/v2\/media?parent=86210"}],"wp:term":[{"taxonomy":"category","embeddable":true,"href":"https:\/\/blogdoeloiltoncajuhy.com.br\/site\/wp-json\/wp\/v2\/categories?post=86210"},{"taxonomy":"post_tag","embeddable":true,"href":"https:\/\/blogdoeloiltoncajuhy.com.br\/site\/wp-json\/wp\/v2\/tags?post=86210"}],"curies":[{"name":"wp","href":"https:\/\/api.w.org\/{rel}","templated":true}]}}