{"id":86185,"date":"2025-03-01T13:51:15","date_gmt":"2025-03-01T16:51:15","guid":{"rendered":"https:\/\/blogdoeloiltoncajuhy.com.br\/site\/?p=86185"},"modified":"2025-03-03T12:25:20","modified_gmt":"2025-03-03T15:25:20","slug":"luto-morre-em-salvador-rogerio-almeida-irmao-do-ex-vereador-moge","status":"publish","type":"post","link":"https:\/\/blogdoeloiltoncajuhy.com.br\/site\/luto-morre-em-salvador-rogerio-almeida-irmao-do-ex-vereador-moge\/","title":{"rendered":"Luto: Morre em Salvador Rog\u00e9rio Almeida, irm\u00e3o do ex-vereador Moge"},"content":{"rendered":"\n<p class=\"has-medium-font-size\"><strong>Informa\u00e7\u00e3o foi confirmada por Herm\u00f3genes Almeida<\/strong><\/p>\n\n\n\n<p><strong>Por Blog do Eloilton Cajuhy &#8211; BEC<\/strong><br><sub>Atualizado em 03 de mar\u00e7o de 2025<\/sub><\/p>\n\n\n\n<figure class=\"wp-block-image aligncenter size-full is-resized\"><a href=\"https:\/\/i0.wp.com\/blogdoeloiltoncajuhy.com.br\/site\/wp-content\/uploads\/2025\/03\/Rogerio-Almeida_Foto-Mauro-Coelho.jpeg?ssl=1\"><img data-recalc-dims=\"1\" fetchpriority=\"high\" decoding=\"async\" width=\"720\" height=\"673\" src=\"https:\/\/i0.wp.com\/blogdoeloiltoncajuhy.com.br\/site\/wp-content\/uploads\/2025\/03\/Rogerio-Almeida_Foto-Mauro-Coelho.jpeg?resize=720%2C673&#038;ssl=1\" alt=\"\" class=\"wp-image-86186\" style=\"width:626px;height:auto\" srcset=\"https:\/\/i0.wp.com\/blogdoeloiltoncajuhy.com.br\/site\/wp-content\/uploads\/2025\/03\/Rogerio-Almeida_Foto-Mauro-Coelho.jpeg?w=720&amp;ssl=1 720w, https:\/\/i0.wp.com\/blogdoeloiltoncajuhy.com.br\/site\/wp-content\/uploads\/2025\/03\/Rogerio-Almeida_Foto-Mauro-Coelho.jpeg?resize=300%2C280&amp;ssl=1 300w\" sizes=\"(max-width: 720px) 100vw, 720px\" \/><\/a><figcaption class=\"wp-element-caption\"><sub>Foto: Mauro Coelho<\/sub><\/figcaption><\/figure>\n\n\n\n<p>Faleceu por volta das 9h15 da manh\u00e3 de s\u00e1bado, 1\u00ba de mar\u00e7o, o engenheiro civil Rog\u00e9rio Gomes de Almeida, aos 71 anos de idade. Natural do distrito de Carrapichel, Rog\u00e9rio era filho do ex-vereador \u00d3zio Almeida e irm\u00e3o de Herm\u00f3genes Gomes de Almeida, que tamb\u00e9m foi vereador por diversas vezes em Senhor do Bonfim.<\/p>\n\n\n\n<p>Rog\u00e9rio estava internado no Hospital Ernesto Sim\u00f5es na capital e morreu ap\u00f3s complica\u00e7\u00f5es hep\u00e1ticas, segundo nos informou o irm\u00e3o Moge.<\/p>\n\n\n\n<p>O corpo foi velado no Memorial Vila Nova e sepultado no Cemit\u00e9rio de Carrapichel, no domingo (02).<\/p>\n\n\n\n<figure class=\"wp-block-image aligncenter size-full\"><a href=\"https:\/\/i0.wp.com\/blogdoeloiltoncajuhy.com.br\/site\/wp-content\/uploads\/2025\/03\/Rogerio-Almeida.png?ssl=1\"><img data-recalc-dims=\"1\" decoding=\"async\" width=\"528\" height=\"614\" src=\"https:\/\/i0.wp.com\/blogdoeloiltoncajuhy.com.br\/site\/wp-content\/uploads\/2025\/03\/Rogerio-Almeida.png?resize=528%2C614&#038;ssl=1\" alt=\"\" class=\"wp-image-86187\" srcset=\"https:\/\/i0.wp.com\/blogdoeloiltoncajuhy.com.br\/site\/wp-content\/uploads\/2025\/03\/Rogerio-Almeida.png?w=528&amp;ssl=1 528w, https:\/\/i0.wp.com\/blogdoeloiltoncajuhy.com.br\/site\/wp-content\/uploads\/2025\/03\/Rogerio-Almeida.png?resize=258%2C300&amp;ssl=1 258w\" sizes=\"(max-width: 528px) 100vw, 528px\" \/><\/a><figcaption class=\"wp-element-caption\"><sub>Foto: Arquivo de fam\u00edlia<\/sub><\/figcaption><\/figure>\n","protected":false},"excerpt":{"rendered":"<p>Informa\u00e7\u00e3o foi confirmada por Herm\u00f3genes Almeida Por Blog do Eloilton Cajuhy &#8211; BECAtualizado em 03 de mar\u00e7o de 2025 Faleceu por volta das 9h15 da manh\u00e3 de s\u00e1bado, 1\u00ba de mar\u00e7o, o engenheiro civil Rog\u00e9rio Gomes de Almeida, aos 71 anos de idade. Natural do distrito de Carrapichel, Rog\u00e9rio era filho do ex-vereador \u00d3zio Almeida [&hellip;]<\/p>\n","protected":false},"author":2,"featured_media":86186,"comment_status":"open","ping_status":"open","sticky":false,"template":"","format":"standard","meta":{"_acf_changed":false,"_monsterinsights_skip_tracking":false,"_monsterinsights_sitenote_active":false,"_monsterinsights_sitenote_note":"","_monsterinsights_sitenote_category":0,"_jetpack_memberships_contains_paid_content":false,"footnotes":"","jetpack_publicize_message":"","jetpack_publicize_feature_enabled":true,"jetpack_social_post_already_shared":true,"jetpack_social_options":{"image_generator_settings":{"template":"highway","default_image_id":0,"font":"","enabled":false},"version":2}},"categories":[4],"tags":[],"class_list":["post-86185","post","type-post","status-publish","format-standard","has-post-thumbnail","hentry","category-local"],"acf":[],"jetpack_publicize_connections":[],"jetpack_featured_media_url":"https:\/\/i0.wp.com\/blogdoeloiltoncajuhy.com.br\/site\/wp-content\/uploads\/2025\/03\/Rogerio-Almeida_Foto-Mauro-Coelho.jpeg?fit=720%2C673&ssl=1","jetpack_sharing_enabled":true,"publishpress_future_workflow_manual_trigger":{"enabledWorkflows":[]},"_links":{"self":[{"href":"https:\/\/blogdoeloiltoncajuhy.com.br\/site\/wp-json\/wp\/v2\/posts\/86185","targetHints":{"allow":["GET"]}}],"collection":[{"href":"https:\/\/blogdoeloiltoncajuhy.com.br\/site\/wp-json\/wp\/v2\/posts"}],"about":[{"href":"https:\/\/blogdoeloiltoncajuhy.com.br\/site\/wp-json\/wp\/v2\/types\/post"}],"author":[{"embeddable":true,"href":"https:\/\/blogdoeloiltoncajuhy.com.br\/site\/wp-json\/wp\/v2\/users\/2"}],"replies":[{"embeddable":true,"href":"https:\/\/blogdoeloiltoncajuhy.com.br\/site\/wp-json\/wp\/v2\/comments?post=86185"}],"version-history":[{"count":2,"href":"https:\/\/blogdoeloiltoncajuhy.com.br\/site\/wp-json\/wp\/v2\/posts\/86185\/revisions"}],"predecessor-version":[{"id":86204,"href":"https:\/\/blogdoeloiltoncajuhy.com.br\/site\/wp-json\/wp\/v2\/posts\/86185\/revisions\/86204"}],"wp:featuredmedia":[{"embeddable":true,"href":"https:\/\/blogdoeloiltoncajuhy.com.br\/site\/wp-json\/wp\/v2\/media\/86186"}],"wp:attachment":[{"href":"https:\/\/blogdoeloiltoncajuhy.com.br\/site\/wp-json\/wp\/v2\/media?parent=86185"}],"wp:term":[{"taxonomy":"category","embeddable":true,"href":"https:\/\/blogdoeloiltoncajuhy.com.br\/site\/wp-json\/wp\/v2\/categories?post=86185"},{"taxonomy":"post_tag","embeddable":true,"href":"https:\/\/blogdoeloiltoncajuhy.com.br\/site\/wp-json\/wp\/v2\/tags?post=86185"}],"curies":[{"name":"wp","href":"https:\/\/api.w.org\/{rel}","templated":true}]}}