{"id":86166,"date":"2025-02-28T17:33:22","date_gmt":"2025-02-28T20:33:22","guid":{"rendered":"https:\/\/blogdoeloiltoncajuhy.com.br\/site\/?p=86166"},"modified":"2025-03-01T09:34:26","modified_gmt":"2025-03-01T12:34:26","slug":"homem-e-morto-a-facadas-por-mulher-no-centro-de-bonfim","status":"publish","type":"post","link":"https:\/\/blogdoeloiltoncajuhy.com.br\/site\/homem-e-morto-a-facadas-por-mulher-no-centro-de-bonfim\/","title":{"rendered":"Homem \u00e9 morto a facadas por mulher no Centro de Bonfim"},"content":{"rendered":"\n<p class=\"has-medium-font-size\"><strong>Crime ocorreu na tarde desta sexta-feira (28)<\/strong><\/p>\n\n\n\n<p><strong>Por Blog do Eloilton Cajuhy \u2013 BEC<\/strong><br><sub>Atualizado em 1\u00ba de mar\u00e7o de 2025 \u00e0s 9h34<\/sub><\/p>\n\n\n\n<figure class=\"wp-block-image aligncenter size-full\"><a href=\"https:\/\/i0.wp.com\/blogdoeloiltoncajuhy.com.br\/site\/wp-content\/uploads\/2024\/03\/Card-policia-PM-PC.jpeg\"><img data-recalc-dims=\"1\" fetchpriority=\"high\" decoding=\"async\" width=\"681\" height=\"450\" src=\"https:\/\/i0.wp.com\/blogdoeloiltoncajuhy.com.br\/site\/wp-content\/uploads\/2024\/03\/Card-policia-PM-PC.jpeg?resize=681%2C450\" alt=\"\" class=\"wp-image-79626\" srcset=\"https:\/\/i0.wp.com\/blogdoeloiltoncajuhy.com.br\/site\/wp-content\/uploads\/2024\/03\/Card-policia-PM-PC.jpeg?w=681&amp;ssl=1 681w, https:\/\/i0.wp.com\/blogdoeloiltoncajuhy.com.br\/site\/wp-content\/uploads\/2024\/03\/Card-policia-PM-PC.jpeg?resize=300%2C198&amp;ssl=1 300w\" sizes=\"(max-width: 681px) 100vw, 681px\" \/><\/a><figcaption class=\"wp-element-caption\"><sub>Homem \u00e9 morto a facadas por mulher no Centro de Bonfim<\/sub><\/figcaption><\/figure>\n\n\n\n<p>Um homem foi morto a facadas nesta sexta-feira (28), por volta das 16h, fato ocorrido na Pra\u00e7a Augusto Sena Gomes, Centro Comercial de Senhor do Bonfim.<\/p>\n\n\n\n<p>Segundo informa\u00e7\u00f5es preliminares divulgadas pela <strong>WATV Web<\/strong>, uma mulher \u00e9 a autora do crime. Os dois teriam um relacionamento amoroso. A v\u00edtima, conhecida pelo apelido de <strong><mark style=\"background-color:rgba(0, 0, 0, 0)\" class=\"has-inline-color has-black-color\">Doquinha<\/mark><\/strong>, morava na regi\u00e3o da Pra\u00e7a das Laranjeiras.<\/p>\n\n\n\n<p>A suspeita de ter matado Doquinha foi identificada como <strong><mark style=\"background-color:rgba(0, 0, 0, 0)\" class=\"has-inline-color has-black-color\">Jaqueline da Silva Mendes<\/mark><\/strong>.<\/p>\n\n\n\n<p>Ainda n\u00e3o se sabe a motiva\u00e7\u00e3o do crime, mas o caso chama aten\u00e7\u00e3o por ter ocorrido em local de movimenta\u00e7\u00e3o constante de pessoas e em plena luz do dia.<\/p>\n\n\n\n<p>A Pol\u00edcia Militar esteve no local e preservou a \u00e1rea at\u00e9 a chegada de peritos do Departamento de Pol\u00edcia T\u00e9cnica (DPT) para a remo\u00e7\u00e3o do corpo para o IML.<\/p>\n\n\n\n<p>Nas redes sociais, v\u00e1rios internautas relataram que o homem tinha um hist\u00f3rico de viol\u00eancia e supostas passagens pela pol\u00edcia. O caso dever\u00e1 ser investigado na Delegacia Territorial de Senhor do Bonfim.<\/p>\n\n\n\n<ul class=\"wp-block-list\">\n<li><a href=\"https:\/\/whatsapp.com\/channel\/0029VaAT7tDLI8Yfj5y9Z50Z\"><strong><mark style=\"background-color:rgba(0, 0, 0, 0)\" class=\"has-inline-color has-vivid-red-color\">Siga nosso canal no WhatsApp e veja mais not\u00edcias<\/mark><\/strong><\/a><\/li>\n<\/ul>\n","protected":false},"excerpt":{"rendered":"<p>Crime ocorreu na tarde desta sexta-feira (28) Por Blog do Eloilton Cajuhy \u2013 BECAtualizado em 1\u00ba de mar\u00e7o de 2025 \u00e0s 9h34 Um homem foi morto a facadas nesta sexta-feira (28), por volta das 16h, fato ocorrido na Pra\u00e7a Augusto Sena Gomes, Centro Comercial de Senhor do Bonfim. Segundo informa\u00e7\u00f5es preliminares divulgadas pela WATV Web, [&hellip;]<\/p>\n","protected":false},"author":2,"featured_media":79626,"comment_status":"open","ping_status":"open","sticky":false,"template":"","format":"standard","meta":{"_acf_changed":false,"_monsterinsights_skip_tracking":false,"_monsterinsights_sitenote_active":false,"_monsterinsights_sitenote_note":"","_monsterinsights_sitenote_category":0,"_jetpack_memberships_contains_paid_content":false,"footnotes":"","jetpack_publicize_message":"","jetpack_publicize_feature_enabled":true,"jetpack_social_post_already_shared":true,"jetpack_social_options":{"image_generator_settings":{"template":"highway","default_image_id":0,"font":"","enabled":false},"version":2}},"categories":[15],"tags":[],"class_list":["post-86166","post","type-post","status-publish","format-standard","has-post-thumbnail","hentry","category-policia"],"acf":[],"jetpack_publicize_connections":[],"jetpack_featured_media_url":"https:\/\/i0.wp.com\/blogdoeloiltoncajuhy.com.br\/site\/wp-content\/uploads\/2024\/03\/Card-policia-PM-PC.jpeg?fit=681%2C450&ssl=1","jetpack_sharing_enabled":true,"publishpress_future_workflow_manual_trigger":{"enabledWorkflows":[]},"_links":{"self":[{"href":"https:\/\/blogdoeloiltoncajuhy.com.br\/site\/wp-json\/wp\/v2\/posts\/86166","targetHints":{"allow":["GET"]}}],"collection":[{"href":"https:\/\/blogdoeloiltoncajuhy.com.br\/site\/wp-json\/wp\/v2\/posts"}],"about":[{"href":"https:\/\/blogdoeloiltoncajuhy.com.br\/site\/wp-json\/wp\/v2\/types\/post"}],"author":[{"embeddable":true,"href":"https:\/\/blogdoeloiltoncajuhy.com.br\/site\/wp-json\/wp\/v2\/users\/2"}],"replies":[{"embeddable":true,"href":"https:\/\/blogdoeloiltoncajuhy.com.br\/site\/wp-json\/wp\/v2\/comments?post=86166"}],"version-history":[{"count":2,"href":"https:\/\/blogdoeloiltoncajuhy.com.br\/site\/wp-json\/wp\/v2\/posts\/86166\/revisions"}],"predecessor-version":[{"id":86175,"href":"https:\/\/blogdoeloiltoncajuhy.com.br\/site\/wp-json\/wp\/v2\/posts\/86166\/revisions\/86175"}],"wp:featuredmedia":[{"embeddable":true,"href":"https:\/\/blogdoeloiltoncajuhy.com.br\/site\/wp-json\/wp\/v2\/media\/79626"}],"wp:attachment":[{"href":"https:\/\/blogdoeloiltoncajuhy.com.br\/site\/wp-json\/wp\/v2\/media?parent=86166"}],"wp:term":[{"taxonomy":"category","embeddable":true,"href":"https:\/\/blogdoeloiltoncajuhy.com.br\/site\/wp-json\/wp\/v2\/categories?post=86166"},{"taxonomy":"post_tag","embeddable":true,"href":"https:\/\/blogdoeloiltoncajuhy.com.br\/site\/wp-json\/wp\/v2\/tags?post=86166"}],"curies":[{"name":"wp","href":"https:\/\/api.w.org\/{rel}","templated":true}]}}