{"id":86162,"date":"2025-02-28T16:55:07","date_gmt":"2025-02-28T19:55:07","guid":{"rendered":"https:\/\/blogdoeloiltoncajuhy.com.br\/site\/?p=86162"},"modified":"2025-02-28T16:55:09","modified_gmt":"2025-02-28T19:55:09","slug":"gritos-de-sem-anistia-marcam-passagem-da-baianasystem-no-carnaval-de-salvador","status":"publish","type":"post","link":"https:\/\/blogdoeloiltoncajuhy.com.br\/site\/gritos-de-sem-anistia-marcam-passagem-da-baianasystem-no-carnaval-de-salvador\/","title":{"rendered":"Gritos de &#8216;sem anistia&#8217; marcam passagem da BaianaSystem no Carnaval de Salvador"},"content":{"rendered":"\n<p class=\"has-medium-font-size\"><strong>Manifesta\u00e7\u00f5es aconteceram no Circuito Osmar, mesmo lugar onde aconteceu a cerim\u00f4nia que deu in\u00edcio \u00e0 folia momesca, comandada por Carlinhos Brown<\/strong><\/p>\n\n\n\n<p><strong>Por g1 BA<\/strong><\/p>\n\n\n\n<figure class=\"wp-block-image aligncenter size-full\"><a href=\"https:\/\/i0.wp.com\/blogdoeloiltoncajuhy.com.br\/site\/wp-content\/uploads\/2025\/02\/Carnava-de-Salvador-2025-%E2%80%94-Foto_Vinicius-Cunha-g1.jpeg?ssl=1\"><img data-recalc-dims=\"1\" fetchpriority=\"high\" decoding=\"async\" width=\"740\" height=\"555\" src=\"https:\/\/i0.wp.com\/blogdoeloiltoncajuhy.com.br\/site\/wp-content\/uploads\/2025\/02\/Carnava-de-Salvador-2025-%E2%80%94-Foto_Vinicius-Cunha-g1.jpeg?resize=740%2C555&#038;ssl=1\" alt=\"\" class=\"wp-image-86163\" srcset=\"https:\/\/i0.wp.com\/blogdoeloiltoncajuhy.com.br\/site\/wp-content\/uploads\/2025\/02\/Carnava-de-Salvador-2025-%E2%80%94-Foto_Vinicius-Cunha-g1.jpeg?w=740&amp;ssl=1 740w, https:\/\/i0.wp.com\/blogdoeloiltoncajuhy.com.br\/site\/wp-content\/uploads\/2025\/02\/Carnava-de-Salvador-2025-%E2%80%94-Foto_Vinicius-Cunha-g1.jpeg?resize=300%2C225&amp;ssl=1 300w\" sizes=\"(max-width: 740px) 100vw, 740px\" \/><\/a><figcaption class=\"wp-element-caption\"><sub>Navio Pirata do BaianaSystem no circuito Osmar (Campo Grande) \u2014 Foto: Vinicius Cunha\/g1<\/sub><\/figcaption><\/figure>\n\n\n\n<p>Manifesta\u00e7\u00f5es pol\u00edticas marcaram a passagem da banda BaianaSystem pelo Circuito Osmar, no Campo Grande, na quinta-feira (27), primeiro dia do carnaval de Salvador. Um grito de &#8220;sem anistia&#8221; foi entoado de cima do trio \u201cnavio pirata\u201d e, do ch\u00e3o, o p\u00fablico presente acompanhou e repetiu a frase.<\/p>\n\n\n\n<ul class=\"wp-block-list\">\n<li><a href=\"https:\/\/whatsapp.com\/channel\/0029VaAT7tDLI8Yfj5y9Z50Z\"><strong><mark style=\"background-color:rgba(0, 0, 0, 0)\" class=\"has-inline-color has-vivid-red-color\">Siga nosso canal no WhatsApp e veja mais not\u00edcias<\/mark><\/strong><\/a><\/li>\n<\/ul>\n\n\n\n<p><\/p>\n\n\n\n<p>As manifesta\u00e7\u00f5es contra anistia s\u00e3o uma resposta aos pedidos de grupos bolsonaristas que querem que os condenados pelos ataques \u00e0 Pra\u00e7a dos Tr\u00eas Poderes, em Bras\u00edlia, em 8 de janeiro de 2023, sejam anistiados.<\/p>\n\n\n\n<p>Os protestos tamb\u00e9m inclu\u00edram xingamentos direcionados ao ex-presidente da Rep\u00fablica Jair Bolsonaro.<\/p>\n\n\n\n<p>No \u00faltimo dia 18, Bolsonaro e outras 33 pessoas foram denunciadas pela Procuradoria Geral da Rep\u00fablica por tentativa de golpe de Estado em 2022.<\/p>\n\n\n\n<figure class=\"wp-block-image aligncenter size-full\"><a href=\"https:\/\/i0.wp.com\/blogdoeloiltoncajuhy.com.br\/site\/wp-content\/uploads\/2025\/02\/Carnaval-de-Salvador-2025-02-%E2%80%94-Foto_Sergio-Pedreira-Ag.-Picnews.jpeg?ssl=1\"><img data-recalc-dims=\"1\" decoding=\"async\" width=\"740\" height=\"493\" src=\"https:\/\/i0.wp.com\/blogdoeloiltoncajuhy.com.br\/site\/wp-content\/uploads\/2025\/02\/Carnaval-de-Salvador-2025-02-%E2%80%94-Foto_Sergio-Pedreira-Ag.-Picnews.jpeg?resize=740%2C493&#038;ssl=1\" alt=\"\" class=\"wp-image-86164\" srcset=\"https:\/\/i0.wp.com\/blogdoeloiltoncajuhy.com.br\/site\/wp-content\/uploads\/2025\/02\/Carnaval-de-Salvador-2025-02-%E2%80%94-Foto_Sergio-Pedreira-Ag.-Picnews.jpeg?w=740&amp;ssl=1 740w, https:\/\/i0.wp.com\/blogdoeloiltoncajuhy.com.br\/site\/wp-content\/uploads\/2025\/02\/Carnaval-de-Salvador-2025-02-%E2%80%94-Foto_Sergio-Pedreira-Ag.-Picnews.jpeg?resize=300%2C200&amp;ssl=1 300w\" sizes=\"(max-width: 740px) 100vw, 740px\" \/><\/a><figcaption class=\"wp-element-caption\"><sub>Multid\u00e3o acompanha desfile da BaianaSystem em Salvador \u2014 Foto: S\u00e9rgio Pedreira \/ Ag. Picnews<\/sub><\/figcaption><\/figure>\n\n\n\n<p>BaianaSystem deu in\u00edcio \u00e0 participa\u00e7\u00e3o no carnaval de Salvador com grandes convidadas. Parceiras da banda na m\u00fasica &#8220;Balacobaco&#8221;, as cantoras Anitta e Alice Carvalho acompanharam o desfile de cima do trio el\u00e9trico.<\/p>\n\n\n\n<p>A apresenta\u00e7\u00e3o aconteceu no Circuito Osmar, mesmo lugar onde aconteceu a cerim\u00f4nia que deu in\u00edcio \u00e0 folia momesca, comandada por Carlinhos Brown.<\/p>\n\n\n\n<p>Nas redes sociais, Anitta compartilhou registros do encontro. Primeiro, Anitta posou com BaianaSystem, e, depois, surgiu ao lado de Alice.<\/p>\n\n\n\n<p>Entre os f\u00e3s que lotaram a pipoca da BaianaSystem, estava a top model Mari Fonseca, acompanhada do namorado Drew Taggart, l\u00edder do The Chaismokers, e de amigos.<\/p>\n","protected":false},"excerpt":{"rendered":"<p>Manifesta\u00e7\u00f5es aconteceram no Circuito Osmar, mesmo lugar onde aconteceu a cerim\u00f4nia que deu in\u00edcio \u00e0 folia momesca, comandada por Carlinhos Brown Por g1 BA Manifesta\u00e7\u00f5es pol\u00edticas marcaram a passagem da banda BaianaSystem pelo Circuito Osmar, no Campo Grande, na quinta-feira (27), primeiro dia do carnaval de Salvador. Um grito de &#8220;sem anistia&#8221; foi entoado de [&hellip;]<\/p>\n","protected":false},"author":2,"featured_media":86164,"comment_status":"open","ping_status":"open","sticky":false,"template":"","format":"standard","meta":{"_acf_changed":false,"_monsterinsights_skip_tracking":false,"_monsterinsights_sitenote_active":false,"_monsterinsights_sitenote_note":"","_monsterinsights_sitenote_category":0,"_jetpack_memberships_contains_paid_content":false,"footnotes":"","jetpack_publicize_message":"","jetpack_publicize_feature_enabled":true,"jetpack_social_post_already_shared":true,"jetpack_social_options":{"image_generator_settings":{"template":"highway","default_image_id":0,"font":"","enabled":false},"version":2}},"categories":[8],"tags":[],"class_list":["post-86162","post","type-post","status-publish","format-standard","has-post-thumbnail","hentry","category-cultura"],"acf":[],"jetpack_publicize_connections":[],"jetpack_featured_media_url":"https:\/\/i0.wp.com\/blogdoeloiltoncajuhy.com.br\/site\/wp-content\/uploads\/2025\/02\/Carnaval-de-Salvador-2025-02-%E2%80%94-Foto_Sergio-Pedreira-Ag.-Picnews.jpeg?fit=740%2C493&ssl=1","jetpack_sharing_enabled":true,"publishpress_future_workflow_manual_trigger":{"enabledWorkflows":[]},"_links":{"self":[{"href":"https:\/\/blogdoeloiltoncajuhy.com.br\/site\/wp-json\/wp\/v2\/posts\/86162","targetHints":{"allow":["GET"]}}],"collection":[{"href":"https:\/\/blogdoeloiltoncajuhy.com.br\/site\/wp-json\/wp\/v2\/posts"}],"about":[{"href":"https:\/\/blogdoeloiltoncajuhy.com.br\/site\/wp-json\/wp\/v2\/types\/post"}],"author":[{"embeddable":true,"href":"https:\/\/blogdoeloiltoncajuhy.com.br\/site\/wp-json\/wp\/v2\/users\/2"}],"replies":[{"embeddable":true,"href":"https:\/\/blogdoeloiltoncajuhy.com.br\/site\/wp-json\/wp\/v2\/comments?post=86162"}],"version-history":[{"count":1,"href":"https:\/\/blogdoeloiltoncajuhy.com.br\/site\/wp-json\/wp\/v2\/posts\/86162\/revisions"}],"predecessor-version":[{"id":86165,"href":"https:\/\/blogdoeloiltoncajuhy.com.br\/site\/wp-json\/wp\/v2\/posts\/86162\/revisions\/86165"}],"wp:featuredmedia":[{"embeddable":true,"href":"https:\/\/blogdoeloiltoncajuhy.com.br\/site\/wp-json\/wp\/v2\/media\/86164"}],"wp:attachment":[{"href":"https:\/\/blogdoeloiltoncajuhy.com.br\/site\/wp-json\/wp\/v2\/media?parent=86162"}],"wp:term":[{"taxonomy":"category","embeddable":true,"href":"https:\/\/blogdoeloiltoncajuhy.com.br\/site\/wp-json\/wp\/v2\/categories?post=86162"},{"taxonomy":"post_tag","embeddable":true,"href":"https:\/\/blogdoeloiltoncajuhy.com.br\/site\/wp-json\/wp\/v2\/tags?post=86162"}],"curies":[{"name":"wp","href":"https:\/\/api.w.org\/{rel}","templated":true}]}}