{"id":86158,"date":"2025-02-28T16:19:04","date_gmt":"2025-02-28T19:19:04","guid":{"rendered":"https:\/\/blogdoeloiltoncajuhy.com.br\/site\/?p=86158"},"modified":"2025-02-28T16:26:04","modified_gmt":"2025-02-28T19:26:04","slug":"bahia-volta-a-inspirar-escolas-de-samba-do-rio-de-janeiro-no-carnaval-2025","status":"publish","type":"post","link":"https:\/\/blogdoeloiltoncajuhy.com.br\/site\/bahia-volta-a-inspirar-escolas-de-samba-do-rio-de-janeiro-no-carnaval-2025\/","title":{"rendered":"Bahia volta a inspirar escolas de samba do Rio de Janeiro no Carnaval 2025"},"content":{"rendered":"\n<p class=\"has-medium-font-size\"><strong>Desfiles das escolas Em Cima da Hora, Unidos de Padre Miguel e Para\u00edso do Tuiuti ter\u00e3o personagens e manifesta\u00e7\u00f5es culturais baianas como tema<\/strong><\/p>\n\n\n\n<p><strong>Por g1 BA<\/strong><\/p>\n\n\n\n<figure class=\"wp-block-image aligncenter size-full\"><a href=\"https:\/\/i0.wp.com\/blogdoeloiltoncajuhy.com.br\/site\/wp-content\/uploads\/2025\/02\/Marques-de-Sapucai-Carnaval-2024-%E2%80%94-Foto_Leo-Queiroz.jpeg?ssl=1\"><img data-recalc-dims=\"1\" fetchpriority=\"high\" decoding=\"async\" width=\"740\" height=\"493\" src=\"https:\/\/i0.wp.com\/blogdoeloiltoncajuhy.com.br\/site\/wp-content\/uploads\/2025\/02\/Marques-de-Sapucai-Carnaval-2024-%E2%80%94-Foto_Leo-Queiroz.jpeg?resize=740%2C493&#038;ssl=1\" alt=\"\" class=\"wp-image-86159\" srcset=\"https:\/\/i0.wp.com\/blogdoeloiltoncajuhy.com.br\/site\/wp-content\/uploads\/2025\/02\/Marques-de-Sapucai-Carnaval-2024-%E2%80%94-Foto_Leo-Queiroz.jpeg?w=740&amp;ssl=1 740w, https:\/\/i0.wp.com\/blogdoeloiltoncajuhy.com.br\/site\/wp-content\/uploads\/2025\/02\/Marques-de-Sapucai-Carnaval-2024-%E2%80%94-Foto_Leo-Queiroz.jpeg?resize=300%2C200&amp;ssl=1 300w\" sizes=\"(max-width: 740px) 100vw, 740px\" \/><\/a><figcaption class=\"wp-element-caption\"><sub>Marqu\u00eas de Sapuca\u00ed &#8211; Carnaval 2024 \u2014 Foto: Leo Queiroz<\/sub><\/figcaption><\/figure>\n\n\n\n<ul class=\"wp-block-list\">\n<li><a href=\"https:\/\/whatsapp.com\/channel\/0029VaAT7tDLI8Yfj5y9Z50Z\"><strong><mark style=\"background-color:rgba(0, 0, 0, 0)\" class=\"has-inline-color has-vivid-red-color\">Siga nosso canal no WhatsApp e veja mais not\u00edcias<\/mark><\/strong><\/a><\/li>\n<\/ul>\n\n\n\n<p><\/p>\n\n\n\n<p>Personalidades baianas e a cultura do estado voltar\u00e3o a ser tema de samba-enredo no Carnaval do Rio de Janeiro em 2025. Neste ano, tr\u00eas escolas de samba v\u00e3o retratar hist\u00f3rias cuja inspira\u00e7\u00e3o ou origem passa pela Bahia.<\/p>\n\n\n\n<p>Para citar exemplos recentes: Em 2016, a Esta\u00e7\u00e3o Primeira de Mangueira foi campe\u00e3 da festa carioca com um desfile sobre Maria Beth\u00e2nia. Em 2017, a Grande Rio homenageou Ivete Sangalo. Em 2023, a Beija-flor destacou a Independ\u00eancia do Brasil na Bahia.<\/p>\n\n\n\n<p>Desta vez, as refer\u00eancias vir\u00e3o das escolas Em Cima da Hora, Unidos de Padre Miguel e Para\u00edso do Tuiuti.<\/p>\n\n\n\n<ul class=\"wp-block-list\">\n<li>A escola <strong><mark style=\"background-color:rgba(0, 0, 0, 0)\" class=\"has-inline-color has-black-color\">&#8216;Em Cima da Hora&#8217;<\/mark><\/strong> vai desfilar o enredo &#8220;\u00d3pera dos Terreiros &#8211; O Canto do Encanto da Alma Brasileira&#8221;, inspirada obra de Jorge Portugal e Aldo Brizzi.<\/li>\n<\/ul>\n\n\n\n<ul class=\"wp-block-list\">\n<li>A escola <strong>&#8216;<mark style=\"background-color:rgba(0, 0, 0, 0)\" class=\"has-inline-color has-black-color\">Unidos de Padre Miguel<\/mark>&#8216;<\/strong> vai homenagear os 200 anos da Casa Branca do Engenho Velho, o primeiro terreiro de candombl\u00e9 do Brasil.<\/li>\n<\/ul>\n\n\n\n<ul class=\"wp-block-list\">\n<li>A escola <strong><mark style=\"background-color:rgba(0, 0, 0, 0)\" class=\"has-inline-color has-black-color\">&#8216;Para\u00edso do Tuiuti&#8217;<\/mark><\/strong> vai apresentar a hist\u00f3ria de Xica Manicongo, a primeira mulher trans a ser documentada no Brasil. Ela viveu na Bahia<\/li>\n<\/ul>\n","protected":false},"excerpt":{"rendered":"<p>Desfiles das escolas Em Cima da Hora, Unidos de Padre Miguel e Para\u00edso do Tuiuti ter\u00e3o personagens e manifesta\u00e7\u00f5es culturais baianas como tema Por g1 BA Personalidades baianas e a cultura do estado voltar\u00e3o a ser tema de samba-enredo no Carnaval do Rio de Janeiro em 2025. Neste ano, tr\u00eas escolas de samba v\u00e3o retratar [&hellip;]<\/p>\n","protected":false},"author":2,"featured_media":86159,"comment_status":"open","ping_status":"open","sticky":false,"template":"","format":"standard","meta":{"_acf_changed":false,"_monsterinsights_skip_tracking":false,"_monsterinsights_sitenote_active":false,"_monsterinsights_sitenote_note":"","_monsterinsights_sitenote_category":0,"_jetpack_memberships_contains_paid_content":false,"footnotes":"","jetpack_publicize_message":"","jetpack_publicize_feature_enabled":true,"jetpack_social_post_already_shared":true,"jetpack_social_options":{"image_generator_settings":{"template":"highway","default_image_id":0,"font":"","enabled":false},"version":2}},"categories":[8],"tags":[],"class_list":["post-86158","post","type-post","status-publish","format-standard","has-post-thumbnail","hentry","category-cultura"],"acf":[],"jetpack_publicize_connections":[],"jetpack_featured_media_url":"https:\/\/i0.wp.com\/blogdoeloiltoncajuhy.com.br\/site\/wp-content\/uploads\/2025\/02\/Marques-de-Sapucai-Carnaval-2024-%E2%80%94-Foto_Leo-Queiroz.jpeg?fit=740%2C493&ssl=1","jetpack_sharing_enabled":true,"publishpress_future_workflow_manual_trigger":{"enabledWorkflows":[]},"_links":{"self":[{"href":"https:\/\/blogdoeloiltoncajuhy.com.br\/site\/wp-json\/wp\/v2\/posts\/86158","targetHints":{"allow":["GET"]}}],"collection":[{"href":"https:\/\/blogdoeloiltoncajuhy.com.br\/site\/wp-json\/wp\/v2\/posts"}],"about":[{"href":"https:\/\/blogdoeloiltoncajuhy.com.br\/site\/wp-json\/wp\/v2\/types\/post"}],"author":[{"embeddable":true,"href":"https:\/\/blogdoeloiltoncajuhy.com.br\/site\/wp-json\/wp\/v2\/users\/2"}],"replies":[{"embeddable":true,"href":"https:\/\/blogdoeloiltoncajuhy.com.br\/site\/wp-json\/wp\/v2\/comments?post=86158"}],"version-history":[{"count":2,"href":"https:\/\/blogdoeloiltoncajuhy.com.br\/site\/wp-json\/wp\/v2\/posts\/86158\/revisions"}],"predecessor-version":[{"id":86161,"href":"https:\/\/blogdoeloiltoncajuhy.com.br\/site\/wp-json\/wp\/v2\/posts\/86158\/revisions\/86161"}],"wp:featuredmedia":[{"embeddable":true,"href":"https:\/\/blogdoeloiltoncajuhy.com.br\/site\/wp-json\/wp\/v2\/media\/86159"}],"wp:attachment":[{"href":"https:\/\/blogdoeloiltoncajuhy.com.br\/site\/wp-json\/wp\/v2\/media?parent=86158"}],"wp:term":[{"taxonomy":"category","embeddable":true,"href":"https:\/\/blogdoeloiltoncajuhy.com.br\/site\/wp-json\/wp\/v2\/categories?post=86158"},{"taxonomy":"post_tag","embeddable":true,"href":"https:\/\/blogdoeloiltoncajuhy.com.br\/site\/wp-json\/wp\/v2\/tags?post=86158"}],"curies":[{"name":"wp","href":"https:\/\/api.w.org\/{rel}","templated":true}]}}