{"id":86153,"date":"2025-02-28T09:12:05","date_gmt":"2025-02-28T12:12:05","guid":{"rendered":"https:\/\/blogdoeloiltoncajuhy.com.br\/site\/?p=86153"},"modified":"2025-02-28T09:12:06","modified_gmt":"2025-02-28T12:12:06","slug":"como-surgiu-o-carnaval-e-por-que-ele-ficou-tao-popular-no-brasil","status":"publish","type":"post","link":"https:\/\/blogdoeloiltoncajuhy.com.br\/site\/como-surgiu-o-carnaval-e-por-que-ele-ficou-tao-popular-no-brasil\/","title":{"rendered":"Como surgiu o Carnaval e por que ele ficou t\u00e3o popular no Brasil?"},"content":{"rendered":"\n<p><strong>Por Folha de S.Paulo<\/strong><\/p>\n\n\n\n<figure class=\"wp-block-image aligncenter size-full\"><a href=\"https:\/\/i0.wp.com\/blogdoeloiltoncajuhy.com.br\/site\/wp-content\/uploads\/2025\/02\/Carnaval_Sao-Paulo_Foto-Gabriel-Cabral-Folhapress.jpg?ssl=1\"><img data-recalc-dims=\"1\" fetchpriority=\"high\" decoding=\"async\" width=\"740\" height=\"493\" src=\"https:\/\/i0.wp.com\/blogdoeloiltoncajuhy.com.br\/site\/wp-content\/uploads\/2025\/02\/Carnaval_Sao-Paulo_Foto-Gabriel-Cabral-Folhapress.jpg?resize=740%2C493&#038;ssl=1\" alt=\"\" class=\"wp-image-86154\" srcset=\"https:\/\/i0.wp.com\/blogdoeloiltoncajuhy.com.br\/site\/wp-content\/uploads\/2025\/02\/Carnaval_Sao-Paulo_Foto-Gabriel-Cabral-Folhapress.jpg?w=740&amp;ssl=1 740w, https:\/\/i0.wp.com\/blogdoeloiltoncajuhy.com.br\/site\/wp-content\/uploads\/2025\/02\/Carnaval_Sao-Paulo_Foto-Gabriel-Cabral-Folhapress.jpg?resize=300%2C200&amp;ssl=1 300w\" sizes=\"(max-width: 740px) 100vw, 740px\" \/><\/a><figcaption class=\"wp-element-caption\"><sub>Bloco Infantil Folia de Bonequins, que aconteceu na Rua Madre Cabrini, na Vila Mariana, S\u00e3o Pulo, em 2020 &#8211; Foto: Gabriel Cabral\/Folhapress<\/sub><\/figcaption><\/figure>\n\n\n\n<p>Carnaval chegou e voc\u00ea j\u00e1 est\u00e1 de fantasia e com confete na m\u00e3o. Mas sabia que ele n\u00e3o foi sempre assim? N\u00e3o se sabe bem quando a festa surgiu, mas acredita-se que suas origens s\u00e3o da Idade Antiga ou da Idade M\u00e9dia \u2014 ou seja, muito tempo atr\u00e1s, quando nem havia esse nome ainda.<\/p>\n\n\n\n<p>E, apesar de abrigar um dos maiores carnavais do mundo \u2014 o da Marqu\u00eas da Sapuca\u00ed, no Rio de Janeiro \u2014, o Brasil n\u00e3o foi o criador dele. Neste ponto, tamb\u00e9m faltam dados. H\u00e1 registros que remontam \u00e0 festa na Babil\u00f4nia, civiliza\u00e7\u00e3o que se desenvolveu onde hoje \u00e9 o Iraque, mas \u00e9 tudo muito incerto.<\/p>\n\n\n\n<ul class=\"wp-block-list\">\n<li><a href=\"https:\/\/whatsapp.com\/channel\/0029VaAT7tDLI8Yfj5y9Z50Z\"><strong><mark style=\"background-color:rgba(0, 0, 0, 0)\" class=\"has-inline-color has-vivid-red-color\">Siga nosso canal no WhatsApp e veja mais not\u00edcias<\/mark><\/strong><\/a><\/li>\n<\/ul>\n\n\n\n<p><\/p>\n\n\n\n<p>Sabe-se que a festa era um ritual pag\u00e3o, isto \u00e9, de uma tradi\u00e7\u00e3o que cultuava v\u00e1rios deuses, e saudava a fertilidade na agricultura, ou seja, uma boa colheita. Por isso, ele acontece pr\u00f3ximo ao fim do inverno e in\u00edcio da primavera no hemisf\u00e9rio Norte \u2014 que, no Sul (onde o Brasil est\u00e1), corresponde ao fim do ver\u00e3o e in\u00edcio do outono.<\/p>\n\n\n\n<p>Por aqui, ele chegou com os colonizadores portugueses e, \u00e9 claro, seguindo o modelo da festa na Europa. &#8220;O Carnaval entrou no calend\u00e1rio gregoriano [o que usamos] pela Igreja Cat\u00f3lica, que se apossou da festa&#8221;, afirma Jos\u00e9 Maur\u00edcio Conrado, professor e pesquisador de cultura e linguagens da Universidade Presbiteriana Mackenzie, de S\u00e3o Paulo.<\/p>\n\n\n\n<p>Tanto \u00e9 que um dia depois do fim do Carnaval, na Quarta-feira de Cinzas, come\u00e7a a Quaresma, que \u00e9 quando crist\u00e3os costumam fazer algum sacrif\u00edcio durante 40 dias.<\/p>\n\n\n\n<p>Isso remete ao per\u00edodo em que Jesus Cristo vagou pelo deserto at\u00e9 ser crucificado e ressuscitar. &#8220;\u00c9 quase como se a Igreja tivesse incorporado o Carnaval, permitindo que as pessoas se divertissem, exagerassem, mas, depois, deveriam se sacrificar&#8221;, diz Conrado.<\/p>\n\n\n\n<figure class=\"wp-block-image aligncenter size-full\"><a href=\"https:\/\/i0.wp.com\/blogdoeloiltoncajuhy.com.br\/site\/wp-content\/uploads\/2025\/02\/Carnaval-da-Bahia_Bloco-Beleza-Rara-Banda-Eva_Foto-Rafaela-Araujo-Folhapress.png?ssl=1\"><img data-recalc-dims=\"1\" decoding=\"async\" width=\"780\" height=\"519\" src=\"https:\/\/i0.wp.com\/blogdoeloiltoncajuhy.com.br\/site\/wp-content\/uploads\/2025\/02\/Carnaval-da-Bahia_Bloco-Beleza-Rara-Banda-Eva_Foto-Rafaela-Araujo-Folhapress.png?resize=780%2C519&#038;ssl=1\" alt=\"\" class=\"wp-image-86155\" srcset=\"https:\/\/i0.wp.com\/blogdoeloiltoncajuhy.com.br\/site\/wp-content\/uploads\/2025\/02\/Carnaval-da-Bahia_Bloco-Beleza-Rara-Banda-Eva_Foto-Rafaela-Araujo-Folhapress.png?w=780&amp;ssl=1 780w, https:\/\/i0.wp.com\/blogdoeloiltoncajuhy.com.br\/site\/wp-content\/uploads\/2025\/02\/Carnaval-da-Bahia_Bloco-Beleza-Rara-Banda-Eva_Foto-Rafaela-Araujo-Folhapress.png?resize=300%2C200&amp;ssl=1 300w, https:\/\/i0.wp.com\/blogdoeloiltoncajuhy.com.br\/site\/wp-content\/uploads\/2025\/02\/Carnaval-da-Bahia_Bloco-Beleza-Rara-Banda-Eva_Foto-Rafaela-Araujo-Folhapress.png?resize=768%2C511&amp;ssl=1 768w\" sizes=\"(max-width: 780px) 100vw, 780px\" \/><\/a><figcaption class=\"wp-element-caption\"><sub>Carnaval da Bahia &#8211; Bloco Beleza Rara\/Banda Eva &#8211; Foto: Rafaela Ara\u00fajo\/Folhapress<\/sub><\/figcaption><\/figure>\n\n\n\n<h4 class=\"wp-block-heading\"><strong><mark style=\"background-color:rgba(0, 0, 0, 0)\" class=\"has-inline-color has-black-color\">Entrudo<\/mark><\/strong><\/h4>\n\n\n\n<p>&#8220;Quando os portugueses trouxeram a festa para o Brasil, ela se chamava Entrudo&#8221;, diz o especialista em Carnaval. A palavra se refere \u00e0 festa realizada em Portugal em que as pessoas jogavam baldes de \u00e1gua, ovos e outros ingredientes nas outras nos tr\u00eas dias que antecedem a Quaresma. Por l\u00e1, ali\u00e1s, ainda se realiza o Entrudo.<\/p>\n\n\n\n<p>Segundo o especialista em Carnaval, ele era uma tradi\u00e7\u00e3o &#8220;um pouco grotesca&#8221;, que passou por uma transforma\u00e7\u00e3o em terras brasileiras. &#8220;A corte come\u00e7ou a olhar para o que ocorria em locais como Veneza, na It\u00e1lia, e na Fran\u00e7a, com as m\u00e1scaras e alegorias, uma vers\u00e3o mais civilizada&#8221;, conta Conrado.<\/p>\n\n\n\n<p>Assim, continua o especialista, o Carnaval foi se tornando elitista, das pessoas mais ricas, mas diversas comemora\u00e7\u00f5es tamb\u00e9m ocorriam em grupos \u00e0 margem da sociedade, muito influenciadas pelos africanos escravizados.<\/p>\n\n\n\n<p>O samba foi surgindo e entrando na festa e, j\u00e1 mais perto da nossa \u00e9poca, em 1932, no Rio de Janeiro, foi realizado o primeiro desfile oficial de escolas de samba \u2014 embri\u00e3o do que hoje vemos na avenida, transmitido na TV.<\/p>\n\n\n\n<p>Reinaldo Bruno Alves, bibliotec\u00e1rio do Museu de Arte Moderna do Rio de Janeiro e especialista em Carnaval, destaca a import\u00e2ncia dos escravizados no desenvolvimento do Carnaval que conhecemos hoje, com samba e dan\u00e7a. &#8220;Mas foi s\u00f3 mais tarde, por volta dos anos 1970, que as escolas passaram a falar de orix\u00e1s, divindades de religi\u00f5es africanas e brasileiras&#8221;, diz.<\/p>\n\n\n\n<h4 class=\"wp-block-heading\"><strong><mark style=\"background-color:rgba(0, 0, 0, 0)\" class=\"has-inline-color has-black-color\">Blocos e matin\u00eas<\/mark><\/strong><\/h4>\n\n\n\n<p>Al\u00e9m dos desfiles das escolas de samba, s\u00e3o tradicionais tamb\u00e9m por aqui os blocos e os bailes de clubes e casas de show \u2014 que costumam ser chamados de bloquinhos e matin\u00eas, respectivamente, na vers\u00e3o infantil.<\/p>\n\n\n\n<p>Nos blocos, um grupo de m\u00fasicos tocando marchinhas e outras m\u00fasicas t\u00edpicas da festa comanda os foli\u00f5es, que v\u00e3o na frente, atr\u00e1s e ao lado pulando e dan\u00e7ando. Eles podem ser parados, sem sair do lugar, ou circular pelos bairros.<\/p>\n\n\n\n<figure class=\"wp-block-image aligncenter size-full\"><a href=\"https:\/\/i0.wp.com\/blogdoeloiltoncajuhy.com.br\/site\/wp-content\/uploads\/2025\/02\/Carnaval-Carioca-Foto_Marco-Terranova-Riotur.jpg?ssl=1\"><img data-recalc-dims=\"1\" decoding=\"async\" width=\"750\" height=\"500\" src=\"https:\/\/i0.wp.com\/blogdoeloiltoncajuhy.com.br\/site\/wp-content\/uploads\/2025\/02\/Carnaval-Carioca-Foto_Marco-Terranova-Riotur.jpg?resize=750%2C500&#038;ssl=1\" alt=\"\" class=\"wp-image-86156\" srcset=\"https:\/\/i0.wp.com\/blogdoeloiltoncajuhy.com.br\/site\/wp-content\/uploads\/2025\/02\/Carnaval-Carioca-Foto_Marco-Terranova-Riotur.jpg?w=750&amp;ssl=1 750w, https:\/\/i0.wp.com\/blogdoeloiltoncajuhy.com.br\/site\/wp-content\/uploads\/2025\/02\/Carnaval-Carioca-Foto_Marco-Terranova-Riotur.jpg?resize=300%2C200&amp;ssl=1 300w\" sizes=\"(max-width: 750px) 100vw, 750px\" \/><\/a><figcaption class=\"wp-element-caption\"><sub>Desfile da Imperatriz Leopoldinense durante amanhecer do carnaval de 2024, na Marqu\u00eas de Sapuca\u00ed, no Rio &#8211; Foto: Marco Terranova\/Riotur<\/sub><\/figcaption><\/figure>\n","protected":false},"excerpt":{"rendered":"<p>Por Folha de S.Paulo Carnaval chegou e voc\u00ea j\u00e1 est\u00e1 de fantasia e com confete na m\u00e3o. Mas sabia que ele n\u00e3o foi sempre assim? N\u00e3o se sabe bem quando a festa surgiu, mas acredita-se que suas origens s\u00e3o da Idade Antiga ou da Idade M\u00e9dia \u2014 ou seja, muito tempo atr\u00e1s, quando nem havia [&hellip;]<\/p>\n","protected":false},"author":2,"featured_media":86155,"comment_status":"open","ping_status":"open","sticky":false,"template":"","format":"standard","meta":{"_acf_changed":false,"_monsterinsights_skip_tracking":false,"_monsterinsights_sitenote_active":false,"_monsterinsights_sitenote_note":"","_monsterinsights_sitenote_category":0,"_jetpack_memberships_contains_paid_content":false,"footnotes":"","jetpack_publicize_message":"","jetpack_publicize_feature_enabled":true,"jetpack_social_post_already_shared":true,"jetpack_social_options":{"image_generator_settings":{"template":"highway","default_image_id":0,"font":"","enabled":false},"version":2}},"categories":[8],"tags":[],"class_list":["post-86153","post","type-post","status-publish","format-standard","has-post-thumbnail","hentry","category-cultura"],"acf":[],"jetpack_publicize_connections":[],"jetpack_featured_media_url":"https:\/\/i0.wp.com\/blogdoeloiltoncajuhy.com.br\/site\/wp-content\/uploads\/2025\/02\/Carnaval-da-Bahia_Bloco-Beleza-Rara-Banda-Eva_Foto-Rafaela-Araujo-Folhapress.png?fit=780%2C519&ssl=1","jetpack_sharing_enabled":true,"publishpress_future_workflow_manual_trigger":{"enabledWorkflows":[]},"_links":{"self":[{"href":"https:\/\/blogdoeloiltoncajuhy.com.br\/site\/wp-json\/wp\/v2\/posts\/86153","targetHints":{"allow":["GET"]}}],"collection":[{"href":"https:\/\/blogdoeloiltoncajuhy.com.br\/site\/wp-json\/wp\/v2\/posts"}],"about":[{"href":"https:\/\/blogdoeloiltoncajuhy.com.br\/site\/wp-json\/wp\/v2\/types\/post"}],"author":[{"embeddable":true,"href":"https:\/\/blogdoeloiltoncajuhy.com.br\/site\/wp-json\/wp\/v2\/users\/2"}],"replies":[{"embeddable":true,"href":"https:\/\/blogdoeloiltoncajuhy.com.br\/site\/wp-json\/wp\/v2\/comments?post=86153"}],"version-history":[{"count":1,"href":"https:\/\/blogdoeloiltoncajuhy.com.br\/site\/wp-json\/wp\/v2\/posts\/86153\/revisions"}],"predecessor-version":[{"id":86157,"href":"https:\/\/blogdoeloiltoncajuhy.com.br\/site\/wp-json\/wp\/v2\/posts\/86153\/revisions\/86157"}],"wp:featuredmedia":[{"embeddable":true,"href":"https:\/\/blogdoeloiltoncajuhy.com.br\/site\/wp-json\/wp\/v2\/media\/86155"}],"wp:attachment":[{"href":"https:\/\/blogdoeloiltoncajuhy.com.br\/site\/wp-json\/wp\/v2\/media?parent=86153"}],"wp:term":[{"taxonomy":"category","embeddable":true,"href":"https:\/\/blogdoeloiltoncajuhy.com.br\/site\/wp-json\/wp\/v2\/categories?post=86153"},{"taxonomy":"post_tag","embeddable":true,"href":"https:\/\/blogdoeloiltoncajuhy.com.br\/site\/wp-json\/wp\/v2\/tags?post=86153"}],"curies":[{"name":"wp","href":"https:\/\/api.w.org\/{rel}","templated":true}]}}