{"id":86148,"date":"2025-02-28T08:28:53","date_gmt":"2025-02-28T11:28:53","guid":{"rendered":"https:\/\/blogdoeloiltoncajuhy.com.br\/site\/?p=86148"},"modified":"2025-02-28T08:30:27","modified_gmt":"2025-02-28T11:30:27","slug":"professores-rejeitam-proposta-de-reajuste-salarial-oferecida-pela-prefeitura-de-bonfim","status":"publish","type":"post","link":"https:\/\/blogdoeloiltoncajuhy.com.br\/site\/professores-rejeitam-proposta-de-reajuste-salarial-oferecida-pela-prefeitura-de-bonfim\/","title":{"rendered":"Professores rejeitam proposta de reajuste salarial oferecida pela prefeitura de Bonfim"},"content":{"rendered":"\n<p class=\"has-medium-font-size\"><strong>Diretoria do sindicato que representa a categoria emitiu nota sobre o assunto<\/strong><\/p>\n\n\n\n<p><strong>Por Blog do Eloilton Cajuhy &#8211; BEC<\/strong><\/p>\n\n\n\n<figure class=\"wp-block-image aligncenter size-full\"><a href=\"https:\/\/i0.wp.com\/blogdoeloiltoncajuhy.com.br\/site\/wp-content\/uploads\/2023\/08\/Professor_sala-de-aula_Foto-Amanda-Chung-SECBA.jpeg\"><img data-recalc-dims=\"1\" fetchpriority=\"high\" decoding=\"async\" width=\"768\" height=\"512\" src=\"https:\/\/i0.wp.com\/blogdoeloiltoncajuhy.com.br\/site\/wp-content\/uploads\/2023\/08\/Professor_sala-de-aula_Foto-Amanda-Chung-SECBA.jpeg?resize=768%2C512\" alt=\"\" class=\"wp-image-76076\" srcset=\"https:\/\/i0.wp.com\/blogdoeloiltoncajuhy.com.br\/site\/wp-content\/uploads\/2023\/08\/Professor_sala-de-aula_Foto-Amanda-Chung-SECBA.jpeg?w=768&amp;ssl=1 768w, https:\/\/i0.wp.com\/blogdoeloiltoncajuhy.com.br\/site\/wp-content\/uploads\/2023\/08\/Professor_sala-de-aula_Foto-Amanda-Chung-SECBA.jpeg?resize=300%2C200&amp;ssl=1 300w\" sizes=\"(max-width: 768px) 100vw, 768px\" \/><\/a><figcaption class=\"wp-element-caption\"><sub>Foto: Amanda Chung\/SEC-BA<\/sub><\/figcaption><\/figure>\n\n\n\n<p>O Sindicato dos Trabalhadores na Educa\u00e7\u00e3o do Munic\u00edpio de Senhor do Bonfim (Sintesb) emitiu uma nota nesta quinta-feira (27), para informar a todos os associados que a contraposta de reajuste salarial de 6,27%, apresentada pelo prefeito La\u00e9rcio J\u00fanior, em reuni\u00e3o com os sindicatos, foi rejeitada por unanimidade pelos membros da entidade, na assembleia geral ocorrida na tarde do dia anterior.<\/p>\n\n\n\n<p>Ainda de acordo com o sindicato, &#8220;o p\u00fablico presente na assembleia decidiu por continuar discutindo uma proposta melhor para a categoria, visto que temos um d\u00e9ficit de cerca de 33% em rela\u00e7\u00e3o ao piso salarial nacional do magist\u00e9rio p\u00fablico&#8221;, afirmou na nota.<\/p>\n\n\n\n<ul class=\"wp-block-list\">\n<li><a href=\"https:\/\/whatsapp.com\/channel\/0029VaAT7tDLI8Yfj5y9Z50Z\"><strong><mark style=\"background-color:rgba(0, 0, 0, 0)\" class=\"has-inline-color has-vivid-red-color\">Siga nosso canal no WhatsApp e veja mais not\u00edcias<\/mark><\/strong><\/a><\/li>\n<\/ul>\n\n\n\n<p><\/p>\n\n\n\n<p>Al\u00e9m da melhora do percentual de reajuste salarial, continua o Sintesb, &#8220;os professores tamb\u00e9m decidiram condicionar esta pauta \u00e0 garantia da efetiva\u00e7\u00e3o do enquadramento e do direito \u00e0 atividade complementar (AC) para os profissionais que trabalham com Educa\u00e7\u00e3o Infantil e com o Ensino Fundamental &#8211; S\u00e9ries Iniciais, uma vez que estes professores, at\u00e9 o momento, n\u00e3o t\u00eam esse direito respeitado&#8221;, cita a nota.<\/p>\n\n\n\n<p>Por fim, o sindicato informou que uma nova reuni\u00e3o acontecer\u00e1 com o executivo municipal, na pr\u00f3xima quinta-feira, 06 de mar\u00e7o, para que as categorias possam discutir tecnicamente os n\u00fameros apresentados pelo governo municipal.<\/p>\n","protected":false},"excerpt":{"rendered":"<p>Diretoria do sindicato que representa a categoria emitiu nota sobre o assunto Por Blog do Eloilton Cajuhy &#8211; BEC O Sindicato dos Trabalhadores na Educa\u00e7\u00e3o do Munic\u00edpio de Senhor do Bonfim (Sintesb) emitiu uma nota nesta quinta-feira (27), para informar a todos os associados que a contraposta de reajuste salarial de 6,27%, apresentada pelo prefeito [&hellip;]<\/p>\n","protected":false},"author":2,"featured_media":18783,"comment_status":"open","ping_status":"open","sticky":false,"template":"","format":"standard","meta":{"_acf_changed":false,"_monsterinsights_skip_tracking":false,"_monsterinsights_sitenote_active":false,"_monsterinsights_sitenote_note":"","_monsterinsights_sitenote_category":0,"_jetpack_memberships_contains_paid_content":false,"footnotes":"","jetpack_publicize_message":"","jetpack_publicize_feature_enabled":true,"jetpack_social_post_already_shared":true,"jetpack_social_options":{"image_generator_settings":{"template":"highway","default_image_id":0,"font":"","enabled":false},"version":2}},"categories":[4],"tags":[],"class_list":["post-86148","post","type-post","status-publish","format-standard","has-post-thumbnail","hentry","category-local"],"acf":[],"jetpack_publicize_connections":[],"jetpack_featured_media_url":"https:\/\/i0.wp.com\/blogdoeloiltoncajuhy.com.br\/site\/wp-content\/uploads\/2017\/07\/professores-em-atividade-e1500295566872.jpg?fit=560%2C362&ssl=1","jetpack_sharing_enabled":true,"publishpress_future_workflow_manual_trigger":{"enabledWorkflows":[]},"_links":{"self":[{"href":"https:\/\/blogdoeloiltoncajuhy.com.br\/site\/wp-json\/wp\/v2\/posts\/86148","targetHints":{"allow":["GET"]}}],"collection":[{"href":"https:\/\/blogdoeloiltoncajuhy.com.br\/site\/wp-json\/wp\/v2\/posts"}],"about":[{"href":"https:\/\/blogdoeloiltoncajuhy.com.br\/site\/wp-json\/wp\/v2\/types\/post"}],"author":[{"embeddable":true,"href":"https:\/\/blogdoeloiltoncajuhy.com.br\/site\/wp-json\/wp\/v2\/users\/2"}],"replies":[{"embeddable":true,"href":"https:\/\/blogdoeloiltoncajuhy.com.br\/site\/wp-json\/wp\/v2\/comments?post=86148"}],"version-history":[{"count":2,"href":"https:\/\/blogdoeloiltoncajuhy.com.br\/site\/wp-json\/wp\/v2\/posts\/86148\/revisions"}],"predecessor-version":[{"id":86150,"href":"https:\/\/blogdoeloiltoncajuhy.com.br\/site\/wp-json\/wp\/v2\/posts\/86148\/revisions\/86150"}],"wp:featuredmedia":[{"embeddable":true,"href":"https:\/\/blogdoeloiltoncajuhy.com.br\/site\/wp-json\/wp\/v2\/media\/18783"}],"wp:attachment":[{"href":"https:\/\/blogdoeloiltoncajuhy.com.br\/site\/wp-json\/wp\/v2\/media?parent=86148"}],"wp:term":[{"taxonomy":"category","embeddable":true,"href":"https:\/\/blogdoeloiltoncajuhy.com.br\/site\/wp-json\/wp\/v2\/categories?post=86148"},{"taxonomy":"post_tag","embeddable":true,"href":"https:\/\/blogdoeloiltoncajuhy.com.br\/site\/wp-json\/wp\/v2\/tags?post=86148"}],"curies":[{"name":"wp","href":"https:\/\/api.w.org\/{rel}","templated":true}]}}